{"id":6939,"date":"2021-07-12T06:04:58","date_gmt":"2021-07-12T06:04:58","guid":{"rendered":"https:\/\/www.bbc.com\/mundo\/noticias-america-latina-57793145"},"modified":"2021-07-12T06:04:58","modified_gmt":"2021-07-12T06:04:58","slug":"protestas-en-cuba-miles-de-personas-salen-a-las-calles-en-una-inusual-manifestacion-masiva-al-grito-de-abajo-la-dictadura","status":"publish","type":"post","link":"http:\/\/nuevacordoba.net\/index.php\/2021\/07\/12\/protestas-en-cuba-miles-de-personas-salen-a-las-calles-en-una-inusual-manifestacion-masiva-al-grito-de-abajo-la-dictadura\/","title":{"rendered":"Protestas en Cuba: miles de personas salen a las calles en una inusual manifestaci\u00f3n masiva al grito de \u00ababajo la dictadura\u00bb"},"content":{"rendered":"<div dir=\"ltr\" class=\"e1j2237y5 bbc-q4ibpr e57qer20\">\n<div class=\"bbc-1atl7vu e1c9i7u14\">\n<ul role=\"list\" class=\"bbc-cdrraw e1c9i7u12\">\n<li role=\"listitem\" class=\"bbc-1a3w4ok e1c9i7u11\">Lioman Lima <\/li>\n<li role=\"listitem\" class=\"bbc-1p92jtu e1c9i7u10\">BBC News Mundo<\/li>\n<\/ul>\n<\/div>\n<\/div>\n<div dir=\"ltr\" class=\"e1j2237y6 bbc-q4ibpr e57qer20\"><time datetime=\"2021-07-11\" class=\"bbc-14xtggo e4zesg50\">11 julio 2021<\/time><\/p>\n<p><time datetime=\"2021-07-12\" class=\"bbc-14xtggo e4zesg50\">Actualizado 2 horas<\/time><\/p>\n<\/div>\n<div dir=\"ltr\" class=\"bbc-1ka88fa e57qer20\">\n<figure class=\"bbc-1qdcvv9 e6bmn90\">\n<div dir=\"ltr\" class=\"bbc-172p16q e57qer20\">\n<div dir=\"ltr\" class=\"bbc-189y18v e57qer20\">\n<div data-e2e=\"image-placeholder\" class=\"bbc-1k5hvrj e1whu0\"><img srcset=\"http:\/\/nuevacordoba.net\/wp-content\/uploads\/2021\/07\/protestas-en-cuba-miles-de-personas-salen-a-las-calles-en-una-inusual-manifestacion-masiva-al-grito-de-abajo-la-dictadura-9.jpg 240w, http:\/\/nuevacordoba.net\/wp-content\/uploads\/2021\/07\/protestas-en-cuba-miles-de-personas-salen-a-las-calles-en-una-inusual-manifestacion-masiva-al-grito-de-abajo-la-dictadura-10.jpg 320w, http:\/\/nuevacordoba.net\/wp-content\/uploads\/2021\/07\/protestas-en-cuba-miles-de-personas-salen-a-las-calles-en-una-inusual-manifestacion-masiva-al-grito-de-abajo-la-dictadura-11.jpg 480w, http:\/\/nuevacordoba.net\/wp-content\/uploads\/2021\/07\/protestas-en-cuba-miles-de-personas-salen-a-las-calles-en-una-inusual-manifestacion-masiva-al-grito-de-abajo-la-dictadura-12.jpg 624w, http:\/\/nuevacordoba.net\/wp-content\/uploads\/2021\/07\/protestas-en-cuba-miles-de-personas-salen-a-las-calles-en-una-inusual-manifestacion-masiva-al-grito-de-abajo-la-dictadura-13.jpg 800w\" alt=\"cuba\" src=\"http:\/\/nuevacordoba.net\/wp-content\/uploads\/2021\/07\/protestas-en-cuba-miles-de-personas-salen-a-las-calles-en-una-inusual-manifestacion-masiva-al-grito-de-abajo-la-dictadura.jpg\" width=\"976\" class=\"bbc-fat2bc e1enwo3v0\"><\/p>\n<p role=\"text\" class=\"bbc-1s1cxbv etq3yw90\"><span class=\"bbc-1gnhmg2 e1yt7oin0\">Fuente de la imagen, <\/span><span lang=\"en-GB\">AFP<\/span><\/p>\n<\/div>\n<\/div>\n<\/div>\n<\/figure>\n<\/div>\n<div dir=\"ltr\" class=\"bbc-19j92fr e57qer20\" readability=\"11\">\n<p dir=\"ltr\" class=\"bbc-bm53ic e1cc2ql70\"><b>A gritos de \u00ablibertad\u00bb, \u00ababajo la dictadura\u00bb y \u00abpatria y vida\u00bb miles de cubanos se lanzaron a las calles este domingo en m\u00e1s de 20 localidades del pa\u00eds, en la mayor protesta ocurrida en Cuba en los \u00faltimos 60 a\u00f1os. <\/b><\/p>\n<\/div>\n<div dir=\"ltr\" class=\"bbc-19j92fr e57qer20\" readability=\"9\">\n<p dir=\"ltr\" class=\"bbc-bm53ic e1cc2ql70\">Seg\u00fan denuncias y videos difundidos en redes sociales, varias manifestaciones fueron disueltas de forma violenta por la polic\u00eda.<\/p>\n<\/div>\n<div dir=\"ltr\" class=\"bbc-19j92fr e57qer20\" readability=\"9\">\n<p dir=\"ltr\" class=\"bbc-bm53ic e1cc2ql70\">Lo que empez\u00f3 como una manifestaci\u00f3n en la ciudad de San Antonio de los Ba\u00f1os al suroeste de La Habana, se fue extendiendo a lo largo del pa\u00eds. <\/p>\n<\/div>\n<div dir=\"ltr\" class=\"bbc-19j92fr e57qer20\" readability=\"10\">\n<p dir=\"ltr\" class=\"bbc-bm53ic e1cc2ql70\">Horas m\u00e1s tarde, el presidente Miguel D\u00edaz-Canel convoc\u00f3 a los seguidores del gobierno a salir a las calles a \u00abenfrentarlas\u00bb y varios videos publicados en redes sociales y fotograf\u00edas mostraron a militares y agentes de civil golpear a los manifestantes. <\/p>\n<\/div>\n<div dir=\"ltr\" class=\"bbc-19j92fr e57qer20\" readability=\"15\">\n<p dir=\"ltr\" class=\"bbc-bm53ic e1cc2ql70\">\u00abEstamos convocando a todos los revolucionarios del pa\u00eds, a todos los comunistas, a que salgan a las calles y vayan a los lugares donde vayan a ocurrir estas provocaciones, hoy, desde ahora y en todos estos d\u00edas\u00bb, dijo el mandatario en un inusual mensaje que se trasmiti\u00f3 por todas las cadenas de radio y televisi\u00f3n de la isla.<\/p>\n<\/div>\n<div dir=\"ltr\" class=\"bbc-19j92fr e57qer20\" readability=\"12\">\n<p dir=\"ltr\" class=\"bbc-bm53ic e1cc2ql70\">A trav\u00e9s de redes sociales, numerosos cubanos trasmitieron en vivo las marchas que se fueron expandiendo por diversas zonas de la capital del pa\u00eds hasta las provincias orientales de Santiago de Cuba, y desde Pinar del R\u00edo, en el occidente. <\/p>\n<\/div>\n<div dir=\"ltr\" class=\"bbc-19j92fr e57qer20\" readability=\"9\">\n<p dir=\"ltr\" class=\"bbc-bm53ic e1cc2ql70\">En las transmisiones se ve\u00eda a un numeroso grupo de personas gritando consignas contra el gobierno, contra el presidente D\u00edaz-Canel y pidiendo cambios. <\/p>\n<\/div>\n<div dir=\"ltr\" class=\"bbc-19j92fr e57qer20\" readability=\"11\">\n<p dir=\"ltr\" class=\"bbc-bm53ic e1cc2ql70\">Seg\u00fan cont\u00f3 Selvia, una de las manifestantes en San Antonio de los Ba\u00f1os, la protesta inicial fue organizada el s\u00e1bado a trav\u00e9s de las redes sociales para este domingo a las 11:30 AM (hora local).<\/p>\n<\/div>\n<div dir=\"ltr\" class=\"bbc-19j92fr e57qer20\" readability=\"9\">\n<p dir=\"ltr\" class=\"bbc-bm53ic e1cc2ql70\">\u00abNos reunimos frente a la plaza de la iglesia y seguimos toda una marcha por toda la Calle Real y seguimos hasta el gobierno y la polic\u00eda\u00bb, dijo en di\u00e1logo telef\u00f3nico con BBC Mundo. <\/p>\n<\/div>\n<div dir=\"ltr\" class=\"bbc-19j92fr e57qer20\" readability=\"11\">\n<p dir=\"ltr\" class=\"bbc-bm53ic e1cc2ql70\">\u00abEsto es por la libertad del pueblo, ya no aguantamos m\u00e1s. No tenemos miedo. Queremos un cambio, no queremos m\u00e1s dictadura\u00bb, dijo.<\/p>\n<\/div>\n<div dir=\"ltr\" class=\"bbc-19j92fr e57qer20\" readability=\"11\">\n<p dir=\"ltr\" class=\"bbc-bm53ic e1cc2ql70\">Las manifestaciones tienen lugar en el peor momento de la pandemia en el pa\u00eds, con denuncias de centros de salud colapsados y tras meses de escasez de alimentos, medicinas y pr\u00e1cticamente todos los productos de primera necesidad.<\/p>\n<\/div>\n<p><h2 id=\"Qu\u00e9-ha-dicho-el-gobierno\" tabindex=\"-1\" class=\"bbc-l3e97o e14hemmw0\">Qu\u00e9 ha dicho el gobierno<\/h2>\n<\/p>\n<div dir=\"ltr\" class=\"bbc-19j92fr e57qer20\" readability=\"11\">\n<p dir=\"ltr\" class=\"bbc-bm53ic e1cc2ql70\">BBC Mundo contact\u00f3 con el Centro de Prensa Internacional, la \u00fanica instituci\u00f3n del gobierno autorizada a dar declaraciones a medios extranjeros para conocer su posici\u00f3n, pero no tuvo respuesta inmediata. <\/p>\n<\/div>\n<div dir=\"ltr\" class=\"bbc-19j92fr e57qer20\" readability=\"8\">\n<p dir=\"ltr\" class=\"bbc-bm53ic e1cc2ql70\">En la transmisi\u00f3n televisada D\u00edaz-Canel dijo que en su gobierno estaban \u00abdispuestos a todo y estaremos en la calle combatiendo\u00bb.<\/p>\n<\/div>\n<div dir=\"ltr\" class=\"bbc-19j92fr e57qer20\" readability=\"8\">\n<p dir=\"ltr\" class=\"bbc-bm53ic e1cc2ql70\">\u00abLa orden de combate est\u00e1 dada: a la calle los revolucionarios\u00bb, afirm\u00f3. <\/p>\n<\/div>\n<div dir=\"ltr\" class=\"bbc-19j92fr e57qer20\" readability=\"11\">\n<p dir=\"ltr\" class=\"bbc-bm53ic e1cc2ql70\">\u00abSabemos que en estos momentos hay masa revolucionaria en las calles haciendo frente a esto\u00bb, dijo el mandatario, quien fue designado para el cargo en 2018 luego de que Ra\u00fal Castro anunciara que no continuar\u00eda en el poder. <\/p>\n<\/div>\n<div dir=\"ltr\" class=\"bbc-1ka88fa e57qer20\">\n<figure class=\"bbc-1qdcvv9 e6bmn90\">\n<div dir=\"ltr\" class=\"bbc-172p16q e57qer20\">\n<div dir=\"ltr\" class=\"bbc-189y18v e57qer20\">\n<div data-e2e=\"image-placeholder\" class=\"bbc-1k5hvrj e1whu0\"><noscript><img srcset=\"http:\/\/nuevacordoba.net\/wp-content\/uploads\/2021\/07\/protestas-en-cuba-miles-de-personas-salen-a-las-calles-en-una-inusual-manifestacion-masiva-al-grito-de-abajo-la-dictadura-14.jpg 240w, http:\/\/nuevacordoba.net\/wp-content\/uploads\/2021\/07\/protestas-en-cuba-miles-de-personas-salen-a-las-calles-en-una-inusual-manifestacion-masiva-al-grito-de-abajo-la-dictadura-15.jpg 320w, http:\/\/nuevacordoba.net\/wp-content\/uploads\/2021\/07\/protestas-en-cuba-miles-de-personas-salen-a-las-calles-en-una-inusual-manifestacion-masiva-al-grito-de-abajo-la-dictadura-16.jpg 480w, http:\/\/nuevacordoba.net\/wp-content\/uploads\/2021\/07\/protestas-en-cuba-miles-de-personas-salen-a-las-calles-en-una-inusual-manifestacion-masiva-al-grito-de-abajo-la-dictadura-17.jpg 624w, http:\/\/nuevacordoba.net\/wp-content\/uploads\/2021\/07\/protestas-en-cuba-miles-de-personas-salen-a-las-calles-en-una-inusual-manifestacion-masiva-al-grito-de-abajo-la-dictadura-18.jpg 800w\" alt=\"cuba\" src=\"http:\/\/nuevacordoba.net\/wp-content\/uploads\/2021\/07\/protestas-en-cuba-miles-de-personas-salen-a-las-calles-en-una-inusual-manifestacion-masiva-al-grito-de-abajo-la-dictadura-1.jpg\" width=\"976\" class=\"bbc-fat2bc e1enwo3v0\"><\/noscript><\/p>\n<p role=\"text\" class=\"bbc-1s1cxbv etq3yw90\"><span class=\"bbc-1gnhmg2 e1yt7oin0\">Fuente de la imagen, <\/span><span lang=\"en-GB\">AFP<\/span><\/p>\n<\/div>\n<\/div>\n<\/div>\n<\/figure>\n<\/div>\n<div dir=\"ltr\" class=\"bbc-19j92fr e57qer20\" readability=\"15\">\n<p dir=\"ltr\" class=\"bbc-bm53ic e1cc2ql70\">\u00abNo vamos a admitir que ning\u00fan contrarrevolucionario, ning\u00fan mercenario, ning\u00fan vendido al gobierno de EE.UU., vendido al imperio, recibiendo dinero de las agencias, dej\u00e1ndose llevar por todas estrategias de subversi\u00f3n ideol\u00f3gica van a crear desestabilizaci\u00f3n en nuestro pa\u00eds\u00bb, agreg\u00f3. <\/p>\n<\/div>\n<div dir=\"ltr\" class=\"bbc-19j92fr e57qer20\" readability=\"8\">\n<p dir=\"ltr\" class=\"bbc-bm53ic e1cc2ql70\">El gobierno cubano generalmente acusa a sus opositores de ser mercenarios o agentes al servicio de Estados Unidos. <\/p>\n<\/div>\n<div dir=\"ltr\" class=\"bbc-19j92fr e57qer20\" readability=\"12\">\n<p dir=\"ltr\" class=\"bbc-bm53ic e1cc2ql70\">\u00abHabr\u00e1 una respuesta revolucionaria\u00bb, dijo D\u00edaz-Canel, a la vez que pidi\u00f3 a los \u00abcomunistas\u00bb, enfrentar las protestas con \u00abdecisi\u00f3n, firmeza y valent\u00eda\u00bb. <\/p>\n<\/div>\n<div dir=\"ltr\" class=\"bbc-19j92fr e57qer20\" readability=\"7\">\n<p dir=\"ltr\" class=\"bbc-bm53ic e1cc2ql70\">Tras la convocatoria del mandatario se reportaron contra-manifestaciones en algunas provincias.<\/p>\n<\/div>\n<div dir=\"ltr\" class=\"bbc-19j92fr e57qer20\" readability=\"9\">\n<p dir=\"ltr\" class=\"bbc-bm53ic e1cc2ql70\">El llamado a sus seguidores a salir a la calle provoc\u00f3 cuestionamientos entre opositores y en las redes sociales, quienes le se\u00f1alaron de estar \u00abllamando a una guerra civil\u00bb.<\/p>\n<\/div>\n<div dir=\"ltr\" class=\"bbc-19j92fr e57qer20\" readability=\"12\">\n<p dir=\"ltr\" class=\"bbc-bm53ic e1cc2ql70\">\u00abQu\u00e9 irresponsabilidad&#8230; esto es el llamado a una guerra civil: \u00b4La orden de combate est\u00e1 dada, a la calle los revolucionarios\u00b4, amenaza Miguel D\u00edaz-Canel\u00bb, escribi\u00f3 en Twitter la reconocida opositora Yoani S\u00e1nchez. <\/p>\n<\/div>\n<div dir=\"ltr\" class=\"bbc-1ka88fa e57qer20\">\n<figure class=\"bbc-1qdcvv9 e6bmn90\">\n<div dir=\"ltr\" class=\"bbc-172p16q e57qer20\">\n<div dir=\"ltr\" class=\"bbc-189y18v e57qer20\">\n<div data-e2e=\"image-placeholder\" class=\"bbc-1k5hvrj e1whu0\"><noscript><img srcset=\"http:\/\/nuevacordoba.net\/wp-content\/uploads\/2021\/07\/protestas-en-cuba-miles-de-personas-salen-a-las-calles-en-una-inusual-manifestacion-masiva-al-grito-de-abajo-la-dictadura-19.jpg 240w, http:\/\/nuevacordoba.net\/wp-content\/uploads\/2021\/07\/protestas-en-cuba-miles-de-personas-salen-a-las-calles-en-una-inusual-manifestacion-masiva-al-grito-de-abajo-la-dictadura-20.jpg 320w, http:\/\/nuevacordoba.net\/wp-content\/uploads\/2021\/07\/protestas-en-cuba-miles-de-personas-salen-a-las-calles-en-una-inusual-manifestacion-masiva-al-grito-de-abajo-la-dictadura-21.jpg 480w, http:\/\/nuevacordoba.net\/wp-content\/uploads\/2021\/07\/protestas-en-cuba-miles-de-personas-salen-a-las-calles-en-una-inusual-manifestacion-masiva-al-grito-de-abajo-la-dictadura-22.jpg 624w, http:\/\/nuevacordoba.net\/wp-content\/uploads\/2021\/07\/protestas-en-cuba-miles-de-personas-salen-a-las-calles-en-una-inusual-manifestacion-masiva-al-grito-de-abajo-la-dictadura-23.jpg 800w\" alt=\"herido\" src=\"http:\/\/nuevacordoba.net\/wp-content\/uploads\/2021\/07\/protestas-en-cuba-miles-de-personas-salen-a-las-calles-en-una-inusual-manifestacion-masiva-al-grito-de-abajo-la-dictadura-2.jpg\" width=\"976\" class=\"bbc-fat2bc e1enwo3v0\"><\/noscript><\/p>\n<p role=\"text\" class=\"bbc-1s1cxbv etq3yw90\"><span class=\"bbc-1gnhmg2 e1yt7oin0\">Fuente de la imagen, <\/span><span lang=\"en-GB\">AFP<\/span><\/p>\n<\/div>\n<\/div>\n<div dir=\"ltr\" class=\"bbc-3edg7g e57qer20\" readability=\"6\"><figcaption dir=\"ltr\" class=\"bbc-1t9zlwf eede9f50\" readability=\"2\"><span class=\"bbc-1gnhmg2 e1yt7oin0\">Pie de foto, <\/span><\/p>\n<p>Un fotorreportero de la agencia AP estuvo entre los heridos por polic\u00eda.<\/p>\n<\/figcaption><\/div>\n<\/div>\n<\/figure>\n<\/div>\n<div dir=\"ltr\" class=\"bbc-19j92fr e57qer20\" readability=\"10\">\n<p dir=\"ltr\" class=\"bbc-bm53ic e1cc2ql70\">Julie Chung, subsecretaria interina de la Oficina de Asuntos del Hemisferio Occidental del Departamento de Estado de EE.UU. dijo que su gobierno estaba \u00abmuy preocupado por los \u00b4llamados a combatir\u00b4 en Cuba\u00bb.<\/p>\n<\/div>\n<div dir=\"ltr\" class=\"bbc-19j92fr e57qer20\" readability=\"9\">\n<p dir=\"ltr\" class=\"bbc-bm53ic e1cc2ql70\">\u00abApoyamos el derecho a las protestas pac\u00edficas del pueblo de Cuba. Llamamos a la calma y condenamos cualquier violencia\u00bb, dijo en Twitter. <\/p>\n<\/div>\n<div dir=\"ltr\" class=\"bbc-19j92fr e57qer20\" readability=\"8\">\n<p dir=\"ltr\" class=\"bbc-bm53ic e1cc2ql70\">El mandatario cubano asegur\u00f3 que Cuba \u00abha logrado controlar\u00bb la pandemia durante m\u00e1s de un a\u00f1o y desarrollar cinco candidatos vacunales. <\/p>\n<\/div>\n<div dir=\"ltr\" class=\"bbc-19j92fr e57qer20\" readability=\"10\">\n<p dir=\"ltr\" class=\"bbc-bm53ic e1cc2ql70\">El pa\u00eds, que mantuvo bajos niveles de casos de covid-19 reportados desde el inicio de la pandemia, ha sostenido r\u00e9cords de contagios y muertes en la \u00faltima semana.<\/p>\n<\/div>\n<p><h2 id=\"Las-protestas\" tabindex=\"-1\" class=\"bbc-l3e97o e14hemmw0\">Las protestas<\/h2>\n<\/p>\n<div dir=\"ltr\" class=\"bbc-19j92fr e57qer20\" readability=\"9\">\n<p dir=\"ltr\" class=\"bbc-bm53ic e1cc2ql70\">Seg\u00fan el sitio de investigaci\u00f3n independiente cubano Inventario, se reportaron protestas en m\u00e1s de 20 pueblos y ciudades de toda la isla. <\/p>\n<\/div>\n<div dir=\"ltr\" class=\"bbc-1ka88fa e57qer20\">\n<figure class=\"bbc-1qdcvv9 e6bmn90\">\n<div dir=\"ltr\" class=\"bbc-172p16q e57qer20\">\n<div dir=\"ltr\" class=\"bbc-189y18v e57qer20\" readability=\"6.5\">\n<div data-e2e=\"image-placeholder\" class=\"bbc-2z74hc e1whu0\" readability=\"8\"><noscript><img srcset=\"http:\/\/nuevacordoba.net\/wp-content\/uploads\/2021\/07\/protestas-en-cuba-miles-de-personas-salen-a-las-calles-en-una-inusual-manifestacion-masiva-al-grito-de-abajo-la-dictadura-24.jpg 240w, http:\/\/nuevacordoba.net\/wp-content\/uploads\/2021\/07\/protestas-en-cuba-miles-de-personas-salen-a-las-calles-en-una-inusual-manifestacion-masiva-al-grito-de-abajo-la-dictadura-25.jpg 320w, http:\/\/nuevacordoba.net\/wp-content\/uploads\/2021\/07\/protestas-en-cuba-miles-de-personas-salen-a-las-calles-en-una-inusual-manifestacion-masiva-al-grito-de-abajo-la-dictadura-26.jpg 480w, http:\/\/nuevacordoba.net\/wp-content\/uploads\/2021\/07\/protestas-en-cuba-miles-de-personas-salen-a-las-calles-en-una-inusual-manifestacion-masiva-al-grito-de-abajo-la-dictadura-27.jpg 624w, http:\/\/nuevacordoba.net\/wp-content\/uploads\/2021\/07\/protestas-en-cuba-miles-de-personas-salen-a-las-calles-en-una-inusual-manifestacion-masiva-al-grito-de-abajo-la-dictadura-28.jpg 800w\" alt=\"protestas\" src=\"http:\/\/nuevacordoba.net\/wp-content\/uploads\/2021\/07\/protestas-en-cuba-miles-de-personas-salen-a-las-calles-en-una-inusual-manifestacion-masiva-al-grito-de-abajo-la-dictadura-3.jpg\" width=\"962\" class=\"bbc-fat2bc e1enwo3v0\"><\/noscript><\/p>\n<p role=\"text\" class=\"bbc-1s1cxbv etq3yw90\"><span class=\"bbc-1gnhmg2 e1yt7oin0\">Fuente de la imagen, <\/span><span lang=\"en-GB\">@inventario<\/span><\/p>\n<\/div>\n<\/div>\n<div dir=\"ltr\" class=\"bbc-3edg7g e57qer20\" readability=\"6\"><figcaption dir=\"ltr\" class=\"bbc-1t9zlwf eede9f50\" readability=\"2\"><span class=\"bbc-1gnhmg2 e1yt7oin0\">Pie de foto, <\/span><\/p>\n<p>Los lugares donde se han registrado protestas seg\u00fan el sitio de investigaci\u00f3n @inventario.<\/p>\n<\/figcaption><\/div>\n<\/div>\n<\/figure>\n<\/div>\n<div dir=\"ltr\" class=\"bbc-19j92fr e57qer20\" readability=\"10\">\n<p dir=\"ltr\" class=\"bbc-bm53ic e1cc2ql70\">En La Habana, la capital del pa\u00eds, los manifestantes tomaron algunas de las principales avenidas a la vez que se enfrentaban o eran reprimidos por la polic\u00eda. <\/p>\n<\/div>\n<div dir=\"ltr\" class=\"bbc-19j92fr e57qer20\" readability=\"10\">\n<p dir=\"ltr\" class=\"bbc-bm53ic e1cc2ql70\">\u00abHay mucha gente por Galeano y por Malec\u00f3n. Han parado el tr\u00e1fico y todo\u00bb, cont\u00f3 v\u00eda telef\u00f3nica a BBC Mundo Mairelis, desde Centro Habana. <\/p>\n<\/div>\n<div dir=\"ltr\" class=\"bbc-19j92fr e57qer20\" readability=\"11\">\n<p dir=\"ltr\" class=\"bbc-bm53ic e1cc2ql70\">Alejandro, uno de los que particip\u00f3 en la protesta en Pinar del R\u00edo, cont\u00f3 a BBC Mundo que decenas de personas se ubicaron frente a uno de los parques de la ciudad y luego marcharon por una calle principal. <\/p>\n<\/div>\n<div dir=\"ltr\" class=\"bbc-19j92fr e57qer20\" readability=\"10\">\n<p dir=\"ltr\" class=\"bbc-bm53ic e1cc2ql70\">\u00abVimos la protesta en San Antonio y la gente empez\u00f3 a salir. Este es el d\u00eda, ya no aguantamos m\u00e1s\u00bb, dijo el joven v\u00eda telef\u00f3nica. <\/p>\n<\/div>\n<div dir=\"ltr\" class=\"bbc-19j92fr e57qer20\" readability=\"10\">\n<p dir=\"ltr\" class=\"bbc-bm53ic e1cc2ql70\">\u00abNo hay comida, no hay medicinas, no hay libertad. No nos dejan vivir. Ya nos cansamos\u00bb, agreg\u00f3. <\/p>\n<\/div>\n<div dir=\"ltr\" class=\"bbc-1ka88fa e57qer20\">\n<figure class=\"bbc-1qdcvv9 e6bmn90\">\n<div dir=\"ltr\" class=\"bbc-172p16q e57qer20\">\n<div dir=\"ltr\" class=\"bbc-189y18v e57qer20\">\n<div data-e2e=\"image-placeholder\" class=\"bbc-1k5hvrj e1whu0\"><noscript><img srcset=\"http:\/\/nuevacordoba.net\/wp-content\/uploads\/2021\/07\/protestas-en-cuba-miles-de-personas-salen-a-las-calles-en-una-inusual-manifestacion-masiva-al-grito-de-abajo-la-dictadura-29.jpg 240w, http:\/\/nuevacordoba.net\/wp-content\/uploads\/2021\/07\/protestas-en-cuba-miles-de-personas-salen-a-las-calles-en-una-inusual-manifestacion-masiva-al-grito-de-abajo-la-dictadura-30.jpg 320w, http:\/\/nuevacordoba.net\/wp-content\/uploads\/2021\/07\/protestas-en-cuba-miles-de-personas-salen-a-las-calles-en-una-inusual-manifestacion-masiva-al-grito-de-abajo-la-dictadura-31.jpg 480w, http:\/\/nuevacordoba.net\/wp-content\/uploads\/2021\/07\/protestas-en-cuba-miles-de-personas-salen-a-las-calles-en-una-inusual-manifestacion-masiva-al-grito-de-abajo-la-dictadura-32.jpg 624w, http:\/\/nuevacordoba.net\/wp-content\/uploads\/2021\/07\/protestas-en-cuba-miles-de-personas-salen-a-las-calles-en-una-inusual-manifestacion-masiva-al-grito-de-abajo-la-dictadura-33.jpg 800w\" alt=\"cuba\" src=\"http:\/\/nuevacordoba.net\/wp-content\/uploads\/2021\/07\/protestas-en-cuba-miles-de-personas-salen-a-las-calles-en-una-inusual-manifestacion-masiva-al-grito-de-abajo-la-dictadura-4.jpg\" width=\"976\" class=\"bbc-fat2bc e1enwo3v0\"><\/noscript><\/p>\n<p role=\"text\" class=\"bbc-1s1cxbv etq3yw90\"><span class=\"bbc-1gnhmg2 e1yt7oin0\">Fuente de la imagen, <\/span><span lang=\"en-GB\">AFP<\/span><\/p>\n<\/div>\n<\/div>\n<div dir=\"ltr\" class=\"bbc-3edg7g e57qer20\" readability=\"6\"><figcaption dir=\"ltr\" class=\"bbc-1t9zlwf eede9f50\" readability=\"2\"><span class=\"bbc-1gnhmg2 e1yt7oin0\">Pie de foto, <\/span><\/p>\n<p>Polic\u00edas y agentes de civil reprimieron a manifestantes.<\/p>\n<\/figcaption><\/div>\n<\/div>\n<\/figure>\n<\/div>\n<div dir=\"ltr\" class=\"bbc-19j92fr e57qer20\" readability=\"9\">\n<p dir=\"ltr\" class=\"bbc-bm53ic e1cc2ql70\">Tres personas que participaron en la protesta en Pinar del R\u00edo, La Habana y San Antonio aseguraron a BBC Mundo que las manifestaciones habr\u00edan sido reprimidas por la polic\u00eda. <\/p>\n<\/div>\n<div dir=\"ltr\" class=\"bbc-19j92fr e57qer20\" readability=\"12\">\n<p dir=\"ltr\" class=\"bbc-bm53ic e1cc2ql70\">\u00abMandaron a las tropas especiales, estaban dando palo duro en Galeano (una c\u00e9ntrica calle de La Habana)\u00bb, cont\u00f3 Carlos Alberto, otro manifestante desde La Habana que asegura se retir\u00f3 luego que se reprimiera la manifestaci\u00f3n. <\/p>\n<\/div>\n<div dir=\"ltr\" class=\"bbc-1ka88fa e57qer20\">\n<figure class=\"bbc-1qdcvv9 e6bmn90\">\n<div dir=\"ltr\" class=\"bbc-172p16q e57qer20\">\n<div dir=\"ltr\" class=\"bbc-189y18v e57qer20\">\n<div data-e2e=\"image-placeholder\" class=\"bbc-1k5hvrj e1whu0\"><noscript><img srcset=\"http:\/\/nuevacordoba.net\/wp-content\/uploads\/2021\/07\/protestas-en-cuba-miles-de-personas-salen-a-las-calles-en-una-inusual-manifestacion-masiva-al-grito-de-abajo-la-dictadura-34.jpg 240w, http:\/\/nuevacordoba.net\/wp-content\/uploads\/2021\/07\/protestas-en-cuba-miles-de-personas-salen-a-las-calles-en-una-inusual-manifestacion-masiva-al-grito-de-abajo-la-dictadura-35.jpg 320w, http:\/\/nuevacordoba.net\/wp-content\/uploads\/2021\/07\/protestas-en-cuba-miles-de-personas-salen-a-las-calles-en-una-inusual-manifestacion-masiva-al-grito-de-abajo-la-dictadura-36.jpg 480w, http:\/\/nuevacordoba.net\/wp-content\/uploads\/2021\/07\/protestas-en-cuba-miles-de-personas-salen-a-las-calles-en-una-inusual-manifestacion-masiva-al-grito-de-abajo-la-dictadura-37.jpg 624w, http:\/\/nuevacordoba.net\/wp-content\/uploads\/2021\/07\/protestas-en-cuba-miles-de-personas-salen-a-las-calles-en-una-inusual-manifestacion-masiva-al-grito-de-abajo-la-dictadura-38.jpg 800w\" alt=\"cuba\" src=\"http:\/\/nuevacordoba.net\/wp-content\/uploads\/2021\/07\/protestas-en-cuba-miles-de-personas-salen-a-las-calles-en-una-inusual-manifestacion-masiva-al-grito-de-abajo-la-dictadura-5.jpg\" width=\"976\" class=\"bbc-fat2bc e1enwo3v0\"><\/noscript><\/p>\n<p role=\"text\" class=\"bbc-1s1cxbv etq3yw90\"><span class=\"bbc-1gnhmg2 e1yt7oin0\">Fuente de la imagen, <\/span><span lang=\"en-GB\">AFP<\/span><\/p>\n<\/div>\n<\/div>\n<\/div>\n<\/figure>\n<\/div>\n<div dir=\"ltr\" class=\"bbc-19j92fr e57qer20\" readability=\"9\">\n<p dir=\"ltr\" class=\"bbc-bm53ic e1cc2ql70\">Varios videos y fotos publicados en redes sociales tambi\u00e9n muestran lo que parecen ser agentes de tropas especializadas deteniendo a varios manifestantes y polic\u00edas golpeando o disparando contra algunos. <\/p>\n<\/div>\n<div dir=\"ltr\" class=\"bbc-19j92fr e57qer20\" readability=\"12\">\n<p dir=\"ltr\" class=\"bbc-bm53ic e1cc2ql70\">En otras transmisiones en redes sociales se ve a un numeroso grupo de personas volcar carros de la polic\u00eda, romper vidrieras o saquear algunas de las llamadas tiendas por moneda convertible (divisas extranjeras), que se han vuelto la \u00fanica forma para muchos cubanos de acceder a productos de primera necesidad. <\/p>\n<\/div>\n<div dir=\"ltr\" class=\"bbc-1ka88fa e57qer20\">\n<figure class=\"bbc-1qdcvv9 e6bmn90\">\n<div dir=\"ltr\" class=\"bbc-172p16q e57qer20\">\n<div dir=\"ltr\" class=\"bbc-189y18v e57qer20\" readability=\"6.5\">\n<div data-e2e=\"image-placeholder\" class=\"bbc-1k5hvrj e1whu0\" readability=\"8\"><noscript><img srcset=\"http:\/\/nuevacordoba.net\/wp-content\/uploads\/2021\/07\/protestas-en-cuba-miles-de-personas-salen-a-las-calles-en-una-inusual-manifestacion-masiva-al-grito-de-abajo-la-dictadura-39.jpg 240w, http:\/\/nuevacordoba.net\/wp-content\/uploads\/2021\/07\/protestas-en-cuba-miles-de-personas-salen-a-las-calles-en-una-inusual-manifestacion-masiva-al-grito-de-abajo-la-dictadura-40.jpg 320w, http:\/\/nuevacordoba.net\/wp-content\/uploads\/2021\/07\/protestas-en-cuba-miles-de-personas-salen-a-las-calles-en-una-inusual-manifestacion-masiva-al-grito-de-abajo-la-dictadura-41.jpg 480w, http:\/\/nuevacordoba.net\/wp-content\/uploads\/2021\/07\/protestas-en-cuba-miles-de-personas-salen-a-las-calles-en-una-inusual-manifestacion-masiva-al-grito-de-abajo-la-dictadura-42.jpg 624w, http:\/\/nuevacordoba.net\/wp-content\/uploads\/2021\/07\/protestas-en-cuba-miles-de-personas-salen-a-las-calles-en-una-inusual-manifestacion-masiva-al-grito-de-abajo-la-dictadura-43.jpg 800w\" alt=\"Cuba\" src=\"http:\/\/nuevacordoba.net\/wp-content\/uploads\/2021\/07\/protestas-en-cuba-miles-de-personas-salen-a-las-calles-en-una-inusual-manifestacion-masiva-al-grito-de-abajo-la-dictadura-6.jpg\" width=\"976\" class=\"bbc-fat2bc e1enwo3v0\"><\/noscript><\/p>\n<p role=\"text\" class=\"bbc-1s1cxbv etq3yw90\"><span class=\"bbc-1gnhmg2 e1yt7oin0\">Fuente de la imagen, <\/span><span lang=\"en-GB\">Facebook\/Yoan de la Cruz<\/span><\/p>\n<\/div>\n<\/div>\n<div dir=\"ltr\" class=\"bbc-3edg7g e57qer20\" readability=\"6\"><figcaption dir=\"ltr\" class=\"bbc-1t9zlwf eede9f50\" readability=\"2\"><span class=\"bbc-1gnhmg2 e1yt7oin0\">Pie de foto, <\/span><\/p>\n<p>La protesta es una de las mayores ocurridas en Cuba en los \u00faltimos 60 a\u00f1os.<\/p>\n<\/figcaption><\/div>\n<\/div>\n<\/figure>\n<\/div>\n<div dir=\"ltr\" class=\"bbc-19j92fr e57qer20\" readability=\"8\">\n<p dir=\"ltr\" class=\"bbc-bm53ic e1cc2ql70\">Tambi\u00e9n hay reportes de que ha habido cortes intermitentes de internet en diversos lugares del pa\u00eds. <\/p>\n<\/div>\n<div dir=\"ltr\" class=\"bbc-19j92fr e57qer20\" readability=\"8\">\n<p dir=\"ltr\" class=\"bbc-bm53ic e1cc2ql70\">\u00abNos est\u00e1n quitando la conexi\u00f3n. No podemos ni hacer llamadas nacionales\u00bb, dijo Selvia.<\/p>\n<\/div>\n<div dir=\"ltr\" class=\"bbc-19j92fr e57qer20\" readability=\"10\">\n<p dir=\"ltr\" class=\"bbc-bm53ic e1cc2ql70\">Cubanos residentes en otros pa\u00edses salieron tambi\u00e9n a las calles en apoyo a sus compatriotas y re reportaron manifestaciones en Miami, Nueva York, Madrid y ciudades de M\u00e9xico. <\/p>\n<\/div>\n<div dir=\"ltr\" class=\"bbc-1ka88fa e57qer20\">\n<figure class=\"bbc-1qdcvv9 e6bmn90\">\n<div dir=\"ltr\" class=\"bbc-172p16q e57qer20\">\n<div dir=\"ltr\" class=\"bbc-189y18v e57qer20\">\n<div data-e2e=\"image-placeholder\" class=\"bbc-1k5hvrj e1whu0\"><noscript><img srcset=\"http:\/\/nuevacordoba.net\/wp-content\/uploads\/2021\/07\/protestas-en-cuba-miles-de-personas-salen-a-las-calles-en-una-inusual-manifestacion-masiva-al-grito-de-abajo-la-dictadura-44.jpg 240w, http:\/\/nuevacordoba.net\/wp-content\/uploads\/2021\/07\/protestas-en-cuba-miles-de-personas-salen-a-las-calles-en-una-inusual-manifestacion-masiva-al-grito-de-abajo-la-dictadura-45.jpg 320w, http:\/\/nuevacordoba.net\/wp-content\/uploads\/2021\/07\/protestas-en-cuba-miles-de-personas-salen-a-las-calles-en-una-inusual-manifestacion-masiva-al-grito-de-abajo-la-dictadura-46.jpg 480w, http:\/\/nuevacordoba.net\/wp-content\/uploads\/2021\/07\/protestas-en-cuba-miles-de-personas-salen-a-las-calles-en-una-inusual-manifestacion-masiva-al-grito-de-abajo-la-dictadura-47.jpg 624w, http:\/\/nuevacordoba.net\/wp-content\/uploads\/2021\/07\/protestas-en-cuba-miles-de-personas-salen-a-las-calles-en-una-inusual-manifestacion-masiva-al-grito-de-abajo-la-dictadura-48.jpg 800w\" alt=\"Cuba\" src=\"http:\/\/nuevacordoba.net\/wp-content\/uploads\/2021\/07\/protestas-en-cuba-miles-de-personas-salen-a-las-calles-en-una-inusual-manifestacion-masiva-al-grito-de-abajo-la-dictadura-7.jpg\" width=\"976\" class=\"bbc-fat2bc e1enwo3v0\"><\/noscript><\/p>\n<p role=\"text\" class=\"bbc-1s1cxbv etq3yw90\"><span class=\"bbc-1gnhmg2 e1yt7oin0\">Fuente de la imagen, <\/span><span lang=\"en-GB\">AFP<\/span><\/p>\n<\/div>\n<\/div>\n<\/div>\n<\/figure>\n<\/div>\n<p><h2 id=\"Contexto\" tabindex=\"-1\" class=\"bbc-l3e97o e14hemmw0\">Contexto<\/h2>\n<\/p>\n<div dir=\"ltr\" class=\"bbc-19j92fr e57qer20\" readability=\"10\">\n<p dir=\"ltr\" class=\"bbc-bm53ic e1cc2ql70\">Las protestas de este domingo en la isla parecen ser el resultado de un hartazgo acumulado de la poblaci\u00f3n contra un gobierno que ha durado m\u00e1s de 62 a\u00f1os y que se ha acrecentado en los \u00faltimos meses tras una las mayores crisis econ\u00f3micas y de salud que ha vivido la isla desde el llamado \u00abperiodo especial\u00bb (la crisis a inicios de los 90 tras el desplome de la Uni\u00f3n Sovi\u00e9tica). <\/p>\n<\/div>\n<div dir=\"ltr\" class=\"bbc-19j92fr e57qer20\" readability=\"9\">\n<p dir=\"ltr\" class=\"bbc-bm53ic e1cc2ql70\">El detonante de la actual situaci\u00f3n parece ser de hecho una mezcla de la gravedad de la situaci\u00f3n con el coronavirus y medidas econ\u00f3micas tomadas por el gobierno que han hecho cada vez m\u00e1s dif\u00edcil la vida en Cuba. <\/p>\n<\/div>\n<div dir=\"ltr\" class=\"bbc-19j92fr e57qer20\" readability=\"9\">\n<p dir=\"ltr\" class=\"bbc-bm53ic e1cc2ql70\">Las protestas tienen lugar luego de que los cubanos usaran las redes sociales para denunciar la crisis del sistema sanitario para pedir ayuda internacional y una \u00abintervenci\u00f3n humanitaria\u00bb ante la cr\u00edtica situaci\u00f3n con el coronavirus en la isla.<\/p>\n<\/div>\n<div dir=\"ltr\" class=\"bbc-19j92fr e57qer20\" readability=\"8\">\n<p dir=\"ltr\" class=\"bbc-bm53ic e1cc2ql70\">BBC Mundo convers\u00f3 en d\u00edas anteriores con varios cubanos que aseguran que sus familiares murieron en sus casas sin recibir cuidados m\u00e9dicos o en los hospitales por carencias de medicamentos. <\/p>\n<\/div>\n<div dir=\"ltr\" class=\"bbc-19j92fr e57qer20\" readability=\"14\">\n<p dir=\"ltr\" class=\"bbc-bm53ic e1cc2ql70\">Con el turismo pr\u00e1cticamente paralizado, el coronavirus ha tenido un profundo impacto en la vida econ\u00f3mica y social de la isla, a lo que se ha unido la emergencia de una creciente inflaci\u00f3n, apagones, escasez de comida, medicamentos y productos b\u00e1sicos. <\/p>\n<\/div>\n<div dir=\"ltr\" class=\"bbc-19j92fr e57qer20\" readability=\"9\">\n<p dir=\"ltr\" class=\"bbc-bm53ic e1cc2ql70\">El gobierno cubano atribuye la situaci\u00f3n al embargo de EE.UU. y ha cuestionado el movimiento en torno a #SOSCuba y #SOSMatanzas como una \u00abcampa\u00f1a medi\u00e1tica\u00bb para \u00absacar provecho\u00bb en una situaci\u00f3n de crisis de salud. <\/p>\n<\/div>\n<div dir=\"ltr\" class=\"bbc-19j92fr e57qer20\" readability=\"8\">\n<p dir=\"ltr\" class=\"bbc-bm53ic e1cc2ql70\">Las redes sociales han servido en los \u00faltimos tiempos para que los cubanos expresen su malestar contra el gobierno. <\/p>\n<\/div>\n<div dir=\"ltr\" class=\"bbc-19j92fr e57qer20\" readability=\"9\">\n<p dir=\"ltr\" class=\"bbc-bm53ic e1cc2ql70\">Las protestas en Cuba son muy inusuales y, cuando ocurren, son reprimidas.<\/p>\n<\/div>\n<div dir=\"ltr\" class=\"bbc-19j92fr e57qer20\" readability=\"11\">\n<p dir=\"ltr\" class=\"bbc-bm53ic e1cc2ql70\">Antes de la de este domingo, la mayor manifestaci\u00f3n que ocurri\u00f3 en Cuba desde 1959 tuvo lugar en 1994 frente al Malec\u00f3n de La Habana, pero se limit\u00f3 a la capital y solo participaron algunos cientos de personas. <\/p>\n<\/div>\n<div dir=\"ltr\" class=\"bbc-1ka88fa e57qer20\">\n<figure class=\"bbc-1qdcvv9 e6bmn90\">\n<div dir=\"ltr\" class=\"bbc-172p16q e57qer20\">\n<div dir=\"ltr\" class=\"bbc-189y18v e57qer20\">\n<div data-e2e=\"image-placeholder\" class=\"bbc-367mqz e1whu0\"><noscript><img srcset=\"http:\/\/nuevacordoba.net\/wp-content\/uploads\/2021\/07\/protestas-en-cuba-miles-de-personas-salen-a-las-calles-en-una-inusual-manifestacion-masiva-al-grito-de-abajo-la-dictadura-49.jpg 240w, http:\/\/nuevacordoba.net\/wp-content\/uploads\/2021\/07\/protestas-en-cuba-miles-de-personas-salen-a-las-calles-en-una-inusual-manifestacion-masiva-al-grito-de-abajo-la-dictadura-50.jpg 320w, http:\/\/nuevacordoba.net\/wp-content\/uploads\/2021\/07\/protestas-en-cuba-miles-de-personas-salen-a-las-calles-en-una-inusual-manifestacion-masiva-al-grito-de-abajo-la-dictadura-51.jpg 464w\" alt=\"L\u00ednea\" src=\"http:\/\/nuevacordoba.net\/wp-content\/uploads\/2021\/07\/protestas-en-cuba-miles-de-personas-salen-a-las-calles-en-una-inusual-manifestacion-masiva-al-grito-de-abajo-la-dictadura-8.jpg\" width=\"464\" class=\"bbc-fat2bc e1enwo3v0\"><\/noscript><\/div>\n<\/div>\n<\/div>\n<\/figure>\n<\/div>\n<div dir=\"ltr\" class=\"bbc-19j92fr e57qer20\" readability=\"8\">\n<p dir=\"ltr\" class=\"bbc-bm53ic e1cc2ql70\">Ahora puedes recibir notificaciones de BBC Mundo. Descarga nuestra app y act\u00edvalas para no perderte nuestro mejor contenido.<\/p>\n<\/div>\n","protected":false},"excerpt":{"rendered":"<p>Lioman Lima BBC News Mundo 11 julio 2021 Actualizado 2 horas Fuente de la imagen, AFP A gritos de \u00ablibertad\u00bb, \u00ababajo la dictadura\u00bb y \u00abpatria y vida\u00bb miles de cubanos se lanzaron a las calles este domingo en m\u00e1s de 20 localidades del pa\u00eds, en la mayor protesta ocurrida en Cuba en los \u00faltimos 60 [&hellip;]<\/p>\n","protected":false},"author":1,"featured_media":6940,"comment_status":"closed","ping_status":"closed","sticky":false,"template":"","format":"standard","meta":[],"categories":[13],"tags":[],"_links":{"self":[{"href":"http:\/\/nuevacordoba.net\/index.php\/wp-json\/wp\/v2\/posts\/6939"}],"collection":[{"href":"http:\/\/nuevacordoba.net\/index.php\/wp-json\/wp\/v2\/posts"}],"about":[{"href":"http:\/\/nuevacordoba.net\/index.php\/wp-json\/wp\/v2\/types\/post"}],"author":[{"embeddable":true,"href":"http:\/\/nuevacordoba.net\/index.php\/wp-json\/wp\/v2\/users\/1"}],"replies":[{"embeddable":true,"href":"http:\/\/nuevacordoba.net\/index.php\/wp-json\/wp\/v2\/comments?post=6939"}],"version-history":[{"count":0,"href":"http:\/\/nuevacordoba.net\/index.php\/wp-json\/wp\/v2\/posts\/6939\/revisions"}],"wp:featuredmedia":[{"embeddable":true,"href":"http:\/\/nuevacordoba.net\/index.php\/wp-json\/wp\/v2\/media\/6940"}],"wp:attachment":[{"href":"http:\/\/nuevacordoba.net\/index.php\/wp-json\/wp\/v2\/media?parent=6939"}],"wp:term":[{"taxonomy":"category","embeddable":true,"href":"http:\/\/nuevacordoba.net\/index.php\/wp-json\/wp\/v2\/categories?post=6939"},{"taxonomy":"post_tag","embeddable":true,"href":"http:\/\/nuevacordoba.net\/index.php\/wp-json\/wp\/v2\/tags?post=6939"}],"curies":[{"name":"wp","href":"https:\/\/api.w.org\/{rel}","templated":true}]}}