{"id":6941,"date":"2021-07-12T07:57:51","date_gmt":"2021-07-12T07:57:51","guid":{"rendered":"http:\/\/nuevacordoba.net\/index.php\/2021\/07\/12\/massenzio-lanza-sexto-disco-donde-condensa-su-pasado-y-tiene-un-pie-en-lo-que-vendra\/"},"modified":"2021-07-12T07:57:51","modified_gmt":"2021-07-12T07:57:51","slug":"massenzio-lanza-sexto-disco-donde-condensa-su-pasado-y-tiene-un-pie-en-lo-que-vendra","status":"publish","type":"post","link":"http:\/\/nuevacordoba.net\/index.php\/2021\/07\/12\/massenzio-lanza-sexto-disco-donde-condensa-su-pasado-y-tiene-un-pie-en-lo-que-vendra\/","title":{"rendered":"Massenzio lanza sexto disco donde condensa su pasado y tiene un pie en lo que vendr\u00e1"},"content":{"rendered":"<div class=\"image\" id=\"image\" readability=\"9\"> <img src=\"http:\/\/nuevacordoba.net\/wp-content\/uploads\/2021\/07\/massenzio-lanza-sexto-disco-donde-condensa-su-pasado-y-tiene-un-pie-en-lo-que-vendra.jpg\" alt=\"Gast\u00f3n Massenzio, un nuevo disco con pasado, presente y futuro.\" title=\"Gast\u00f3n Massenzio, un nuevo disco con pasado, presente y futuro.\"><\/p>\n<p>Gast\u00f3n Massenzio, un nuevo disco con pasado, presente y futuro.<\/p>\n<\/div>\n<p>El joven cantante y compositor <strong>Gast\u00f3n Massenzio<\/strong>, nacido en La Plata y criado en la Ciudad de Buenos Aires, quien a lo largo de trayectoria lleg\u00f3 a tocar con artistas de la talla de <strong>Robert Fripp<\/strong>, lanz\u00f3 su sexto disco, que lleva su nombre y que asegura representa <strong>\u201cuna revelaci\u00f3n\u201d<\/strong> y un nuevo punto de partida en su camino porque siente que en \u00e9l redescubri\u00f3 su identidad <strong>\u201ccon un eje compositivo muy claro\u201d<\/strong>.<\/p>\n<div class=\"image-right\" readability=\"7\"> <img src=\"http:\/\/nuevacordoba.net\/wp-content\/uploads\/2021\/07\/massenzio-lanza-sexto-disco-donde-condensa-su-pasado-y-tiene-un-pie-en-lo-que-vendra-1.jpg\" alt=\"&quot;Creo que este disco puede resonar en mucha gente por su mensaje y por su sinceridad.&quot; \" title=\"&quot;Creo que este disco puede resonar en mucha gente por su mensaje y por su sinceridad.&quot; \"><\/p>\n<p>\u00abCreo que este disco puede resonar en mucha gente por su mensaje y por su sinceridad.\u00bb <\/p>\n<\/div>\n<p><strong>\u201cDado el contexto en el que empezaron a nacer las sent\u00ed urgentes pero a su vez, las tem\u00e1ticas que atravesaban las canciones eran atemporales y universales: el amor y el desamor, la vida y la muerte, nuestro paso por este mundo y nuestras sensaciones m\u00e1s primarias y fundamentales\u201d<\/strong>, cont\u00f3 a T\u00e9lam Massenzio, quien adem\u00e1s de cantar toca la guitara en todos temas del disco.<\/p>\n<div class=\"image\" id=\"image\" readability=\"9\"> <img src=\"http:\/\/nuevacordoba.net\/wp-content\/uploads\/2021\/07\/massenzio-lanza-sexto-disco-donde-condensa-su-pasado-y-tiene-un-pie-en-lo-que-vendra-2.jpg\" alt=\"Adem\u00e1s de cantar, Massenzio, toca la guitara en todos temas del disco.\" title=\"Adem\u00e1s de cantar, Massenzio, toca la guitara en todos temas del disco.\"><\/p>\n<p>Adem\u00e1s de cantar, Massenzio, toca la guitara en todos temas del disco.<\/p>\n<\/div>\n<p>El \u00e1lbum cuenta con el aporte de granes m\u00fasicos como <strong>Fernando Samalea y Lucy Patan\u00e9, Sami Abadi, Federico Linari, Sebasti\u00e1n Briganti, Karen Kuhn, y producci\u00f3n art\u00edstica de Claudio Lafalce<\/strong>; fue creado en plena pandemia y las nueve canciones que integran el disco partieron mayormente desde el piano, su primer instrumento.<\/p>\n<p> <iframe width=\"560\" height=\"315\" src=\"https:\/\/www.youtube.com\/embed\/Pmnq51MxdLM?wmode=transparent&amp;showinfo=0&amp;autohide=1&amp;rel=0\" frameborder=\"0\" allowfullscreen>[embedded content]<\/iframe> <\/p>\n<p>Gast\u00f3n Massenzio \u00abAbsolutamente\u00bb<\/p>\n<p>Pasajes luminosos y profundos y cuidados arreglos se escuchan en el flamante disco que aparece como una bisagra en la carrera Massenzio, despu\u00e9s de un largo trajinar que lo llev\u00f3 a tocar en la <strong>Orchestra of Crafty Guitarists<\/strong> liderada por <strong>Robert Fripp<\/strong> y a integrar la banda de <strong>Maxi Trusso<\/strong> como tecladista y guitarrista.<\/p>\n<blockquote readability=\"6\">\n<p>\u00abCreo que este disco puede resonar en mucha gente por su mensaje y por su sinceridad. Lo siento muy propio de nuestra canci\u00f3n nacional y de mi propia identidad.<span class=\"comilla\">\u201d<\/span><\/p>\n<p><span>Gast\u00f3n Massenzio<\/span><\/p>\n<\/blockquote>\n<p> Sus primer pasos en la m\u00fasica los dio con la edici\u00f3n en 2011 de su primer disco, \u201cTributo a Elliott Smith\u00bb , luego se dedic\u00f3 a componer e interpretar sus propias canciones que plasm\u00f3 en <strong>\u201cLapsus\u201d (2013), \u201cOtra Luz\u201d (2014), \u201cLa Presencia\u201d (2015), \u201cNiebla\u201d (2018) y \u201cOcho Sue\u00f1os\u201d 2019)<\/strong>. Adem\u00e1s <strong>es el guitarrista de Les Inestables, banda liderada por el poeta y m\u00fasico Daniel Amiano<\/strong>.<\/p>\n<p><strong>T\u00e9lam: \u00bfEste disco condensa de alguna manera la m\u00fasica de todos estos a\u00f1os de camino recorrido?\u00bfPor qu\u00e9 es tan diferente a tus discos anteriores?<\/strong><\/p>\n<p>Gast\u00f3n Massenzio: Tiene mi identidad porque condensa mis influencias m\u00e1s importantes (Queen, Charly Garc\u00eda ,Fito P\u00e1ez, y Elliott Smith, entre otros). Lo siento muy diferente a mis otros trabajos porque los abordajes en los anteriores fueron siempre conceptuales, de experimentaci\u00f3n o con una tem\u00e1tica muy puntual. En este disco -que lleva solo mi nombre- mi pasado e influencias fundamentales est\u00e1n muy presentes y a su vez siento que tiene un pie en el futuro, en lo que vendr\u00e1.<\/p>\n<p>Creo que este disco puede resonar en mucha gente por su mensaje y por su sinceridad. Lo siento muy propio de nuestra canci\u00f3n nacional y de mi propia identidad.<\/p>\n<p><strong>T: \u00bfCu\u00e1l fue el aporte de Lucy Patan\u00e9 y Fernando Samalea?\u00bfQu\u00e9 rol cumpli\u00f3 Lafalce como productor?<\/strong><\/p>\n<p>GM: Son enormes m\u00fasicos y artistas. Lucy fue productora de varios de mis trabajos y adem\u00e1s una gran amiga; en este disco particip\u00f3 con la bater\u00eda en dos canciones. Su versatilidad sumada a la amistad que nos une hace que todo fluya y sea siempre una celebraci\u00f3n. Con Fernando Samalea hab\u00edamos tocado juntos una vez sola hac\u00eda unos a\u00f1os y se acerc\u00f3 al estudio cuando estaba grabando las primeras tomas y ten\u00eda las maquetas armadas. Le encantaron las canciones y me propuso grabar las bater\u00edas que fueron por supuesto, magn\u00edficas. Ambos (y todos los m\u00fasicos participantes) siempre estuvieron al servicio de la canci\u00f3n. La homogeneidad del sonido de todo el disco fue gracias a Claudio Lafalce, productor del mismo. <\/p>\n","protected":false},"excerpt":{"rendered":"<p>Gast\u00f3n Massenzio, un nuevo disco con pasado, presente y futuro. El joven cantante y compositor Gast\u00f3n Massenzio, nacido en La Plata y criado en la Ciudad de Buenos Aires, quien a lo largo de trayectoria lleg\u00f3 a tocar con artistas de la talla de Robert Fripp, lanz\u00f3 su sexto disco, que lleva su nombre y [&hellip;]<\/p>\n","protected":false},"author":1,"featured_media":6942,"comment_status":"closed","ping_status":"closed","sticky":false,"template":"","format":"standard","meta":[],"categories":[9],"tags":[],"_links":{"self":[{"href":"http:\/\/nuevacordoba.net\/index.php\/wp-json\/wp\/v2\/posts\/6941"}],"collection":[{"href":"http:\/\/nuevacordoba.net\/index.php\/wp-json\/wp\/v2\/posts"}],"about":[{"href":"http:\/\/nuevacordoba.net\/index.php\/wp-json\/wp\/v2\/types\/post"}],"author":[{"embeddable":true,"href":"http:\/\/nuevacordoba.net\/index.php\/wp-json\/wp\/v2\/users\/1"}],"replies":[{"embeddable":true,"href":"http:\/\/nuevacordoba.net\/index.php\/wp-json\/wp\/v2\/comments?post=6941"}],"version-history":[{"count":0,"href":"http:\/\/nuevacordoba.net\/index.php\/wp-json\/wp\/v2\/posts\/6941\/revisions"}],"wp:featuredmedia":[{"embeddable":true,"href":"http:\/\/nuevacordoba.net\/index.php\/wp-json\/wp\/v2\/media\/6942"}],"wp:attachment":[{"href":"http:\/\/nuevacordoba.net\/index.php\/wp-json\/wp\/v2\/media?parent=6941"}],"wp:term":[{"taxonomy":"category","embeddable":true,"href":"http:\/\/nuevacordoba.net\/index.php\/wp-json\/wp\/v2\/categories?post=6941"},{"taxonomy":"post_tag","embeddable":true,"href":"http:\/\/nuevacordoba.net\/index.php\/wp-json\/wp\/v2\/tags?post=6941"}],"curies":[{"name":"wp","href":"https:\/\/api.w.org\/{rel}","templated":true}]}}