{"id":6947,"date":"2021-07-12T14:37:21","date_gmt":"2021-07-12T14:37:21","guid":{"rendered":"http:\/\/nuevacordoba.net\/index.php\/2021\/07\/12\/siguen-las-protestas-y-los-saqueos-luego-de-la-detencion-del-expresidente-jacob-zuma\/"},"modified":"2021-07-12T14:37:21","modified_gmt":"2021-07-12T14:37:21","slug":"siguen-las-protestas-y-los-saqueos-luego-de-la-detencion-del-expresidente-jacob-zuma","status":"publish","type":"post","link":"http:\/\/nuevacordoba.net\/index.php\/2021\/07\/12\/siguen-las-protestas-y-los-saqueos-luego-de-la-detencion-del-expresidente-jacob-zuma\/","title":{"rendered":"Siguen las protestas y los saqueos luego de la detenci\u00f3n del expresidente Jacob Zuma"},"content":{"rendered":"<div class=\"image\" id=\"image\" readability=\"9\"> <img src=\"http:\/\/nuevacordoba.net\/wp-content\/uploads\/2021\/07\/siguen-las-protestas-y-los-saqueos-luego-de-la-detencion-del-expresidente-jacob-zuma.jpg\" alt=\"Siguen las protestas en Sud\u00e1frica mientras la Justicia revisa la pena del expresidente Jacob Zuma, detenido por desacato.\" title=\"Siguen las protestas en Sud\u00e1frica mientras la Justicia revisa la pena del expresidente Jacob Zuma, detenido por desacato.\"><\/p>\n<p>Siguen las protestas en Sud\u00e1frica mientras la Justicia revisa la pena del expresidente Jacob Zuma, detenido por desacato.<\/p>\n<\/div>\n<p>Enfrentamientos entre manifestantes y polic\u00edas y saqueos de negocios continuaron este lunes por cuarto d\u00eda consecutivo en Sud\u00e1frica tras la entrada en prisi\u00f3n el jueves del expresidente <strong>Jacob Zuma<\/strong> por desacato, y el Ej\u00e9rcito orden\u00f3 un despliegue en dos provincias afectadas.<\/p>\n<p>La violencia desencadenada en Sud\u00e1frica tras la encarcelaci\u00f3n de Zuma continuaba centrada sobre todo en la provincia costera de <strong>Kwazulu-Natal<\/strong>, en el este del pa\u00eds, y en <strong>Johannesburgo<\/strong>, provincia de Gauteng, en el centro del pa\u00eds.<\/p>\n<p>Las manifestaciones se convirtieron en <strong>actos de delincuencia y de desesperaci\u00f3n<\/strong> ante la complicada situaci\u00f3n econ\u00f3mica del pa\u00eds y las restricciones que trajo la tercera ola de la pandemia de coronavirus.<\/p>\n<p>Estos altercados se producen al mismo tiempo que <strong>el Tribunal Constitucional, que orden\u00f3 el arresto de Zuma por su negativa a declarar ante una comisi\u00f3n de investigaci\u00f3n sobre la corrupci\u00f3n<\/strong> estatal durante su mandato (2009-2018), revisa su decisi\u00f3n de detener al exmandatario.<\/p>\n<p>Zuma, de 79 a\u00f1os y destituido en 2018 debido a esc\u00e1ndalos de corrupci\u00f3n, pidi\u00f3 al Tribunal Constitucional que lo deje salir de la moderna prisi\u00f3n de Estcourt en zona zul\u00fa, cerca de las monta\u00f1as Drakensberg, y que se anule la condena de 15 meses que le fue impuesta por desacato, alegando que se impuso en su ausencia.<\/p>\n<p>El otrora apodado \u00abpresidente de tefl\u00f3n\u00bb, por su habilidad para eludir la Justicia, pas\u00f3 su primera noche en la c\u00e1rcel el jueves pasado despu\u00e9s de entregarse a las autoridades media hora antes de que venciera el plazo de tres d\u00edas que el tribunal le exigi\u00f3 para entrar en prisi\u00f3n.<\/p>\n<p><strong>Las protestas organizadas por partidarios de Zuma para exigir su liberaci\u00f3n inmediata empezaron el fin de semana en KwaZulu-Natal, donde el expresidente fue encarcelado, y se extendieron a la capital econ\u00f3mica, Johannesburgo.<\/strong><\/p>\n<p>Los \u00faltimos d\u00edas se saldaron con al menos un muerto y 60 detenidos.<\/p>\n<p>El Ej\u00e9rcito anunci\u00f3 su despliegue en las provincias de Johannesburgo y KwaZulu-Natal para ayudar a la polic\u00eda a controlar los actos de violencia que estallaron all\u00ed ayer.<\/p>\n<p>Los medios locales difund\u00edan en directo im\u00e1genes con <strong>rutas bloqueadas, incendios de autos y centros comerciales saqueados<\/strong> en Kwazulu-Natal.<\/p>\n<p>Tambi\u00e9n se pod\u00eda ver una inmensa nube negra de humo en el techo del centro comercial de Brookside en la capital de Kwazulu-Natal, Pietermaritzburgo, mientras los asaltantes sal\u00edan del edificio en llamas con carritos llenos de mercanc\u00edas.<\/p>\n<p>Desplegaron fuerzas militares<\/p>\n<p>Este lunes se vio a soldados patrullando las calles de Pietermaritzburgo, aunque el Ej\u00e9rcito afirm\u00f3 en su comunicado que \u00abel despliegue comenzar\u00e1 cuando todos los procedimientos\u00bb preparativos est\u00e9n instalados, inform\u00f3 la agencia de noticias AFP.<\/p>\n<p>En ese mismo estado tambi\u00e9n se incendiaron, adem\u00e1s, camiones a lo largo de una ruta nacional cerca de la ciudad de Durban, uno de los mayores puertos del \u00c1frica austral.<\/p>\n<p>Tambi\u00e9n hubo incendios de decenas de coches en Johannesburgo, capital de Gauteng.<\/p>\n<p>El presidente de Sud\u00e1frica, <strong>Cyril Ramaphosa<\/strong>, critic\u00f3 que las recientes protestas est\u00e1n fundamentadas \u00aben la movilizaci\u00f3n \u00e9tnica\u00bb y denunci\u00f3 la destrucci\u00f3n de propiedades e infraestructuras en el marco de las movilizaciones.<\/p>\n<p>El Tribunal Constitucional de Sud\u00e1frica conden\u00f3 a Zuma a 15 meses de c\u00e1rcel por negarse a testificar ante un panel de jueces que est\u00e1 investigando los presuntos casos de corrupci\u00f3n en los que estuvo implicado durante sus nueve a\u00f1os de mandato al frente del pa\u00eds.<\/p>\n<p>Zuma se convirti\u00f3 as\u00ed en el primer presidente elegido democr\u00e1ticamente en Sud\u00e1frica que es condenado a prisi\u00f3n desde que el Congreso Nacional Africano (ANC) -partido que encabez\u00f3 entre 2007 y 2017, cuando fue apartado en un consejo interno por su vicepresidente, Ramaphosa- se hizo con el poder en 1994.<\/p>\n<p>El exmandatario hace frente adem\u00e1s a un juicio por supuesta corrupci\u00f3n por cerca de <strong>800 pagos que supuestamente recibi\u00f3 en conexi\u00f3n con una compra de armamento a la empresa francesa Thales para modernizar el aparato de defensa<\/strong> del pa\u00eds a finales de los noventa.<\/p>\n<p>La ca\u00edda de Zuma tuvo lugar en medio de la indignaci\u00f3n popular por el peso de la familia Gupta, de origen indio, en la econom\u00eda y la pol\u00edtica del pa\u00eds africano, acusaciones que fueron recogidas en un informe de la ex Defensora P\u00fablica sudafricana <strong>Thuli Madonsela<\/strong>, titulado &#8216;La captura del Estado&#8217;.<\/p>\n","protected":false},"excerpt":{"rendered":"<p>Siguen las protestas en Sud\u00e1frica mientras la Justicia revisa la pena del expresidente Jacob Zuma, detenido por desacato. Enfrentamientos entre manifestantes y polic\u00edas y saqueos de negocios continuaron este lunes por cuarto d\u00eda consecutivo en Sud\u00e1frica tras la entrada en prisi\u00f3n el jueves del expresidente Jacob Zuma por desacato, y el Ej\u00e9rcito orden\u00f3 un despliegue [&hellip;]<\/p>\n","protected":false},"author":1,"featured_media":6948,"comment_status":"closed","ping_status":"closed","sticky":false,"template":"","format":"standard","meta":[],"categories":[13],"tags":[],"_links":{"self":[{"href":"http:\/\/nuevacordoba.net\/index.php\/wp-json\/wp\/v2\/posts\/6947"}],"collection":[{"href":"http:\/\/nuevacordoba.net\/index.php\/wp-json\/wp\/v2\/posts"}],"about":[{"href":"http:\/\/nuevacordoba.net\/index.php\/wp-json\/wp\/v2\/types\/post"}],"author":[{"embeddable":true,"href":"http:\/\/nuevacordoba.net\/index.php\/wp-json\/wp\/v2\/users\/1"}],"replies":[{"embeddable":true,"href":"http:\/\/nuevacordoba.net\/index.php\/wp-json\/wp\/v2\/comments?post=6947"}],"version-history":[{"count":0,"href":"http:\/\/nuevacordoba.net\/index.php\/wp-json\/wp\/v2\/posts\/6947\/revisions"}],"wp:featuredmedia":[{"embeddable":true,"href":"http:\/\/nuevacordoba.net\/index.php\/wp-json\/wp\/v2\/media\/6948"}],"wp:attachment":[{"href":"http:\/\/nuevacordoba.net\/index.php\/wp-json\/wp\/v2\/media?parent=6947"}],"wp:term":[{"taxonomy":"category","embeddable":true,"href":"http:\/\/nuevacordoba.net\/index.php\/wp-json\/wp\/v2\/categories?post=6947"},{"taxonomy":"post_tag","embeddable":true,"href":"http:\/\/nuevacordoba.net\/index.php\/wp-json\/wp\/v2\/tags?post=6947"}],"curies":[{"name":"wp","href":"https:\/\/api.w.org\/{rel}","templated":true}]}}