{"id":6949,"date":"2021-07-12T19:06:02","date_gmt":"2021-07-12T19:06:02","guid":{"rendered":"http:\/\/nuevacordoba.net\/index.php\/2021\/07\/12\/la-tv-publica-presenta-foquito-un-ciclo-para-fomentar-la-lectura-infantil\/"},"modified":"2021-07-12T19:06:02","modified_gmt":"2021-07-12T19:06:02","slug":"la-tv-publica-presenta-foquito-un-ciclo-para-fomentar-la-lectura-infantil","status":"publish","type":"post","link":"http:\/\/nuevacordoba.net\/index.php\/2021\/07\/12\/la-tv-publica-presenta-foquito-un-ciclo-para-fomentar-la-lectura-infantil\/","title":{"rendered":"La TV P\u00fablica presenta \u00abFoquito\u00bb, un ciclo para fomentar la lectura infantil"},"content":{"rendered":"<div class=\"image\" id=\"image\" readability=\"8\"> <img src=\"http:\/\/nuevacordoba.net\/wp-content\/uploads\/2021\/07\/la-tv-publica-presenta-foquito-un-ciclo-para-fomentar-la-lectura-infantil.jpg\" alt=\"&quot;Foquito&quot;, en la pantalla de la TV P\u00fablica desde este lunes.\" title=\"&quot;Foquito&quot;, en la pantalla de la TV P\u00fablica desde este lunes.\"><\/p>\n<p>\u00abFoquito\u00bb, en la pantalla de la TV P\u00fablica desde este lunes.<\/p>\n<\/div>\n<p>\u00abFoquito\u00bb, un ciclo de micros did\u00e1cticos que apuestan a fomentar la lectura infantil y la imaginaci\u00f3n a trav\u00e9s de actores y actrices que cuentan cuentos de autores nacionales, desembarca est lunes a las 17 en la pantalla de la TV P\u00fablica.<\/p>\n<p>Producido por la Sociedad Argentina de Gesti\u00f3n de Actores Int\u00e9rpretes (Sagai), \u00abFoquito\u00bb re\u00fane cuentos animados para ni\u00f1os de autores nacionales, narrados por actores como Rafael Spregelburd (con \u00abPetit, el Monstruo\u00bb, de Isol), Julieta Otero (con \u00abCu Canguro\u00bb, de Gabriela Keselman y Nora Hilb), Leonardo Sbaraglia (con \u00abVida de perros\u00bb, tambi\u00e9n de Isol) y Tom\u00e1s Fonzi (con \u00abLa decisi\u00f3n de Teodoro\u00bb, de Irene Singer).<\/p>\n<p>Adem\u00e1s participan Ana Mar\u00eda Orozco (con \u00abEl ins\u00f3lito ascenso de Madame P\u00f4l, de Nicol\u00e1s Arispe), Andrea Pietra (con \u00abRam\u00f3n, el optimista\u00bb, de Lepe Rosental e Irene Sexer), Eugenia Tobal (con \u00abLos monstruos ya no asustan\u00bb, de Javier Pe\u00f1a), Benjam\u00edn Rojas (con \u00abDo\u00f1a Pocha va de compras\u00bb, de Pablo Zweig) y Violeta Urtizberea (con \u00abRegalo sorpresa\u00bb, de Isol), entre otros.<\/p>\n<p>\u00abFoquito\u00bb, que <strong>ir\u00e1 de lunes a viernes a las 17<\/strong>, no solo propone acercar la literatura sino que, adem\u00e1s, apuesta a promover la escucha atenta y concentrada de relatos.<\/p>\n<p>El proyecto cuya aplicaci\u00f3n se lanz\u00f3 en agosto de 2019 signific\u00f3 para Fonzi -uno de los protagonistas de los relatos- \u00abbuscar aprovechar los medios disponibles y las distintas pantallas a las que tienen acceso los chicos y las chicas para que puedan disfrutar del universo de la lectura\u00bb, seg\u00fan dijo entonces a T\u00e9lam,<\/p>\n<p><strong>\u00abFomentar las ficciones, la fantas\u00eda y el mundo de la imaginaci\u00f3n son cosas estrechamente ligadas a nuestra profesi\u00f3n y son el nexo de esta iniciativa de &#8216;Foquito&#8217;<\/strong>. Si bien hay mil formas de acercarse a las ficciones, a muchos de nosotros lo que nos interpela y nos entusiasma es un libro porque de alguna manera nos lleva ser parte de un engranaje activo\u00bb, se explay\u00f3 el int\u00e9rprete.<\/p>\n","protected":false},"excerpt":{"rendered":"<p>\u00abFoquito\u00bb, en la pantalla de la TV P\u00fablica desde este lunes. \u00abFoquito\u00bb, un ciclo de micros did\u00e1cticos que apuestan a fomentar la lectura infantil y la imaginaci\u00f3n a trav\u00e9s de actores y actrices que cuentan cuentos de autores nacionales, desembarca est lunes a las 17 en la pantalla de la TV P\u00fablica. Producido por la [&hellip;]<\/p>\n","protected":false},"author":1,"featured_media":6950,"comment_status":"closed","ping_status":"closed","sticky":false,"template":"","format":"standard","meta":[],"categories":[9],"tags":[],"_links":{"self":[{"href":"http:\/\/nuevacordoba.net\/index.php\/wp-json\/wp\/v2\/posts\/6949"}],"collection":[{"href":"http:\/\/nuevacordoba.net\/index.php\/wp-json\/wp\/v2\/posts"}],"about":[{"href":"http:\/\/nuevacordoba.net\/index.php\/wp-json\/wp\/v2\/types\/post"}],"author":[{"embeddable":true,"href":"http:\/\/nuevacordoba.net\/index.php\/wp-json\/wp\/v2\/users\/1"}],"replies":[{"embeddable":true,"href":"http:\/\/nuevacordoba.net\/index.php\/wp-json\/wp\/v2\/comments?post=6949"}],"version-history":[{"count":0,"href":"http:\/\/nuevacordoba.net\/index.php\/wp-json\/wp\/v2\/posts\/6949\/revisions"}],"wp:featuredmedia":[{"embeddable":true,"href":"http:\/\/nuevacordoba.net\/index.php\/wp-json\/wp\/v2\/media\/6950"}],"wp:attachment":[{"href":"http:\/\/nuevacordoba.net\/index.php\/wp-json\/wp\/v2\/media?parent=6949"}],"wp:term":[{"taxonomy":"category","embeddable":true,"href":"http:\/\/nuevacordoba.net\/index.php\/wp-json\/wp\/v2\/categories?post=6949"},{"taxonomy":"post_tag","embeddable":true,"href":"http:\/\/nuevacordoba.net\/index.php\/wp-json\/wp\/v2\/tags?post=6949"}],"curies":[{"name":"wp","href":"https:\/\/api.w.org\/{rel}","templated":true}]}}