{"id":6977,"date":"2021-07-12T14:49:36","date_gmt":"2021-07-12T14:49:36","guid":{"rendered":"http:\/\/cordobanewsnet.wordpress.com\/?p=5913"},"modified":"2021-07-12T14:49:36","modified_gmt":"2021-07-12T14:49:36","slug":"vuelven-las-lluvias-a-cordoba-pronostico-semanal","status":"publish","type":"post","link":"http:\/\/nuevacordoba.net\/index.php\/2021\/07\/12\/vuelven-las-lluvias-a-cordoba-pronostico-semanal\/","title":{"rendered":"Vuelven las lluvias a C\u00f3rdoba: pron\u00f3stico semanal"},"content":{"rendered":"<div><img src=\"http:\/\/nuevacordoba.net\/wp-content\/uploads\/2021\/07\/vuelven-las-lluvias-a-cordoba-pronostico-semanal.jpg\" class=\"ff-og-image-inserted\"><\/div>\n<p>Despu\u00e9s de un viernes feriado similar al verano,&nbsp;<strong>el pron\u00f3stico indica el regreso de algunas lluvias para C\u00f3rdoba en esta segunda semana del mes de julio<\/strong>, a menos de un mes de haber comenzado el invierno.<\/p>\n<p>Si bien no suelen ser comunes en esta \u00e9poca,&nbsp;<strong>la semana iniciar\u00e1 con el ingreso de aire m\u00e1s h\u00famedo del sector norte<\/strong>, lo que aportar\u00e1 para ir logrando un escenario con m\u00e1s nubes y condiciones de tiempo inestables.<\/p>\n<p>El&nbsp;<strong>lunes ser\u00e1 el d\u00eda m\u00e1s c\u00e1lido de todos<\/strong>, ya que podr\u00edan registrarse m\u00e1ximas de hasta 24 grados. Sin embargo, tambi\u00e9n aumentar\u00e1 la nubosidad en la provincia.&nbsp;<\/p>\n<p>Con el ingreso de un frente fr\u00edo para el&nbsp;<strong>martes 13<\/strong>, la temperatura empezar\u00e1 a bajar de a poco, con aumento de la nubosidad y&nbsp;<strong>probabilidades de algunas lloviznas<\/strong>&nbsp;para ir cerrando la jornada. Para este d\u00eda la temperatura m\u00e1xima podr\u00eda alcanzar los&nbsp;<strong>17\/18 grados.&nbsp;<\/strong><\/p>\n<p>Para el&nbsp;<strong>mi\u00e9rcoles 14,&nbsp;<\/strong>el tiempo inestable se har\u00e1 presente en toda la primera parte de la jornada, con desarrollo de&nbsp;<strong>lluvias y lloviznas<\/strong>, y descenso de la temperatura, con m\u00e1xima de 14 grados.&nbsp;<\/p>\n<p>El tiempo estar\u00e1 mejorando desde la tarde del mismo mi\u00e9rcoles, mediante la llegada de aire m\u00e1s fr\u00edo y seco desde el sector sur.&nbsp;<strong>Para la primera parte del jueves se espera descenso de la temperatura<\/strong>, con m\u00ednimas de apenas 3 grados.&nbsp;<\/p>\n<p>Fuente: Infoclima<\/p>\n<div id=\"jp-post-flair\" class=\"sharedaddy sd-like-enabled sd-sharing-enabled\">\n<div class=\"sharedaddy sd-sharing-enabled\">\n<div class=\"robots-nocontent sd-block sd-social sd-social-icon-text sd-sharing\">\n<h3 class=\"sd-title\">Share this:<\/h3>\n<\/div>\n<\/div>\n<div class=\"sharedaddy sd-block sd-like jetpack-likes-widget-wrapper jetpack-likes-widget-unloaded\" id=\"like-post-wrapper-143108178-5913-60ed0ca487ef1\" data-src=\"\/\/widgets.wp.com\/likes\/index.html?ver=20210413#blog_id=143108178&amp;post_id=5913&amp;origin=cordobanewsnet.wordpress.com&amp;obj_id=143108178-5913-60ed0ca487ef1\" data-name=\"like-post-frame-143108178-5913-60ed0ca487ef1\">\n<h3 class=\"sd-title\">Me gusta esto:<\/h3>\n<p><span class=\"button\"><span>Me gusta<\/span><\/span> <span class=\"loading\">Cargando&#8230;<\/span><\/p>\n<p><span class=\"sd-text-color\"><\/span><\/div>\n<p><h3 class=\"jp-relatedposts-headline\"><em>Relacionado<\/em><\/h3>\n<\/p>\n<\/div>\n","protected":false},"excerpt":{"rendered":"<p>Despu\u00e9s de un viernes feriado similar al verano,&nbsp;el pron\u00f3stico indica el regreso de algunas lluvias para C\u00f3rdoba en esta segunda semana del mes de julio, a menos de un mes de haber comenzado el invierno. Si bien no suelen ser comunes en esta \u00e9poca,&nbsp;la semana iniciar\u00e1 con el ingreso de aire m\u00e1s h\u00famedo del sector [&hellip;]<\/p>\n","protected":false},"author":1,"featured_media":6978,"comment_status":"closed","ping_status":"closed","sticky":false,"template":"","format":"standard","meta":[],"categories":[14],"tags":[],"_links":{"self":[{"href":"http:\/\/nuevacordoba.net\/index.php\/wp-json\/wp\/v2\/posts\/6977"}],"collection":[{"href":"http:\/\/nuevacordoba.net\/index.php\/wp-json\/wp\/v2\/posts"}],"about":[{"href":"http:\/\/nuevacordoba.net\/index.php\/wp-json\/wp\/v2\/types\/post"}],"author":[{"embeddable":true,"href":"http:\/\/nuevacordoba.net\/index.php\/wp-json\/wp\/v2\/users\/1"}],"replies":[{"embeddable":true,"href":"http:\/\/nuevacordoba.net\/index.php\/wp-json\/wp\/v2\/comments?post=6977"}],"version-history":[{"count":0,"href":"http:\/\/nuevacordoba.net\/index.php\/wp-json\/wp\/v2\/posts\/6977\/revisions"}],"wp:featuredmedia":[{"embeddable":true,"href":"http:\/\/nuevacordoba.net\/index.php\/wp-json\/wp\/v2\/media\/6978"}],"wp:attachment":[{"href":"http:\/\/nuevacordoba.net\/index.php\/wp-json\/wp\/v2\/media?parent=6977"}],"wp:term":[{"taxonomy":"category","embeddable":true,"href":"http:\/\/nuevacordoba.net\/index.php\/wp-json\/wp\/v2\/categories?post=6977"},{"taxonomy":"post_tag","embeddable":true,"href":"http:\/\/nuevacordoba.net\/index.php\/wp-json\/wp\/v2\/tags?post=6977"}],"curies":[{"name":"wp","href":"https:\/\/api.w.org\/{rel}","templated":true}]}}