{"id":7085,"date":"2021-07-16T00:24:53","date_gmt":"2021-07-16T00:24:53","guid":{"rendered":"https:\/\/www.bbc.com\/mundo\/noticias-america-latina-57857337"},"modified":"2021-07-16T00:24:53","modified_gmt":"2021-07-16T00:24:53","slug":"protestas-en-cuba-cuanto-afecta-realmente-a-la-isla-el-embargo-de-estados-unidos","status":"publish","type":"post","link":"http:\/\/nuevacordoba.net\/index.php\/2021\/07\/16\/protestas-en-cuba-cuanto-afecta-realmente-a-la-isla-el-embargo-de-estados-unidos\/","title":{"rendered":"Protestas en Cuba: cu\u00e1nto afecta realmente a la isla el embargo de Estados Unidos"},"content":{"rendered":"<div dir=\"ltr\" class=\"e1j2237y5 bbc-q4ibpr e57qer20\">\n<div class=\"bbc-1atl7vu e1c9i7u14\">\n<ul role=\"list\" class=\"bbc-cdrraw e1c9i7u12\">\n<li role=\"listitem\" class=\"bbc-1a3w4ok e1c9i7u11\">\u00c1ngel Berm\u00fadez (@angelbermudez)<\/li>\n<li role=\"listitem\" class=\"bbc-1p92jtu e1c9i7u10\">BBC News Mundo<\/li>\n<\/ul>\n<\/div>\n<\/div>\n<p><time datetime=\"2021-07-15\" class=\"bbc-14xtggo e4zesg50\">3 horas<\/time><\/p>\n<div dir=\"ltr\" class=\"bbc-1ka88fa e57qer20\">\n<figure class=\"bbc-1qdcvv9 e6bmn90\">\n<div dir=\"ltr\" class=\"bbc-172p16q e57qer20\">\n<div dir=\"ltr\" class=\"bbc-189y18v e57qer20\" readability=\"6.5\">\n<div data-e2e=\"image-placeholder\" class=\"bbc-1k5hvrj e1whu0\" readability=\"8\"><img srcset=\"http:\/\/nuevacordoba.net\/wp-content\/uploads\/2021\/07\/protestas-en-cuba-cuanto-afecta-realmente-a-la-isla-el-embargo-de-estados-unidos-9.jpg 240w, http:\/\/nuevacordoba.net\/wp-content\/uploads\/2021\/07\/protestas-en-cuba-cuanto-afecta-realmente-a-la-isla-el-embargo-de-estados-unidos-10.jpg 320w, http:\/\/nuevacordoba.net\/wp-content\/uploads\/2021\/07\/protestas-en-cuba-cuanto-afecta-realmente-a-la-isla-el-embargo-de-estados-unidos-11.jpg 480w, http:\/\/nuevacordoba.net\/wp-content\/uploads\/2021\/07\/protestas-en-cuba-cuanto-afecta-realmente-a-la-isla-el-embargo-de-estados-unidos-12.jpg 624w, http:\/\/nuevacordoba.net\/wp-content\/uploads\/2021\/07\/protestas-en-cuba-cuanto-afecta-realmente-a-la-isla-el-embargo-de-estados-unidos-13.jpg 800w\" alt=\"Un hombre en La Habana vistiendo un pantal\u00f3n corto con la bandera de EE.UU,\" src=\"http:\/\/nuevacordoba.net\/wp-content\/uploads\/2021\/07\/protestas-en-cuba-cuanto-afecta-realmente-a-la-isla-el-embargo-de-estados-unidos.jpg\" width=\"976\" class=\"bbc-fat2bc e1enwo3v0\"><\/p>\n<p role=\"text\" class=\"bbc-1s1cxbv etq3yw90\"><span class=\"bbc-1gnhmg2 e1yt7oin0\">Fuente de la imagen, <\/span><span lang=\"en-GB\">Getty Images<\/span><\/p>\n<\/div>\n<\/div>\n<\/div>\n<\/figure>\n<\/div>\n<div dir=\"ltr\" class=\"bbc-19j92fr e57qer20\" readability=\"9\">\n<p dir=\"ltr\" class=\"bbc-bm53ic e1cc2ql70\"><b>El embargo de Estados Unidos contra Cuba es una de las medidas que m\u00e1s veces ha sido rechazada en la Asamblea General de la ONU, donde cada a\u00f1o desde 1992 se aprueba una resoluci\u00f3n en su contra.<\/b><\/p>\n<\/div>\n<div dir=\"ltr\" class=\"bbc-19j92fr e57qer20\" readability=\"11\">\n<p dir=\"ltr\" class=\"bbc-bm53ic e1cc2ql70\">La resoluci\u00f3n de condena ha obtenido en los \u00faltimos a\u00f1os un respaldo casi un\u00e1nime: el pasado 23 de junio, cuando fue votada por \u00faltima vez, cont\u00f3 con el apoyo de 184 de los 193 miembros de la ONU.<\/p>\n<\/div>\n<div dir=\"ltr\" class=\"bbc-19j92fr e57qer20\" readability=\"11\">\n<p dir=\"ltr\" class=\"bbc-bm53ic e1cc2ql70\">Su resultado m\u00e1s contundente, no obstante, lo obtuvo en 2016 cuando sum\u00f3 191 votos a favor y ninguno en contra, pues incluso el gobierno de Estados Unidos se abstuvo de defender su propio embargo. <\/p>\n<\/div>\n<div dir=\"ltr\" class=\"bbc-19j92fr e57qer20\" readability=\"10\">\n<p dir=\"ltr\" class=\"bbc-bm53ic e1cc2ql70\">Las razones para condenar el embargo var\u00edan y m\u00e1s que un espaldarazo al gobierno cubano en muchos casos -como el de Reino Unido y otros pa\u00edses europeos- responden m\u00e1s a un rechazo al hecho de que <b>Estados Unidos pretenda limitar la posibilidad de que empresas de otros <\/b><b>pa\u00edses <\/b><b>hagan negocios con la isla<\/b> o a que el embargo sea visto como un peligroso precedente de medidas unilaterales coercitivas.<\/p>\n<\/div>\n<div dir=\"ltr\" class=\"bbc-19j92fr e57qer20\" readability=\"11\">\n<p dir=\"ltr\" class=\"bbc-bm53ic e1cc2ql70\">Tras las in\u00e9ditas protestas ocurridas el pasado domingo en varias ciudades de Cuba exigiendo comida y medicinas, pero tambi\u00e9n \u00ablibertad\u00bb y el \u00abfin de la dictadura\u00bb, el gobierno de <b>Miguel D\u00edaz-Canel<\/b> apunt\u00f3 hacia el embargo estadounidense como la ra\u00edz de los males que aquejan a la isla. <\/p>\n<\/div>\n<div dir=\"ltr\" class=\"bbc-19j92fr e57qer20\" readability=\"10\">\n<p dir=\"ltr\" class=\"bbc-bm53ic e1cc2ql70\">\u00abAqu\u00ed lo que nosotros necesitamos es que se retiren las 243 medidas de bloqueo adicionales y se derogue el bloqueo. Es lo \u00fanico que demanda Cuba\u00bb, dijo el lunes D\u00edaz-Canel en una transmisi\u00f3n en televisi\u00f3n y radio.<\/p>\n<\/div>\n<div dir=\"ltr\" class=\"bbc-19j92fr e57qer20\" readability=\"10\">\n<p dir=\"ltr\" class=\"bbc-bm53ic e1cc2ql70\">El gobierno cubano anunci\u00f3 el mi\u00e9rcoles la eliminaci\u00f3n temporal de las restricciones aduaneras a medicamentos y alimentos, en un intento de apaciguar el descontento que las citadas protestas pusieron de manifiesto.<\/p>\n<\/div>\n<div dir=\"ltr\" class=\"ek1plzs1 bbc-9m7iam e57qer20\">\n<figure class=\"bbc-1qdcvv9 e6bmn90\">\n<div dir=\"ltr\" class=\"bbc-vx18wi e57qer20\">\n<div dir=\"ltr\" class=\"bbc-rprdln e57qer20\" readability=\"6.5\">\n<div data-e2e=\"image-placeholder\" class=\"bbc-1ve91qc e1whu0\" readability=\"8\"><noscript><img srcset=\"http:\/\/nuevacordoba.net\/wp-content\/uploads\/2021\/07\/protestas-en-cuba-cuanto-afecta-realmente-a-la-isla-el-embargo-de-estados-unidos-14.jpg 240w, http:\/\/nuevacordoba.net\/wp-content\/uploads\/2021\/07\/protestas-en-cuba-cuanto-afecta-realmente-a-la-isla-el-embargo-de-estados-unidos-15.jpg 320w, http:\/\/nuevacordoba.net\/wp-content\/uploads\/2021\/07\/protestas-en-cuba-cuanto-afecta-realmente-a-la-isla-el-embargo-de-estados-unidos-16.jpg 412w\" alt=\"Tablero de votaci\u00f3n de la ONU.\" src=\"http:\/\/nuevacordoba.net\/wp-content\/uploads\/2021\/07\/protestas-en-cuba-cuanto-afecta-realmente-a-la-isla-el-embargo-de-estados-unidos-1.jpg\" width=\"412\" class=\"bbc-fat2bc e1enwo3v0\"><\/noscript><\/p>\n<p role=\"text\" class=\"bbc-1s1cxbv etq3yw90\"><span class=\"bbc-1gnhmg2 e1yt7oin0\">Fuente de la imagen, <\/span><span lang=\"en-GB\">AP\/Bebeto Matthews<\/span><\/p>\n<\/div>\n<\/div>\n<div dir=\"ltr\" class=\"bbc-3edg7g e57qer20\" readability=\"6.5\"><figcaption dir=\"ltr\" class=\"bbc-1t9zlwf eede9f50\" readability=\"3\"><span class=\"bbc-1gnhmg2 e1yt7oin0\">Pie de foto, <\/span><\/p>\n<p>En la votaci\u00f3n de 2016 en la ONU, 191 pa\u00edses se mostraron a favor de levantar el embargo a Cuba.<\/p>\n<\/figcaption><\/div>\n<\/div>\n<\/figure>\n<\/div>\n<div dir=\"ltr\" class=\"bbc-19j92fr e57qer20\" readability=\"8\">\n<p dir=\"ltr\" class=\"bbc-bm53ic e1cc2ql70\">Pero \u00bfen qu\u00e9 consiste exactamente el embargo estadounidense a Cuba y cu\u00e1l es su verdadero alcance?<\/p>\n<\/div>\n<p><h2 id=\"Muchas-leyes-un-objetivo\" tabindex=\"-1\" class=\"bbc-l3e97o e14hemmw0\">Muchas leyes, un objetivo<\/h2>\n<\/p>\n<div dir=\"ltr\" class=\"bbc-19j92fr e57qer20\" readability=\"11\">\n<p dir=\"ltr\" class=\"bbc-bm53ic e1cc2ql70\">El embargo econ\u00f3mico de Estados Unidos contra Cuba se basa en un amplio entramado jur\u00eddico construido durante d\u00e9cadas que <b>incluye seis leyes diferentes y numerosas regulaciones<\/b> que en unos casos proh\u00edben y, en otros, restringen las relaciones econ\u00f3micas con la isla.<\/p>\n<\/div>\n<div dir=\"ltr\" class=\"bbc-19j92fr e57qer20\" readability=\"11\">\n<p dir=\"ltr\" class=\"bbc-bm53ic e1cc2ql70\">Las primeras sanciones econ\u00f3micas fueron adoptadas en 1960 por el gobierno del presidente <b>Dwight Eisenhower<\/b> en respuesta a la decisi\u00f3n del gobierno cubano de estatizar los bienes de las empresas estadounidenses en la isla, subir los aranceles a la importaci\u00f3n de productos estadounidenses y de establecer relaciones comerciales con la Uni\u00f3n Sovi\u00e9tica.<\/p>\n<\/div>\n<div dir=\"ltr\" class=\"bbc-19j92fr e57qer20\" readability=\"9\">\n<p dir=\"ltr\" class=\"bbc-bm53ic e1cc2ql70\">Eisenhower redujo dr\u00e1sticamente la importaci\u00f3n de az\u00facar de Cuba, puso en marcha un embargo comercial parcial y termin\u00f3 rompiendo relaciones diplom\u00e1ticas con La Habana.<\/p>\n<\/div>\n<div dir=\"ltr\" class=\"bbc-19j92fr e57qer20\" readability=\"11\">\n<p dir=\"ltr\" class=\"bbc-bm53ic e1cc2ql70\">Luego del fracaso de la invasi\u00f3n de Bah\u00eda de Cochinos y de que Fidel Castro declarara a Cuba como un \u00abestado socialista\u00bb en 1961, el presidente estadounidense <b>John F. Kennedy estableci\u00f3 en 1962 un embargo total sobre el comercio con Cuba, con excepci\u00f3n de alimentos y medicinas<\/b>.<\/p>\n<\/div>\n<div dir=\"ltr\" class=\"bbc-1ka88fa e57qer20\">\n<figure class=\"bbc-1qdcvv9 e6bmn90\">\n<div dir=\"ltr\" class=\"bbc-172p16q e57qer20\">\n<div dir=\"ltr\" class=\"bbc-189y18v e57qer20\" readability=\"6.5\">\n<div data-e2e=\"image-placeholder\" class=\"bbc-1k5hvrj e1whu0\" readability=\"8\"><noscript><img srcset=\"http:\/\/nuevacordoba.net\/wp-content\/uploads\/2021\/07\/protestas-en-cuba-cuanto-afecta-realmente-a-la-isla-el-embargo-de-estados-unidos-17.jpg 240w, http:\/\/nuevacordoba.net\/wp-content\/uploads\/2021\/07\/protestas-en-cuba-cuanto-afecta-realmente-a-la-isla-el-embargo-de-estados-unidos-18.jpg 320w, http:\/\/nuevacordoba.net\/wp-content\/uploads\/2021\/07\/protestas-en-cuba-cuanto-afecta-realmente-a-la-isla-el-embargo-de-estados-unidos-19.jpg 480w, http:\/\/nuevacordoba.net\/wp-content\/uploads\/2021\/07\/protestas-en-cuba-cuanto-afecta-realmente-a-la-isla-el-embargo-de-estados-unidos-20.jpg 624w, http:\/\/nuevacordoba.net\/wp-content\/uploads\/2021\/07\/protestas-en-cuba-cuanto-afecta-realmente-a-la-isla-el-embargo-de-estados-unidos-21.jpg 800w\" alt=\"John F. Kennedy\" src=\"http:\/\/nuevacordoba.net\/wp-content\/uploads\/2021\/07\/protestas-en-cuba-cuanto-afecta-realmente-a-la-isla-el-embargo-de-estados-unidos-2.jpg\" width=\"976\" class=\"bbc-fat2bc e1enwo3v0\"><\/noscript><\/p>\n<p role=\"text\" class=\"bbc-1s1cxbv etq3yw90\"><span class=\"bbc-1gnhmg2 e1yt7oin0\">Fuente de la imagen, <\/span><span lang=\"en-GB\">Getty Images<\/span><\/p>\n<\/div>\n<\/div>\n<div dir=\"ltr\" class=\"bbc-3edg7g e57qer20\" readability=\"7\"><figcaption dir=\"ltr\" class=\"bbc-1t9zlwf eede9f50\" readability=\"4\"><span class=\"bbc-1gnhmg2 e1yt7oin0\">Pie de foto, <\/span><\/p>\n<p>En 1962, el presidente John F. Kennedy estableci\u00f3 un embargo sobre el comercio con Cuba que exclu\u00eda las medicinas y alimentos.<\/p>\n<\/figcaption><\/div>\n<\/div>\n<\/figure>\n<\/div>\n<div dir=\"ltr\" class=\"bbc-19j92fr e57qer20\" readability=\"14\">\n<p dir=\"ltr\" class=\"bbc-bm53ic e1cc2ql70\">Estas primeras medidas fueron adoptadas sobre la base de la Ley de Comercio con el Enemigo, que hab\u00eda sido aprobada en 1917 durante la I Guerra Mundial, y de La Ley de Asistencia Exterior, promulgada en 1961, que permite mantener el embargo contra Cuba y proh\u00edbe que los fondos de ayuda internacional de EE.UU. sean destinados a Cuba.<\/p>\n<\/div>\n<div dir=\"ltr\" class=\"bbc-19j92fr e57qer20\" readability=\"9\">\n<p dir=\"ltr\" class=\"bbc-bm53ic e1cc2ql70\">En 1979, la Ley para la Administraci\u00f3n de las Exportaciones permite establecer controles sobre estas por razones de seguridad nacional.<\/p>\n<\/div>\n<div dir=\"ltr\" class=\"bbc-19j92fr e57qer20\" readability=\"13\">\n<p dir=\"ltr\" class=\"bbc-bm53ic e1cc2ql70\">Poco despu\u00e9s de la ca\u00edda de la Uni\u00f3n Sovi\u00e9tica, el Congreso de EE.UU. aprob\u00f3 en 1992 la Ley para la Democracia en Cuba, conocida como la Ley Torricelli, mediante la cual <b>se prohib\u00eda a las subsidiarias de empresas estadounidenses en otros pa\u00edses comerciar con Cuba<\/b> as\u00ed como los viajes de los ciudadanos estadounidenses. <\/p>\n<\/div>\n<div dir=\"ltr\" class=\"bbc-19j92fr e57qer20\" readability=\"7\">\n<p dir=\"ltr\" class=\"bbc-bm53ic e1cc2ql70\">Tambi\u00e9n intentaba limitar la cooperaci\u00f3n internacional de otros pa\u00edses con la isla.<\/p>\n<\/div>\n<div dir=\"ltr\" class=\"bbc-19j92fr e57qer20\" readability=\"12\">\n<p dir=\"ltr\" class=\"bbc-bm53ic e1cc2ql70\">La Ley para la Libertad y la Solidaridad Democr\u00e1tica Cubanas (conocida como Ley Helms-Burton), de 1996, reforzar\u00eda el embargo, incluyendo lo referido a su aplicaci\u00f3n extraterritorial gracias a la inclusi\u00f3n de sanciones para las empresas de otros pa\u00edses que hagan negocios con la isla.<\/p>\n<\/div>\n<div dir=\"ltr\" class=\"bbc-19j92fr e57qer20\" readability=\"8\">\n<p dir=\"ltr\" class=\"bbc-bm53ic e1cc2ql70\">La Ley Helms-Burton trajo consigo otro cambio importante al fijar<b> las condiciones requeridas para el levantamiento del embargo a Cuba<\/b>.<\/p>\n<\/div>\n<div dir=\"ltr\" class=\"bbc-19j92fr e57qer20\" readability=\"13\">\n<p dir=\"ltr\" class=\"bbc-bm53ic e1cc2ql70\">All\u00ed se establece que, en consulta con el Congreso, el presidente podr\u00e1 suspender algunas medidas cuando en Cuba se instale un gobierno de transici\u00f3n o podr\u00e1 eliminar todo el r\u00e9gimen de sanciones cuando la isla cuente con un gobierno democr\u00e1ticamente electo, considerado como el fin \u00faltimo del r\u00e9gimen de sanciones.<\/p>\n<\/div>\n<div dir=\"ltr\" class=\"bbc-19j92fr e57qer20\" readability=\"10\">\n<p dir=\"ltr\" class=\"bbc-bm53ic e1cc2ql70\">En este proceso, no obstante, la \u00faltima palabra la tendr\u00e1 el Congreso que est\u00e1 facultado para desaprobar el fin del embargo.<\/p>\n<\/div>\n<div dir=\"ltr\" class=\"bbc-19j92fr e57qer20\" readability=\"9\">\n<p dir=\"ltr\" class=\"bbc-bm53ic e1cc2ql70\">Esta legislaci\u00f3n tambi\u00e9n dificulta el acceso de la isla al financiamiento externo al establecer que Estados Unidos usar\u00e1 su voz y su voto en los organismos financieros internacionales para oponerse a la membres\u00eda de Cuba en esas instituciones. <\/p>\n<\/div>\n<div dir=\"ltr\" class=\"bbc-1ka88fa e57qer20\">\n<figure class=\"bbc-1qdcvv9 e6bmn90\">\n<div dir=\"ltr\" class=\"bbc-172p16q e57qer20\">\n<div dir=\"ltr\" class=\"bbc-189y18v e57qer20\" readability=\"6.5\">\n<div data-e2e=\"image-placeholder\" class=\"bbc-1k5hvrj e1whu0\" readability=\"8\"><noscript><img srcset=\"http:\/\/nuevacordoba.net\/wp-content\/uploads\/2021\/07\/protestas-en-cuba-cuanto-afecta-realmente-a-la-isla-el-embargo-de-estados-unidos-22.jpg 240w, http:\/\/nuevacordoba.net\/wp-content\/uploads\/2021\/07\/protestas-en-cuba-cuanto-afecta-realmente-a-la-isla-el-embargo-de-estados-unidos-23.jpg 320w, http:\/\/nuevacordoba.net\/wp-content\/uploads\/2021\/07\/protestas-en-cuba-cuanto-afecta-realmente-a-la-isla-el-embargo-de-estados-unidos-24.jpg 480w, http:\/\/nuevacordoba.net\/wp-content\/uploads\/2021\/07\/protestas-en-cuba-cuanto-afecta-realmente-a-la-isla-el-embargo-de-estados-unidos-25.jpg 624w, http:\/\/nuevacordoba.net\/wp-content\/uploads\/2021\/07\/protestas-en-cuba-cuanto-afecta-realmente-a-la-isla-el-embargo-de-estados-unidos-26.jpg 800w\" alt=\"Protesta contra Cuba por el derribo de avionetas de Hermanos al Rescate.\" src=\"http:\/\/nuevacordoba.net\/wp-content\/uploads\/2021\/07\/protestas-en-cuba-cuanto-afecta-realmente-a-la-isla-el-embargo-de-estados-unidos-3.jpg\" width=\"976\" class=\"bbc-fat2bc e1enwo3v0\"><\/noscript><\/p>\n<p role=\"text\" class=\"bbc-1s1cxbv etq3yw90\"><span class=\"bbc-1gnhmg2 e1yt7oin0\">Fuente de la imagen, <\/span><span lang=\"en-GB\">Getty Images<\/span><\/p>\n<\/div>\n<\/div>\n<div dir=\"ltr\" class=\"bbc-3edg7g e57qer20\" readability=\"6.5\"><figcaption dir=\"ltr\" class=\"bbc-1t9zlwf eede9f50\" readability=\"3\"><span class=\"bbc-1gnhmg2 e1yt7oin0\">Pie de foto, <\/span><\/p>\n<p>La ley Helms-Burton fue aprobada en 1996 despu\u00e9s de que Cuba derrib\u00f3 dos avionetas de la organizaci\u00f3n Hermanos al Rescate.<\/p>\n<\/figcaption><\/div>\n<\/div>\n<\/figure>\n<\/div>\n<div dir=\"ltr\" class=\"bbc-19j92fr e57qer20\" readability=\"11\">\n<p dir=\"ltr\" class=\"bbc-bm53ic e1cc2ql70\">En el a\u00f1o 2000, la Ley de Sanciones Comerciales e Incremento del Comercio signific\u00f3 una flexibilizaci\u00f3n del embargo al permitir la exportaci\u00f3n a Cuba de alimentos, productos agr\u00edcolas y medicinas a Cuba. <\/p>\n<\/div>\n<div dir=\"ltr\" class=\"bbc-19j92fr e57qer20\" readability=\"12\">\n<p dir=\"ltr\" class=\"bbc-bm53ic e1cc2ql70\">Adem\u00e1s de estas leyes, hay varias normas y regulaciones adicionales que conceden al Poder Ejecutivo un cierto margen de discrecionalidad en su aplicaci\u00f3n, lo que explica c\u00f3mo fue posible que durante el gobierno de <b>Barack Obama<\/b> se produjera una gran flexibilizaci\u00f3n de las relaciones econ\u00f3micas con Cuba -especialmente en lo relativo a <b>los viajes y al env\u00edo de remesas<\/b>&#8211; y que bajo la presidencia de<b> Donald Trump<\/b> se endurecieran.<\/p>\n<\/div>\n<div dir=\"ltr\" class=\"bbc-19j92fr e57qer20\" readability=\"10\">\n<p dir=\"ltr\" class=\"bbc-bm53ic e1cc2ql70\">Hist\u00f3ricamente, el gobierno de Cuba se ha referido a las sanciones econ\u00f3micas estadounidenses con el nombre de bloqueo y ha insistido en que una normalizaci\u00f3n plena de las relaciones bilaterales solo ser\u00e1 posible cuando estas medidas sean levantadas por completo.<\/p>\n<\/div>\n<div dir=\"ltr\" class=\"bbc-19j92fr e57qer20\" readability=\"12\">\n<p dir=\"ltr\" class=\"bbc-bm53ic e1cc2ql70\">Aunque las primeras sanciones impuestas por Washington respondieron a la estatizaci\u00f3n de los activos de las empresas estadounidenses en Cuba en 1960, con los a\u00f1os se convirtieron en un medio para presionar a la isla -neg\u00e1ndole acceso al comercio con la principal econom\u00eda del mundo, as\u00ed como a las facilidades inherentes al uso del sistema financiero estadounidense- para que respete los derechos humanos y permita la instauraci\u00f3n de un gobierno democr\u00e1ticamente electo. <\/p>\n<\/div>\n<p><h2 id=\"La-prohibici\u00f3n-es-la-norma\" tabindex=\"-1\" class=\"bbc-l3e97o e14hemmw0\">La prohibici\u00f3n es la norma<\/h2>\n<\/p>\n<div dir=\"ltr\" class=\"bbc-19j92fr e57qer20\" readability=\"7\">\n<p dir=\"ltr\" class=\"bbc-bm53ic e1cc2ql70\">Pero \u00bfcu\u00e1les son las actividades econ\u00f3micas afectadas por el embargo estadounidense a Cuba?<\/p>\n<\/div>\n<div dir=\"ltr\" class=\"bbc-19j92fr e57qer20\" readability=\"12\">\n<p dir=\"ltr\" class=\"bbc-bm53ic e1cc2ql70\">\u00abLa regla general es que <b>todo aquello que no est\u00e9 expl\u00edcitamente autorizado por una licencia especial o general est\u00e1 absolutamente prohibido<\/b> si tiene que ver con Cuba, en t\u00e9rminos econ\u00f3micos y de comercio\u00bb, dice Pedro Freyre, profesor de Derecho y abogado del bufete Akerman de Miami.<\/p>\n<\/div>\n<div dir=\"ltr\" class=\"bbc-19j92fr e57qer20\" readability=\"13\">\n<p dir=\"ltr\" class=\"bbc-bm53ic e1cc2ql70\">\u00abAhora bien, hablando del embargo alguien dijo que ten\u00eda &#8216;m\u00e1s huecos que queso&#8217; porque contiene toda una serie de excepciones y de licencias generales que autorizan transacciones con Cuba\u00bb, agrega Freyre, quien asesora a empresas estadounidenses e internacionales para ayudarlas a que sus operaciones en la isla no incumplan con el embargo.<\/p>\n<\/div>\n<div dir=\"ltr\" class=\"bbc-19j92fr e57qer20\" readability=\"13\">\n<p dir=\"ltr\" class=\"bbc-bm53ic e1cc2ql70\">El experto se\u00f1ala que est\u00e1 permitido el env\u00edo de ayuda humanitaria, as\u00ed como la exportaci\u00f3n de alimentos, aunque en el caso de estos se exige que el pago se haga en el momento, es decir, que no sea financiado.<\/p>\n<\/div>\n<div dir=\"ltr\" class=\"bbc-19j92fr e57qer20\" readability=\"9\">\n<p dir=\"ltr\" class=\"bbc-bm53ic e1cc2ql70\">Se\u00f1ala que tambi\u00e9n est\u00e1 autorizada la venta de medicamentos aunque no de forma autom\u00e1tica, pues se debe cumplir con alguna condici\u00f3n previa.<\/p>\n<\/div>\n<div dir=\"ltr\" class=\"bbc-19j92fr e57qer20\" readability=\"9\">\n<p dir=\"ltr\" class=\"bbc-bm53ic e1cc2ql70\">Freyre aclara que las prohibiciones existentes para el resto de actividades afectan a los estadounidenses y a las empresas y entidades de ese pa\u00eds o que est\u00e9n controladas por ciudadanos de ese pa\u00eds.<\/p>\n<\/div>\n<div dir=\"ltr\" class=\"bbc-1ka88fa e57qer20\">\n<figure class=\"bbc-1qdcvv9 e6bmn90\">\n<div dir=\"ltr\" class=\"bbc-172p16q e57qer20\">\n<div dir=\"ltr\" class=\"bbc-189y18v e57qer20\" readability=\"6.5\">\n<div data-e2e=\"image-placeholder\" class=\"bbc-1k5hvrj e1whu0\" readability=\"8\"><noscript><img srcset=\"http:\/\/nuevacordoba.net\/wp-content\/uploads\/2021\/07\/protestas-en-cuba-cuanto-afecta-realmente-a-la-isla-el-embargo-de-estados-unidos-27.jpg 240w, http:\/\/nuevacordoba.net\/wp-content\/uploads\/2021\/07\/protestas-en-cuba-cuanto-afecta-realmente-a-la-isla-el-embargo-de-estados-unidos-28.jpg 320w, http:\/\/nuevacordoba.net\/wp-content\/uploads\/2021\/07\/protestas-en-cuba-cuanto-afecta-realmente-a-la-isla-el-embargo-de-estados-unidos-29.jpg 480w, http:\/\/nuevacordoba.net\/wp-content\/uploads\/2021\/07\/protestas-en-cuba-cuanto-afecta-realmente-a-la-isla-el-embargo-de-estados-unidos-30.jpg 624w, http:\/\/nuevacordoba.net\/wp-content\/uploads\/2021\/07\/protestas-en-cuba-cuanto-afecta-realmente-a-la-isla-el-embargo-de-estados-unidos-31.jpg 800w\" alt=\"Banderas de Estados Unidos y Cuba\" src=\"http:\/\/nuevacordoba.net\/wp-content\/uploads\/2021\/07\/protestas-en-cuba-cuanto-afecta-realmente-a-la-isla-el-embargo-de-estados-unidos-4.jpg\" width=\"976\" class=\"bbc-fat2bc e1enwo3v0\"><\/noscript><\/p>\n<p role=\"text\" class=\"bbc-1s1cxbv etq3yw90\"><span class=\"bbc-1gnhmg2 e1yt7oin0\">Fuente de la imagen, <\/span><span lang=\"en-GB\">Getty Images<\/span><\/p>\n<\/div>\n<\/div>\n<\/div>\n<\/figure>\n<\/div>\n<div dir=\"ltr\" class=\"bbc-19j92fr e57qer20\" readability=\"11\">\n<p dir=\"ltr\" class=\"bbc-bm53ic e1cc2ql70\">En relaci\u00f3n con las medidas de EE.UU. que buscan restringir la capacidad de empresas de otros pa\u00edses para hacer negocios con Cuba, Freyre explica que naciones de la Uni\u00f3n Europea y otras como Canad\u00e1 han desarrollado con \u00e9xito una serie de leyes que <b>bloquean la aplicaci\u00f3n extraterritorial de estas leyes estadounidenses<\/b>.<\/p>\n<\/div>\n<div dir=\"ltr\" class=\"bbc-19j92fr e57qer20\" readability=\"15\">\n<p dir=\"ltr\" class=\"bbc-bm53ic e1cc2ql70\">\u00abLa aplicaci\u00f3n extraterritorial es colateral. Estados Unidos no tiene jurisdicci\u00f3n primaria sobre una empresa que no es estadounidense. Si t\u00fa tienes una empresa inglesa o francesa que funciona fuera de EE.UU., Estados Unidos no tiene jurisdicci\u00f3n de ning\u00fan tipo sobre esa empresa. Ahora bien, si esa compa\u00f1\u00eda empieza a funcionar en Estados Unidos, utiliza el sistema bancario o recursos estadounidenses, entonces s\u00ed hay jurisdicci\u00f3n sobre esta empresa\u00bb, se\u00f1ala.<\/p>\n<\/div>\n<div dir=\"ltr\" class=\"bbc-19j92fr e57qer20\" readability=\"13\">\n<p dir=\"ltr\" class=\"bbc-bm53ic e1cc2ql70\">El tema de la aplicaci\u00f3n extraterritorial del embargo ha cobrado vigor en los \u00faltimos a\u00f1os, luego de que el gobierno de Donald Trump permiti\u00f3 la aplicaci\u00f3n del t\u00edtulo III de la Ley Helms-Burton, que estaba suspendido, y que establece que las empresas que fueron confiscadas por el gobierno de Cuba pueden demandar en los tribunales estadounidenses a las compa\u00f1\u00edas extranjeras que operen en la isla con esas propiedades.<\/p>\n<\/div>\n<div dir=\"ltr\" class=\"bbc-19j92fr e57qer20\" readability=\"10\">\n<p dir=\"ltr\" class=\"bbc-bm53ic e1cc2ql70\">\u00abVamos a suponer que los antiguos due\u00f1os de una tabacalera que fue confiscada ponen y ganan un pleito en una corte de Estados Unidos contra una empresa francesa que ahora controla ese activo. Pero esta compa\u00f1\u00eda francesa no tiene bienes en Estados Unidos, lo tiene todo en Europa.<\/p>\n<\/div>\n<div dir=\"ltr\" class=\"bbc-19j92fr e57qer20\" readability=\"11\">\n<p dir=\"ltr\" class=\"bbc-bm53ic e1cc2ql70\">\u00abEntonces, los estadounidenses tienen que ir a una corte francesa y decir &#8216;oye, dale efecto y validez a este pleito que gan\u00e9 en Estados Unidos y vamos a embargar las propiedades de esta empresa francesa&#8217;.<\/p>\n<\/div>\n<div dir=\"ltr\" class=\"bbc-19j92fr e57qer20\" readability=\"12\">\n<p dir=\"ltr\" class=\"bbc-bm53ic e1cc2ql70\">\u00abLa regulaci\u00f3n de la Uni\u00f3n Europea proh\u00edbe absolutamente que los tribunales de Francia acepten eso y, adem\u00e1s, le da derecho a la empresa francesa a entablar una contrademanda en contra de los estadounidenses\u00bb, explica.<\/p>\n<\/div>\n<div dir=\"ltr\" class=\"bbc-1ka88fa e57qer20\">\n<figure class=\"bbc-1qdcvv9 e6bmn90\">\n<div dir=\"ltr\" class=\"bbc-172p16q e57qer20\">\n<div dir=\"ltr\" class=\"bbc-189y18v e57qer20\" readability=\"6.5\">\n<div data-e2e=\"image-placeholder\" class=\"bbc-1k5hvrj e1whu0\" readability=\"8\"><noscript><img srcset=\"http:\/\/nuevacordoba.net\/wp-content\/uploads\/2021\/07\/protestas-en-cuba-cuanto-afecta-realmente-a-la-isla-el-embargo-de-estados-unidos-32.jpg 240w, http:\/\/nuevacordoba.net\/wp-content\/uploads\/2021\/07\/protestas-en-cuba-cuanto-afecta-realmente-a-la-isla-el-embargo-de-estados-unidos-33.jpg 320w, http:\/\/nuevacordoba.net\/wp-content\/uploads\/2021\/07\/protestas-en-cuba-cuanto-afecta-realmente-a-la-isla-el-embargo-de-estados-unidos-34.jpg 480w, http:\/\/nuevacordoba.net\/wp-content\/uploads\/2021\/07\/protestas-en-cuba-cuanto-afecta-realmente-a-la-isla-el-embargo-de-estados-unidos-35.jpg 624w, http:\/\/nuevacordoba.net\/wp-content\/uploads\/2021\/07\/protestas-en-cuba-cuanto-afecta-realmente-a-la-isla-el-embargo-de-estados-unidos-36.jpg 800w\" alt=\"Hotel de la cadena Meli\u00e0 en Varadero.\" src=\"http:\/\/nuevacordoba.net\/wp-content\/uploads\/2021\/07\/protestas-en-cuba-cuanto-afecta-realmente-a-la-isla-el-embargo-de-estados-unidos-5.jpg\" width=\"976\" class=\"bbc-fat2bc e1enwo3v0\"><\/noscript><\/p>\n<p role=\"text\" class=\"bbc-1s1cxbv etq3yw90\"><span class=\"bbc-1gnhmg2 e1yt7oin0\">Fuente de la imagen, <\/span><span lang=\"en-GB\">Getty Images<\/span><\/p>\n<\/div>\n<\/div>\n<div dir=\"ltr\" class=\"bbc-3edg7g e57qer20\" readability=\"6\"><figcaption dir=\"ltr\" class=\"bbc-1t9zlwf eede9f50\" readability=\"2\"><span class=\"bbc-1gnhmg2 e1yt7oin0\">Pie de foto, <\/span><\/p>\n<p>Numerosas empresas europeas tienen inversiones millonarias en el sector tur\u00edstico de Cuba.<\/p>\n<\/figcaption><\/div>\n<\/div>\n<\/figure>\n<\/div>\n<div dir=\"ltr\" class=\"bbc-19j92fr e57qer20\" readability=\"8\">\n<p dir=\"ltr\" class=\"bbc-bm53ic e1cc2ql70\">Freyre destaca que<b> las empresas extranjeras que quieran hacer negocios con Cuba <\/b><b>deben<\/b><b> evitar utilizar el sistema financiero estadounidense<\/b>.<\/p>\n<\/div>\n<div dir=\"ltr\" class=\"bbc-19j92fr e57qer20\" readability=\"13\">\n<p dir=\"ltr\" class=\"bbc-bm53ic e1cc2ql70\"> \u00abCuba puede teor\u00e9ticamente comprar todo el combustible que quiera directamente, por ejemplo, de Rusia. Estados Unidos no tiene injerencia en eso, pero esta transacci\u00f3n no puede ser en d\u00f3lares ni puede valerse del sistema bancario norteamericano\u00bb, apunta.<\/p>\n<\/div>\n<p><h2 id=\"Las-culpas-del-embargo\" tabindex=\"-1\" class=\"bbc-l3e97o e14hemmw0\">Las culpas del embargo<\/h2>\n<\/p>\n<div dir=\"ltr\" class=\"bbc-19j92fr e57qer20\" readability=\"7\">\n<p dir=\"ltr\" class=\"bbc-bm53ic e1cc2ql70\">\u00bfY cu\u00e1l ha sido el impacto del embargo sobre Cuba?<\/p>\n<\/div>\n<div dir=\"ltr\" class=\"bbc-19j92fr e57qer20\" readability=\"11\">\n<p dir=\"ltr\" class=\"bbc-bm53ic e1cc2ql70\">\u00ab<b>Los da\u00f1os acumulados durante casi seis d\u00e9cadas de aplicaci\u00f3n de esta pol\u00edtica ascienden a US$144.413,7 millones<\/b>\u00ab, se\u00f1al\u00f3 el gobierno de Cuba en el informe \u00abCuba vs Bloqueo\u00bb que present\u00f3 sobre el embargo ante la Asamblea General de la ONU en septiembre de 2020.<\/p>\n<\/div>\n<div dir=\"ltr\" class=\"bbc-19j92fr e57qer20\" readability=\"10\">\n<p dir=\"ltr\" class=\"bbc-bm53ic e1cc2ql70\">Las autoridades de la isla suelen atribuir la culpa de las dificultades econ\u00f3micas que enfrenta la poblaci\u00f3n al efecto de las sanciones estadounidenses, se\u00f1alando que les dificultan el comercio y la obtenci\u00f3n de inversiones y de financiamiento.<\/p>\n<\/div>\n<div dir=\"ltr\" class=\"bbc-1ka88fa e57qer20\">\n<figure class=\"bbc-1qdcvv9 e6bmn90\">\n<div dir=\"ltr\" class=\"bbc-172p16q e57qer20\">\n<div dir=\"ltr\" class=\"bbc-189y18v e57qer20\" readability=\"6.5\">\n<div data-e2e=\"image-placeholder\" class=\"bbc-1k5hvrj e1whu0\" readability=\"8\"><noscript><img srcset=\"http:\/\/nuevacordoba.net\/wp-content\/uploads\/2021\/07\/protestas-en-cuba-cuanto-afecta-realmente-a-la-isla-el-embargo-de-estados-unidos-37.jpg 240w, http:\/\/nuevacordoba.net\/wp-content\/uploads\/2021\/07\/protestas-en-cuba-cuanto-afecta-realmente-a-la-isla-el-embargo-de-estados-unidos-38.jpg 320w, http:\/\/nuevacordoba.net\/wp-content\/uploads\/2021\/07\/protestas-en-cuba-cuanto-afecta-realmente-a-la-isla-el-embargo-de-estados-unidos-39.jpg 480w, http:\/\/nuevacordoba.net\/wp-content\/uploads\/2021\/07\/protestas-en-cuba-cuanto-afecta-realmente-a-la-isla-el-embargo-de-estados-unidos-40.jpg 624w, http:\/\/nuevacordoba.net\/wp-content\/uploads\/2021\/07\/protestas-en-cuba-cuanto-afecta-realmente-a-la-isla-el-embargo-de-estados-unidos-41.jpg 800w\" alt=\"Miguel D\u00edaz-Canel\" src=\"http:\/\/nuevacordoba.net\/wp-content\/uploads\/2021\/07\/protestas-en-cuba-cuanto-afecta-realmente-a-la-isla-el-embargo-de-estados-unidos-6.jpg\" width=\"976\" class=\"bbc-fat2bc e1enwo3v0\"><\/noscript><\/p>\n<p role=\"text\" class=\"bbc-1s1cxbv etq3yw90\"><span class=\"bbc-1gnhmg2 e1yt7oin0\">Fuente de la imagen, <\/span><span lang=\"en-GB\">Getty Images<\/span><\/p>\n<\/div>\n<\/div>\n<div dir=\"ltr\" class=\"bbc-3edg7g e57qer20\" readability=\"6\"><figcaption dir=\"ltr\" class=\"bbc-1t9zlwf eede9f50\" readability=\"2\"><span class=\"bbc-1gnhmg2 e1yt7oin0\">Pie de foto, <\/span><\/p>\n<p>D\u00edaz-Canel reiter\u00f3 la posici\u00f3n de Cuba de pedir el cese del embargo de EE.UU.<\/p>\n<\/figcaption><\/div>\n<\/div>\n<\/figure>\n<\/div>\n<div dir=\"ltr\" class=\"bbc-19j92fr e57qer20\" readability=\"13\">\n<p dir=\"ltr\" class=\"bbc-bm53ic e1cc2ql70\">Sus cr\u00edticos, sin embargo, apuntan que <b>la isla mantiene relaciones comerciales con decenas de pa\u00edses de todo el mundo<\/b> y que recibe importantes inversiones extranjeras, eso s\u00ed, en los sectores donde hay posibilidad de mantener operaciones rentables como el turismo.<\/p>\n<\/div>\n<div dir=\"ltr\" class=\"bbc-19j92fr e57qer20\" readability=\"12\">\n<p dir=\"ltr\" class=\"bbc-bm53ic e1cc2ql70\">Erika Guevara-Rosas, directora para las Am\u00e9ricas de Amnist\u00eda Internacional, se\u00f1ala que aunque el embargo de Estados Unidos ha tenido un impacto econ\u00f3mico y social sobre la isla, el argumento de culpar a estas sanciones por los problemas cubanos es \u00abobsoleto\u00bb.<\/p>\n<\/div>\n<div dir=\"ltr\" class=\"bbc-19j92fr e57qer20\" readability=\"11\">\n<p dir=\"ltr\" class=\"bbc-bm53ic e1cc2ql70\">\u00abEllos [el gobierno cubano] han generado una narrativa como si se tratara de un bloqueo completo y se trata de un embargo econ\u00f3mico y financiero, con todas las implicaciones que eso tiene en la vida de las personas\u00bb, dijo Guevara-Rosas a BBC Mundo.<\/p>\n<\/div>\n<div dir=\"ltr\" class=\"bbc-19j92fr e57qer20\" readability=\"10\">\n<p dir=\"ltr\" class=\"bbc-bm53ic e1cc2ql70\">Record\u00f3 adem\u00e1s que la isla tiene lazos estrechos de cooperaci\u00f3n y de comercio con pa\u00edses europeos y que, de hecho, <b>Estados Unidos es el principal exportador de alimentos y medicamentos a Cuba<\/b>.<\/p>\n<\/div>\n<div dir=\"ltr\" class=\"bbc-19j92fr e57qer20\" readability=\"20\">\n<p dir=\"ltr\" class=\"bbc-bm53ic e1cc2ql70\">La lista de los principales socios comerciales de la isla es variada e incluye a pa\u00edses como Venezuela, China, Espa\u00f1a, Canad\u00e1, Rusia, M\u00e9xico, Pa\u00edses Bajos, Italia, Francia, Alemania y el propio Estados Unidos, de acuerdo con cifras de la Oficina Nacional de Estad\u00edsticas e Informaci\u00f3n de Cuba correspondientes a 2019.<\/p>\n<\/div>\n<div dir=\"ltr\" class=\"bbc-1ka88fa e57qer20\">\n<figure class=\"bbc-1qdcvv9 e6bmn90\">\n<div dir=\"ltr\" class=\"bbc-172p16q e57qer20\">\n<div dir=\"ltr\" class=\"bbc-189y18v e57qer20\" readability=\"6.5\">\n<div data-e2e=\"image-placeholder\" class=\"bbc-1k5hvrj e1whu0\" readability=\"8\"><noscript><img srcset=\"http:\/\/nuevacordoba.net\/wp-content\/uploads\/2021\/07\/protestas-en-cuba-cuanto-afecta-realmente-a-la-isla-el-embargo-de-estados-unidos-42.jpg 240w, http:\/\/nuevacordoba.net\/wp-content\/uploads\/2021\/07\/protestas-en-cuba-cuanto-afecta-realmente-a-la-isla-el-embargo-de-estados-unidos-43.jpg 320w, http:\/\/nuevacordoba.net\/wp-content\/uploads\/2021\/07\/protestas-en-cuba-cuanto-afecta-realmente-a-la-isla-el-embargo-de-estados-unidos-44.jpg 480w, http:\/\/nuevacordoba.net\/wp-content\/uploads\/2021\/07\/protestas-en-cuba-cuanto-afecta-realmente-a-la-isla-el-embargo-de-estados-unidos-45.jpg 624w, http:\/\/nuevacordoba.net\/wp-content\/uploads\/2021\/07\/protestas-en-cuba-cuanto-afecta-realmente-a-la-isla-el-embargo-de-estados-unidos-46.jpg 800w\" alt=\"Nicol\u00e1s Maduro y Miguel D\u00edaz-Canel.\" src=\"http:\/\/nuevacordoba.net\/wp-content\/uploads\/2021\/07\/protestas-en-cuba-cuanto-afecta-realmente-a-la-isla-el-embargo-de-estados-unidos-7.jpg\" width=\"976\" class=\"bbc-fat2bc e1enwo3v0\"><\/noscript><\/p>\n<p role=\"text\" class=\"bbc-1s1cxbv etq3yw90\"><span class=\"bbc-1gnhmg2 e1yt7oin0\">Fuente de la imagen, <\/span><span lang=\"en-GB\">Getty Images<\/span><\/p>\n<\/div>\n<\/div>\n<div dir=\"ltr\" class=\"bbc-3edg7g e57qer20\" readability=\"6.5\"><figcaption dir=\"ltr\" class=\"bbc-1t9zlwf eede9f50\" readability=\"3\"><span class=\"bbc-1gnhmg2 e1yt7oin0\">Pie de foto, <\/span><\/p>\n<p>Adem\u00e1s de aliada pol\u00edtica, la Venezuela de Maduro es un importante socio comercial de Cuba.<\/p>\n<\/figcaption><\/div>\n<\/div>\n<\/figure>\n<\/div>\n<div dir=\"ltr\" class=\"bbc-19j92fr e57qer20\" readability=\"7\">\n<p dir=\"ltr\" class=\"bbc-bm53ic e1cc2ql70\">Guevara-Rosas destaca que 80% del consumo de carne y pollo de la isla proviene de Estados Unidos.<\/p>\n<\/div>\n<div dir=\"ltr\" class=\"bbc-19j92fr e57qer20\" readability=\"13\">\n<p dir=\"ltr\" class=\"bbc-bm53ic e1cc2ql70\">John Kavulich, presidente del <i class=\"bbc-h1y5j7 ewc4zcb0\">US-Cuba Trade and Economic Council<\/i>, se\u00f1al\u00f3 a BBC Monitoring que este a\u00f1o las exportaciones de alimentos de EE.UU. a la isla han aumentado 60% en comparaci\u00f3n con 2020 y que en lo que va de a\u00f1o suman unos US$140 millones, principalmente por la venta de pollo pero tambi\u00e9n por otros rubros.<\/p>\n<\/div>\n<div dir=\"ltr\" class=\"bbc-19j92fr e57qer20\" readability=\"7\">\n<p dir=\"ltr\" class=\"bbc-bm53ic e1cc2ql70\">Kavulich estima que <b>en torno a 8% de los alimentos importados por Cuba proceden de Estados Unidos<\/b>. <\/p>\n<\/div>\n<div dir=\"ltr\" class=\"bbc-19j92fr e57qer20\" readability=\"9\">\n<p dir=\"ltr\" class=\"bbc-bm53ic e1cc2ql70\">As\u00ed, a la hora de buscar el origen de las dificultades de la isla algunos analistas como Pedro Freyre miran m\u00e1s all\u00e1 del embargo.<\/p>\n<\/div>\n<div dir=\"ltr\" class=\"bbc-19j92fr e57qer20\" readability=\"8\">\n<p dir=\"ltr\" class=\"bbc-bm53ic e1cc2ql70\">\u00abEl problema fundamental de la econom\u00eda de Cuba es que su sistema es muy ineficiente\u00bb, dice.<\/p>\n<\/div>\n<div dir=\"ltr\" class=\"bbc-19j92fr e57qer20\" readability=\"15\">\n<p dir=\"ltr\" class=\"bbc-bm53ic e1cc2ql70\">\u00abEl planeamiento es central y la propiedad, el t\u00edtulo de todos los bienes fundamentales de producci\u00f3n, es del Estado. Las empresas grandes son del Estado. El sector privado es relativamente peque\u00f1o y ha venido expandi\u00e9ndose a duras penas, pero son muy peque\u00f1itos, son negocios personales\u00bb, se\u00f1ala.<\/p>\n<\/div>\n<div dir=\"ltr\" class=\"bbc-19j92fr e57qer20\" readability=\"9\">\n<p dir=\"ltr\" class=\"bbc-bm53ic e1cc2ql70\">Afirma que quienes viajan a Cuba pueden notar el elevado estado de desgaste en la infraestructura, algo que atribuye a las dificultades del sistema para crear valor y capital.<\/p>\n<\/div>\n<div dir=\"ltr\" class=\"bbc-19j92fr e57qer20\" readability=\"15\">\n<p dir=\"ltr\" class=\"bbc-bm53ic e1cc2ql70\">\u00abEntonces, en medio de todo ese desgaste ves un hotel nuevo, de primera l\u00ednea. Ese hotel es un <i class=\"bbc-h1y5j7 ewc4zcb0\">joint venture<\/i> de una agencia del gobierno, normalmente con una empresa rusa, una empresa china, o lo que sea y es como <b>un oasis de capitalizaci\u00f3n en medio de un oc\u00e9ano de desgaste<\/b>\u00ab, agrega. <\/p>\n<\/div>\n<div dir=\"ltr\" class=\"bbc-19j92fr e57qer20\" readability=\"10\">\n<p dir=\"ltr\" class=\"bbc-bm53ic e1cc2ql70\">Freyre asegura que en ese contexto, el embargo le impone a Cuba una carga adicional y hace las cosas m\u00e1s dif\u00edciles, pero que la ra\u00edz de todo est\u00e1 en la ineficiencia del sistema.<\/p>\n<\/div>\n<div dir=\"ltr\" class=\"bbc-19j92fr e57qer20\" readability=\"10\">\n<p dir=\"ltr\" class=\"bbc-bm53ic e1cc2ql70\">\u00ab<b>Una Cuba capitalista bajo sanciones no tendr\u00eda ni remotamente el nivel de problemas que tiene ahora<\/b>. Tendr\u00eda problemas, pero no el nivel de problemas que tiene ahora\u00bb, concluye.<\/p>\n<\/div>\n<div dir=\"ltr\" class=\"bbc-1ka88fa e57qer20\">\n<figure class=\"bbc-1qdcvv9 e6bmn90\">\n<div dir=\"ltr\" class=\"bbc-172p16q e57qer20\">\n<div dir=\"ltr\" class=\"bbc-189y18v e57qer20\">\n<div data-e2e=\"image-placeholder\" class=\"bbc-367mqz e1whu0\"><noscript><img srcset=\"http:\/\/nuevacordoba.net\/wp-content\/uploads\/2021\/07\/protestas-en-cuba-cuanto-afecta-realmente-a-la-isla-el-embargo-de-estados-unidos-47.jpg 240w, http:\/\/nuevacordoba.net\/wp-content\/uploads\/2021\/07\/protestas-en-cuba-cuanto-afecta-realmente-a-la-isla-el-embargo-de-estados-unidos-48.jpg 320w, http:\/\/nuevacordoba.net\/wp-content\/uploads\/2021\/07\/protestas-en-cuba-cuanto-afecta-realmente-a-la-isla-el-embargo-de-estados-unidos-49.jpg 464w\" alt=\"L\u00ednea\" src=\"http:\/\/nuevacordoba.net\/wp-content\/uploads\/2021\/07\/protestas-en-cuba-cuanto-afecta-realmente-a-la-isla-el-embargo-de-estados-unidos-8.jpg\" width=\"464\" class=\"bbc-fat2bc e1enwo3v0\"><\/noscript><\/div>\n<\/div>\n<\/div>\n<\/figure>\n<\/div>\n<div dir=\"ltr\" class=\"bbc-19j92fr e57qer20\" readability=\"8\">\n<p dir=\"ltr\" class=\"bbc-bm53ic e1cc2ql70\"><i class=\"bbc-h1y5j7 ewc4zcb0\">Recuerda que <\/i><i class=\"bbc-h1y5j7 ewc4zcb0\">puedes recibir notificaciones de BBC Mundo. Descarg<\/i><i class=\"bbc-h1y5j7 ewc4zcb0\">a <\/i><i class=\"bbc-h1y5j7 ewc4zcb0\">nuestra app y act\u00edvalas para no perderte nuestro mejor contenido.<\/i><\/p>\n<\/div>\n","protected":false},"excerpt":{"rendered":"<p>\u00c1ngel Berm\u00fadez (@angelbermudez) BBC News Mundo 3 horas Fuente de la imagen, Getty Images El embargo de Estados Unidos contra Cuba es una de las medidas que m\u00e1s veces ha sido rechazada en la Asamblea General de la ONU, donde cada a\u00f1o desde 1992 se aprueba una resoluci\u00f3n en su contra. La resoluci\u00f3n de condena [&hellip;]<\/p>\n","protected":false},"author":1,"featured_media":7086,"comment_status":"closed","ping_status":"closed","sticky":false,"template":"","format":"standard","meta":[],"categories":[13],"tags":[],"_links":{"self":[{"href":"http:\/\/nuevacordoba.net\/index.php\/wp-json\/wp\/v2\/posts\/7085"}],"collection":[{"href":"http:\/\/nuevacordoba.net\/index.php\/wp-json\/wp\/v2\/posts"}],"about":[{"href":"http:\/\/nuevacordoba.net\/index.php\/wp-json\/wp\/v2\/types\/post"}],"author":[{"embeddable":true,"href":"http:\/\/nuevacordoba.net\/index.php\/wp-json\/wp\/v2\/users\/1"}],"replies":[{"embeddable":true,"href":"http:\/\/nuevacordoba.net\/index.php\/wp-json\/wp\/v2\/comments?post=7085"}],"version-history":[{"count":0,"href":"http:\/\/nuevacordoba.net\/index.php\/wp-json\/wp\/v2\/posts\/7085\/revisions"}],"wp:featuredmedia":[{"embeddable":true,"href":"http:\/\/nuevacordoba.net\/index.php\/wp-json\/wp\/v2\/media\/7086"}],"wp:attachment":[{"href":"http:\/\/nuevacordoba.net\/index.php\/wp-json\/wp\/v2\/media?parent=7085"}],"wp:term":[{"taxonomy":"category","embeddable":true,"href":"http:\/\/nuevacordoba.net\/index.php\/wp-json\/wp\/v2\/categories?post=7085"},{"taxonomy":"post_tag","embeddable":true,"href":"http:\/\/nuevacordoba.net\/index.php\/wp-json\/wp\/v2\/tags?post=7085"}],"curies":[{"name":"wp","href":"https:\/\/api.w.org\/{rel}","templated":true}]}}