{"id":7093,"date":"2021-07-16T03:02:57","date_gmt":"2021-07-16T03:02:57","guid":{"rendered":"https:\/\/puntoapunto.com.ar\/?p=281175"},"modified":"2021-07-16T03:02:57","modified_gmt":"2021-07-16T03:02:57","slug":"la-cordobesa-tecme-cerro-otra-venta-de-respiradores-a-la-nacion","status":"publish","type":"post","link":"http:\/\/nuevacordoba.net\/index.php\/2021\/07\/16\/la-cordobesa-tecme-cerro-otra-venta-de-respiradores-a-la-nacion\/","title":{"rendered":"La cordobesa Tecme cerr\u00f3 otra venta de respiradores a la Naci\u00f3n"},"content":{"rendered":"<p>La <a href=\"https:\/\/puntoapunto.com.ar\/empresario-2020-tecme\/\" target=\"_blank\" rel=\"noopener\">f\u00e1brica cordobesa Tecme<\/a>, la principal firma productora de respiradores artificiales del pa\u00eds cerr\u00f3 un nuevo contrato <a href=\"https:\/\/puntoapunto.com.ar\/tag\/para\/\" class=\"st_tag internal_tag\" rel=\"tag\" title=\"Posts tagged with para\">para<\/a> la provisi\u00f3n de equipamientos. En esta ocasi\u00f3n el Ministerio de Salud de la Naci\u00f3n adjudic\u00f3 ayer una contrataci\u00f3n directa \u201cpor Emergencia COVID-19\u201d con el fin de adquirir una nueva partida de respiradores, los que se convirtieron en uno de los insumos cr\u00edticos desde el arranque de la pandemia del coronavirus.<\/p>\n<p>Seg\u00fan consign\u00f3 el sitio PharmaBiz, el proceso que tuvo su fecha de inicio el mes pasado, defini\u00f3 como ganadora a la cordobesa Tecme. La firma <a href=\"https:\/\/puntoapunto.com.ar\/tag\/propiedad\/\" class=\"st_tag internal_tag\" rel=\"tag\" title=\"Posts tagged with Propiedad\">propiedad<\/a> de la familia Ma\u00f1\u00e1 le proveer\u00e1 al Estado de 180 unidades por una suma total de $198 millones (a d\u00f3lar oficial son US$1.9 millones). La compa\u00f1\u00eda fue la \u00fanica oferente que cotiz\u00f3 en pos de cubrir el total solicitado desde la cartera sanitaria que conduce Carla Vizzotti.<\/p>\n<p>Adem\u00e1s de Tecme, a la contrataci\u00f3n directa se hab\u00edan postulado otras tres compa\u00f1\u00edas, aunque todas presentaron ofertas parciales. Figuraron los respiradores de alta complejidad del tipo ventilador mec\u00e1nico volum\u00e9trico adulto \/ pedi\u00e1trico de la alemana Dr\u00e4ger. Tambi\u00e9n los que comercializan los locales Jaej; y Agimed. Las cotizaciones de estas \u00faltimas fueron desestimadas en funci\u00f3n de que no se ajustaron t\u00e9cnicamente a las condiciones requeridas en el pliego.<\/p>\n<p>Cabe recordar que a fines de marzo del a\u00f1o pasado, el Estado determin\u00f3 ponerle un coto a las exportaciones de este tipo de productos cr\u00edticos para cuidados intensivos. La medida qued\u00f3 plasmada en el decreto n\u00b0 <a href=\"https:\/\/puntoapunto.com.ar\/tag\/31\/\" class=\"st_tag internal_tag\" rel=\"tag\" title=\"Posts tagged with 31\">31<\/a>7 publicado en el Bolet\u00edn Oficial.<\/p>\n<p>Con esta adjudicaci\u00f3n la cordobesa Tecme habr\u00e1 entregado equipamientos a la Naci\u00f3n por el orden de los $2.700 millones. Antes de este \u00faltimo contrato en mayo hab\u00eda concretado despachos por $638 millones y a lo largo del 2020 envi\u00f3 al sistema sanitario <a href=\"https:\/\/puntoapunto.com.ar\/tag\/nacional\/\" class=\"st_tag internal_tag\" rel=\"tag\" title=\"Posts tagged with nacional\">nacional<\/a> equipos por $1.890 millones.<\/p>\n<div class=\"saboxplugin-wrap\" itemtype=\"http:\/\/schema.org\/Person\" itemscope itemprop=\"author\">\n<div class=\"saboxplugin-tab saboxplugin-tab-about\">\n<div class=\"saboxplugin-gravatar\"><img loading=\"lazy\" src=\"http:\/\/nuevacordoba.net\/wp-content\/uploads\/2021\/07\/la-cordobesa-tecme-cerro-otra-venta-de-respiradores-a-la-nacion.jpg\" width=\"100\" height=\"100\" alt itemprop=\"image\"><\/div>\n<div class=\"saboxplugin-desc\" readability=\"7.6300578034682\">\n<div itemprop=\"description\" readability=\"10.491329479769\">\n<p>Lic. Jos\u00e9 Busaniche \/ TW: @josebusaniche<br \/>Redacci\u00f3n Revista Punto a Punto<br \/>(351) 6064291<br \/><a href=\"https:\/\/puntoapunto.com.ar\/tag\/complejo\/\" class=\"st_tag internal_tag\" rel=\"tag\" title=\"Posts tagged with Complejo\">Complejo<\/a> Barranquitas, Jos\u00e9 Roque Funes 1145, Cerro de las Rosas, C\u00f3rdoba CP 5009.<\/p>\n<\/div>\n<\/div>\n<\/div>\n<\/div>\n","protected":false},"excerpt":{"rendered":"<p>La f\u00e1brica cordobesa Tecme, la principal firma productora de respiradores artificiales del pa\u00eds cerr\u00f3 un nuevo contrato para la provisi\u00f3n de equipamientos. En esta ocasi\u00f3n el Ministerio de Salud de la Naci\u00f3n adjudic\u00f3 ayer una contrataci\u00f3n directa \u201cpor Emergencia COVID-19\u201d con el fin de adquirir una nueva partida de respiradores, los que se convirtieron en [&hellip;]<\/p>\n","protected":false},"author":1,"featured_media":7094,"comment_status":"open","ping_status":"closed","sticky":false,"template":"","format":"standard","meta":[],"categories":[14],"tags":[],"_links":{"self":[{"href":"http:\/\/nuevacordoba.net\/index.php\/wp-json\/wp\/v2\/posts\/7093"}],"collection":[{"href":"http:\/\/nuevacordoba.net\/index.php\/wp-json\/wp\/v2\/posts"}],"about":[{"href":"http:\/\/nuevacordoba.net\/index.php\/wp-json\/wp\/v2\/types\/post"}],"author":[{"embeddable":true,"href":"http:\/\/nuevacordoba.net\/index.php\/wp-json\/wp\/v2\/users\/1"}],"replies":[{"embeddable":true,"href":"http:\/\/nuevacordoba.net\/index.php\/wp-json\/wp\/v2\/comments?post=7093"}],"version-history":[{"count":0,"href":"http:\/\/nuevacordoba.net\/index.php\/wp-json\/wp\/v2\/posts\/7093\/revisions"}],"wp:featuredmedia":[{"embeddable":true,"href":"http:\/\/nuevacordoba.net\/index.php\/wp-json\/wp\/v2\/media\/7094"}],"wp:attachment":[{"href":"http:\/\/nuevacordoba.net\/index.php\/wp-json\/wp\/v2\/media?parent=7093"}],"wp:term":[{"taxonomy":"category","embeddable":true,"href":"http:\/\/nuevacordoba.net\/index.php\/wp-json\/wp\/v2\/categories?post=7093"},{"taxonomy":"post_tag","embeddable":true,"href":"http:\/\/nuevacordoba.net\/index.php\/wp-json\/wp\/v2\/tags?post=7093"}],"curies":[{"name":"wp","href":"https:\/\/api.w.org\/{rel}","templated":true}]}}