{"id":7121,"date":"2021-07-16T17:59:11","date_gmt":"2021-07-16T17:59:11","guid":{"rendered":"https:\/\/puntoapunto.com.ar\/?p=281222"},"modified":"2021-07-16T17:59:11","modified_gmt":"2021-07-16T17:59:11","slug":"biocombustibles-se-aprobo-la-nueva-ley-que-regira-hasta-el-2030","status":"publish","type":"post","link":"http:\/\/nuevacordoba.net\/index.php\/2021\/07\/16\/biocombustibles-se-aprobo-la-nueva-ley-que-regira-hasta-el-2030\/","title":{"rendered":"Biocombustibles: se aprob\u00f3 la nueva Ley que regir\u00e1 hasta el 2030"},"content":{"rendered":"<p>El Senado aprob\u00f3, y convirti\u00f3 en ley, el nuevo marco de la producci\u00f3n de <strong>biocombustibles<\/strong> que propone un <strong>corte del 5% para el gasoil<\/strong> y el <strong><a href=\"https:\/\/puntoapunto.com.ar\/provincia-lanza-programa-para-impulsar-la-produccion-y-autoconsumo-de-biodiesel\/\" target=\"_blank\" rel=\"noopener\">biodiesel<\/a> y del 12%<\/strong> <strong>entre naftas y bioetano.<\/strong><\/p>\n<p>Este nuevo r\u00e9gimen regir\u00e1 hasta el 31 de diciembre de 2030 (con posibilidad de pr\u00f3rroga por cinco a\u00f1os) y&nbsp;<strong>establecer\u00e1 una reducci\u00f3n del 10 al 5% en el corte obligatorio m\u00ednimo para el biodi\u00e9sel.<\/strong>&nbsp;Esta p\u00e9rdida de beneficios fue la principal raz\u00f3n que esgrimi\u00f3 Juntos por el Cambio para oponerse a la reforma.<\/p>\n<p class=\"paragraph\">El proyecto recibi\u00f3 el<b>&nbsp;apoyo del oficialismo y de algunos legisladores de la oposici\u00f3n&nbsp;<\/b>que representan a las provincias de Salta, Jujuy y Tucum\u00e1n, beneficiadas con la medida, por ser productoras de ca\u00f1a de az\u00facar.<\/p>\n<p class=\"paragraph\">En tanto,&nbsp;<b>desde las provincias de la regi\u00f3n central se rechaz\u00f3 la iniciativa.&nbsp;<\/b>Advirtieron que&nbsp;<b>dejar\u00edan de funcionar diversas plantas que elaboran biocombustible a base de soja y <a href=\"https:\/\/puntoapunto.com.ar\/busso-para-cordoba-el-maiz-es-como-el-petroleo-en-neuquen\/\" target=\"_blank\" rel=\"noopener\">ma\u00edz<\/a><\/b>. Los principales cuestionamientos provinieron de los senadores de <strong>C\u00f3rdoba<\/strong>, Santa Fe y Entre R\u00edos, distritos que son productores de granos.<\/p>\n<p>El <strong>R\u00e9gimen de Regulaci\u00f3n y Promoci\u00f3n para la Producci\u00f3n y Uso Sustentables de Biocombustible<\/strong> prev\u00e9 exenciones relacionadas con el Impuesto al Valor Agregado, el Impuesto a las Ganancias para la adquisici\u00f3n de bienes de capital u obras de infraestructura y dispone que los bienes afectados no integrar\u00e1n la base de imposici\u00f3n del Impuesto a la Ganancia M\u00ednima Presunta establecido por la Ley N\u00ba 25.063.<\/p>\n<p>Tambi\u00e9n dispone que los<strong> biocombustibles no est\u00e9n alcanzados por la tasa de Infraestructura H\u00eddrica<\/strong>, por el Impuesto sobre los Combustibles L\u00edquidos y el Gas Natural, por el impuesto denominado \u2018Sobre la transferencia a t\u00edtulo oneroso o gratuito, o sobre la importaci\u00f3n de gasoil as\u00ed como tampoco por los tributos que en el futuro puedan sustituir o complementar a los mismos.<\/p>\n<p>El presidente de la Comisi\u00f3n de Energ\u00eda, el sanjuanino <strong>Jos\u00e9 U\u00f1ac<\/strong>, dijo que la iniciativa \u201c<strong>termina con la incertidumbre y las especulaciones<\/strong> y abastece al mercado interno y externo. El proyecto impulsa el crecimiento social, diversifica la matriz energ\u00e9tica y continua con la industrializaci\u00f3n\u201d.<\/p>\n<div class=\"saboxplugin-wrap\" itemtype=\"http:\/\/schema.org\/Person\" itemscope itemprop=\"author\">\n<div class=\"saboxplugin-tab saboxplugin-tab-about\">\n<div class=\"saboxplugin-gravatar\"><img alt src=\"http:\/\/nuevacordoba.net\/wp-content\/uploads\/2021\/07\/biocombustibles-se-aprobo-la-nueva-ley-que-regira-hasta-el-2030.jpg\" srcset=\"http:\/\/nuevacordoba.net\/wp-content\/uploads\/2021\/07\/biocombustibles-se-aprobo-la-nueva-ley-que-regira-hasta-el-2030-1.jpg 2x\" class=\"avatar avatar-100 photo\" height=\"100\" width=\"100\" itemprop=\"image\" loading=\"lazy\"><\/div>\n<div class=\"saboxplugin-desc\" readability=\"6.5\">\n<div itemprop=\"description\" readability=\"8\">\n<p>Este articulo fue escrito por la redacci\u00f3n de Punto a Punto. Seguinos en todas nuestras redes sociales<\/p>\n<\/div>\n<\/div>\n<\/div>\n<\/div>\n","protected":false},"excerpt":{"rendered":"<p>El Senado aprob\u00f3, y convirti\u00f3 en ley, el nuevo marco de la producci\u00f3n de biocombustibles que propone un corte del 5% para el gasoil y el biodiesel y del 12% entre naftas y bioetano. Este nuevo r\u00e9gimen regir\u00e1 hasta el 31 de diciembre de 2030 (con posibilidad de pr\u00f3rroga por cinco a\u00f1os) y&nbsp;establecer\u00e1 una reducci\u00f3n [&hellip;]<\/p>\n","protected":false},"author":1,"featured_media":7122,"comment_status":"open","ping_status":"closed","sticky":false,"template":"","format":"standard","meta":[],"categories":[14],"tags":[],"_links":{"self":[{"href":"http:\/\/nuevacordoba.net\/index.php\/wp-json\/wp\/v2\/posts\/7121"}],"collection":[{"href":"http:\/\/nuevacordoba.net\/index.php\/wp-json\/wp\/v2\/posts"}],"about":[{"href":"http:\/\/nuevacordoba.net\/index.php\/wp-json\/wp\/v2\/types\/post"}],"author":[{"embeddable":true,"href":"http:\/\/nuevacordoba.net\/index.php\/wp-json\/wp\/v2\/users\/1"}],"replies":[{"embeddable":true,"href":"http:\/\/nuevacordoba.net\/index.php\/wp-json\/wp\/v2\/comments?post=7121"}],"version-history":[{"count":0,"href":"http:\/\/nuevacordoba.net\/index.php\/wp-json\/wp\/v2\/posts\/7121\/revisions"}],"wp:featuredmedia":[{"embeddable":true,"href":"http:\/\/nuevacordoba.net\/index.php\/wp-json\/wp\/v2\/media\/7122"}],"wp:attachment":[{"href":"http:\/\/nuevacordoba.net\/index.php\/wp-json\/wp\/v2\/media?parent=7121"}],"wp:term":[{"taxonomy":"category","embeddable":true,"href":"http:\/\/nuevacordoba.net\/index.php\/wp-json\/wp\/v2\/categories?post=7121"},{"taxonomy":"post_tag","embeddable":true,"href":"http:\/\/nuevacordoba.net\/index.php\/wp-json\/wp\/v2\/tags?post=7121"}],"curies":[{"name":"wp","href":"https:\/\/api.w.org\/{rel}","templated":true}]}}