{"id":7359,"date":"2021-07-23T03:02:43","date_gmt":"2021-07-23T03:02:43","guid":{"rendered":"https:\/\/puntoapunto.com.ar\/?p=281388"},"modified":"2021-07-23T03:02:43","modified_gmt":"2021-07-23T03:02:43","slug":"segun-idesa-el-gobierno-necesita-de-una-inflacion-del-50","status":"publish","type":"post","link":"http:\/\/nuevacordoba.net\/index.php\/2021\/07\/23\/segun-idesa-el-gobierno-necesita-de-una-inflacion-del-50\/","title":{"rendered":"Seg\u00fan IDESA, \u201cel gobierno necesita de una inflaci\u00f3n del 50%\u201d"},"content":{"rendered":"<p>El<strong> Instituto para el Desarrollo Social de Argentina<\/strong> (<a href=\"https:\/\/puntoapunto.com.ar\/la-receta-de-idesa-para-que-suban-los-salarios\/\">IDESA<\/a>) elabor\u00f3 un documento en el que plantea las conveniencias pol\u00edticas, estrat\u00e9gicas y fiscales que hacen que para el gobierno nacional la inflaci\u00f3n no sea un problema a resolver. Todo lo contrario.<\/p>\n<p>Seg\u00fan la entidad que preside<strong> Jorge Colina<\/strong> en el diagn\u00f3stico que plantean los funcionarios del gobierno la <a href=\"https:\/\/puntoapunto.com.ar\/inflacion-fue-del-32-en-junio-y-acumula-un-alza-del-253-en-el-primer-semestre\/\">inflaci\u00f3n<\/a> aparece como un hecho ex\u00f3geno a la estrategia oficial. As\u00ed, la <strong>especulaci\u00f3n, la falta de competencia, el aumento de los precios internacionales<\/strong> (inflaci\u00f3n importada), etc. son algunos de los factores con los que se trata de explicar el aumento de los precios internos.<\/p>\n<p>\u201cEl aspecto que m\u00e1s enf\u00e1ticamente se se\u00f1ala es que<strong> la inflaci\u00f3n es un fen\u00f3meno no deseado<\/strong> que conspira contra el objetivo del gobierno de mejorar los ingresos de la poblaci\u00f3n a trav\u00e9s de aumentos de salarios, jubilaciones y otras prestaciones sociales\u201d, marca Idesa.<\/p>\n<p><img loading=\"lazy\" class=\"alignnone wp-image-281393\" src=\"http:\/\/nuevacordoba.net\/wp-content\/uploads\/2021\/07\/segun-idesa-el-gobierno-necesita-de-una-inflacion-del-50.jpg\" alt width=\"399\" height=\"241\" srcset=\"http:\/\/nuevacordoba.net\/wp-content\/uploads\/2021\/07\/segun-idesa-el-gobierno-necesita-de-una-inflacion-del-50.jpg 300w, http:\/\/nuevacordoba.net\/wp-content\/uploads\/2021\/07\/segun-idesa-el-gobierno-necesita-de-una-inflacion-del-50-3.jpg 150w, http:\/\/nuevacordoba.net\/wp-content\/uploads\/2021\/07\/segun-idesa-el-gobierno-necesita-de-una-inflacion-del-50-4.jpg 620w\" sizes=\"(max-width: 399px) 100vw, 399px\"><\/p>\n<p>Seg\u00fan ese espacio, en este diagn\u00f3stico no se menciona el impacto de la inflaci\u00f3n sobre las cuentas p\u00fablicas. Y proponen abordar este tema tomando el principal componente del gasto p\u00fablico nacional, que son las jubilaciones que paga la ANSES. En ese sentido desde IDESA remarcan que seg\u00fan datos de la Secretar\u00eda de Seguridad Social y el INDEC se observa que:<\/p>\n<ul>\n<li>El haber medio en la actualidad es de <strong>$35.200.<\/strong><\/li>\n<li>Este haber en el a\u00f1o 2019 a precios actuales era de<strong> $36.700.<\/strong><\/li>\n<li>Esto implica una ca\u00edda de $1.500 en cada jubilaci\u00f3n y pensi\u00f3n gracias a la inflaci\u00f3n.<\/li>\n<\/ul>\n<p><img loading=\"lazy\" class=\"alignnone wp-image-281394\" src=\"http:\/\/nuevacordoba.net\/wp-content\/uploads\/2021\/07\/segun-idesa-el-gobierno-necesita-de-una-inflacion-del-50-1.jpg\" alt width=\"442\" height=\"162\" srcset=\"http:\/\/nuevacordoba.net\/wp-content\/uploads\/2021\/07\/segun-idesa-el-gobierno-necesita-de-una-inflacion-del-50-1.jpg 300w, http:\/\/nuevacordoba.net\/wp-content\/uploads\/2021\/07\/segun-idesa-el-gobierno-necesita-de-una-inflacion-del-50-5.jpg 768w, http:\/\/nuevacordoba.net\/wp-content\/uploads\/2021\/07\/segun-idesa-el-gobierno-necesita-de-una-inflacion-del-50-6.jpg 150w, http:\/\/nuevacordoba.net\/wp-content\/uploads\/2021\/07\/segun-idesa-el-gobierno-necesita-de-una-inflacion-del-50-7.jpg 696w, http:\/\/nuevacordoba.net\/wp-content\/uploads\/2021\/07\/segun-idesa-el-gobierno-necesita-de-una-inflacion-del-50-8.jpg 826w\" sizes=\"(max-width: 442px) 100vw, 442px\"><\/p>\n<p>\u201cEstos datos muestran que <strong>la inflaci\u00f3n le genera al Estado un importante ahorro por la desvalorizaci\u00f3n de las jubilaciones. <\/strong>Considerando que la ANSES paga 6,7 millones de jubilaciones y pensiones, el ahorro total que la inflaci\u00f3n le genera equivale a unos $130 mil millones por a\u00f1o. <strong>Similar fen\u00f3meno se produce con los salarios p\u00fablicos y con el resto de los beneficios sociales<\/strong>. Por ejemplo, la Asignaci\u00f3n Universal por Hijo (AUH) que actualmente est\u00e1 en $4.500 perdi\u00f3 $700 por la inflaci\u00f3n respecto al a\u00f1o 2019, por lo que multiplicando por los 4,4 millones de beneficios da un ahorro de $40 mil millones por a\u00f1o.<\/p>\n<p>Con muy limitados m\u00e1rgenes para aumentar impuestos e incrementar la deuda, <strong>la inflaci\u00f3n es la herramienta que utiliza el gobierno para ajustar las cuentas p\u00fablicas<\/strong>. Es la manera de reducir el valor real del gasto p\u00fablico a los niveles de financiamiento disponible.&nbsp; Por eso, desde el punto de vista de las finanzas p\u00fablicas, la inflaci\u00f3n <strong>no es un hecho ex\u00f3geno y no deseado, sino un fen\u00f3meno intr\u00ednseco y funcional a la estrategia oficial<\/strong>. A esto se agrega la funcionalidad pol\u00edtica.<\/p>\n<p>Gracias a que la inflaci\u00f3n ajusta el gasto se generan las oportunidades de hacer anuncios electoralistas. Por ejemplo, despu\u00e9s de que se licu\u00f3 el poder de compra de los haberes previsionales desde la ANSES se anuncia un bono por \u00fanica vez de $5.000 para los jubilados que ganan hasta 2 veces el haber m\u00ednimo. Los que reciban el bono compensar\u00e1n parte de lo perdido gracias a la \u201cgenerosidad\u201d del gobierno y no por el derecho a la movilidad que fija la Constituci\u00f3n. Quienes no reciben el bono seguir\u00e1n perdiendo con la inflaci\u00f3n.<\/p>\n<p><strong>Esta manera de ajustar el gasto p\u00fablico es atractiva desde el punto de vista pol\u00edtico pero muy ineficiente e inequitativa<\/strong>. Tampoco es sostenible en el tiempo porque demanda \u00edndices de inflaci\u00f3n crecientes. Los perjuicios aumentan cuando se trata de reprimir la inflaci\u00f3n retrasando el d\u00f3lar oficial, las tarifas de servicios p\u00fablicos y otros precios regulados o poniendo trabas a las exportaciones. Estas <strong>distorsiones da\u00f1an la capacidad exportadora y agrega presiones<\/strong> sobre las finanzas p\u00fablicas porque demandan crecientes subsidios.<\/p>\n<p>El desorden en el sector p\u00fablico es lo que obliga a aplicar ajustes fiscales. El ajuste puede ser expl\u00edcito o apelando al ajuste inflacionario como lo viene haciendo el gobierno. En ambos casos los costos productivos y sociales son enormes. Un camino alternativo es <strong>abordar el ordenamiento integral del Estado.<\/strong> Esto es, equilibrar las cuentas p\u00fablicas y aumentar la cantidad y calidad de bienes p\u00fablicos en base a incorporar mejores pr\u00e1cticas en la gesti\u00f3n del Estado\u201d.<\/p>\n<div class=\"saboxplugin-wrap\" itemtype=\"http:\/\/schema.org\/Person\" itemscope itemprop=\"author\">\n<div class=\"saboxplugin-tab\">\n<div class=\"saboxplugin-gravatar\"><img alt src=\"http:\/\/nuevacordoba.net\/wp-content\/uploads\/2021\/07\/segun-idesa-el-gobierno-necesita-de-una-inflacion-del-50-2.jpg\" srcset=\"http:\/\/nuevacordoba.net\/wp-content\/uploads\/2021\/07\/segun-idesa-el-gobierno-necesita-de-una-inflacion-del-50-9.jpg 2x\" class=\"avatar avatar-100 photo\" height=\"100\" width=\"100\" itemprop=\"image\" loading=\"lazy\"><\/div>\n<div class=\"saboxplugin-desc\" readability=\"3.3969849246231\">\n<div itemprop=\"description\" readability=\"4.1809045226131\">\n<p>Este articulo fue escrito por la redacci\u00f3n de Punto a Punto. Seguinos en todas nuestras redes sociales<\/p>\n<\/div>\n<\/div>\n<\/div>\n<\/div>\n","protected":false},"excerpt":{"rendered":"<p>El Instituto para el Desarrollo Social de Argentina (IDESA) elabor\u00f3 un documento en el que plantea las conveniencias pol\u00edticas, estrat\u00e9gicas y fiscales que hacen que para el gobierno nacional la inflaci\u00f3n no sea un problema a resolver. Todo lo contrario. Seg\u00fan la entidad que preside Jorge Colina en el diagn\u00f3stico que plantean los funcionarios del [&hellip;]<\/p>\n","protected":false},"author":1,"featured_media":7360,"comment_status":"open","ping_status":"closed","sticky":false,"template":"","format":"standard","meta":[],"categories":[14],"tags":[],"_links":{"self":[{"href":"http:\/\/nuevacordoba.net\/index.php\/wp-json\/wp\/v2\/posts\/7359"}],"collection":[{"href":"http:\/\/nuevacordoba.net\/index.php\/wp-json\/wp\/v2\/posts"}],"about":[{"href":"http:\/\/nuevacordoba.net\/index.php\/wp-json\/wp\/v2\/types\/post"}],"author":[{"embeddable":true,"href":"http:\/\/nuevacordoba.net\/index.php\/wp-json\/wp\/v2\/users\/1"}],"replies":[{"embeddable":true,"href":"http:\/\/nuevacordoba.net\/index.php\/wp-json\/wp\/v2\/comments?post=7359"}],"version-history":[{"count":0,"href":"http:\/\/nuevacordoba.net\/index.php\/wp-json\/wp\/v2\/posts\/7359\/revisions"}],"wp:featuredmedia":[{"embeddable":true,"href":"http:\/\/nuevacordoba.net\/index.php\/wp-json\/wp\/v2\/media\/7360"}],"wp:attachment":[{"href":"http:\/\/nuevacordoba.net\/index.php\/wp-json\/wp\/v2\/media?parent=7359"}],"wp:term":[{"taxonomy":"category","embeddable":true,"href":"http:\/\/nuevacordoba.net\/index.php\/wp-json\/wp\/v2\/categories?post=7359"},{"taxonomy":"post_tag","embeddable":true,"href":"http:\/\/nuevacordoba.net\/index.php\/wp-json\/wp\/v2\/tags?post=7359"}],"curies":[{"name":"wp","href":"https:\/\/api.w.org\/{rel}","templated":true}]}}