{"id":7609,"date":"2021-07-29T21:08:47","date_gmt":"2021-07-29T21:08:47","guid":{"rendered":"https:\/\/prensa.cba.gov.ar\/?p=460283"},"modified":"2021-07-29T21:08:47","modified_gmt":"2021-07-29T21:08:47","slug":"salud-detecto-el-primer-caso-de-la-variante-delta","status":"publish","type":"post","link":"http:\/\/nuevacordoba.net\/index.php\/2021\/07\/29\/salud-detecto-el-primer-caso-de-la-variante-delta\/","title":{"rendered":"Salud detect\u00f3 el primer caso de la variante Delta"},"content":{"rendered":"<div><img src=\"http:\/\/nuevacordoba.net\/wp-content\/uploads\/2021\/07\/salud-detecto-el-primer-caso-de-la-variante-delta.jpg\" class=\"ff-og-image-inserted\"><\/div>\n<ul>\n<li><strong>Corresponde a un viajero procedente de Per\u00fa.<\/strong><\/li>\n<li><strong>Se corrobor\u00f3 durante el seguimiento epidemiol\u00f3gico que establece el protocolo de viajeros.<\/strong><\/li>\n<li><strong>El Ministerio de Salud present\u00f3 una denuncia penal por posible incumplimiento del aislamiento y mont\u00f3 dispositivos en los barrios involucrados.<\/strong><\/li>\n<\/ul>\n<p>El Ministerio de Salud de la provincia, a trav\u00e9s de la Direcci\u00f3n de Epidemiolog\u00eda, informa que se detect\u00f3 el primer caso de coronavirus correspondiente a la variante Delta en la provincia de C\u00f3rdoba.<\/p>\n<p>Se trata de un viajero procedente de Lima (Per\u00fa), que arrib\u00f3 al Aeroparque Jorge Newbery con test negativo antes del vuelo el pasado 19 de julio de 2021.<\/p>\n<p>El d\u00eda 21 de julio se realiz\u00f3 el control, seguimiento telef\u00f3nico y se program\u00f3 el testeo correspondiente al s\u00e9ptimo d\u00eda. El 26 de julio se realiz\u00f3 el test para el alta y el resultado fue positivo, por lo que se procedi\u00f3 a realizar la identificaci\u00f3n de variante Delta por rt-PCR en el Laboratorio Central de la Provincia de C\u00f3rdoba, el 27 de julio a la noche.<\/p>\n<p>En ese sentido, tras la investigaci\u00f3n epidemiol\u00f3gica, se identific\u00f3 que el caso tuvo contacto con familiares no convivientes durante el per\u00edodo que debi\u00f3 guardar aislamiento.<\/p>\n<p>A partir de ello se detectaron 14 casos positivos en familiares asociados hasta el momento, de los cuales 13 tienen identificaci\u00f3n de variante Delta y uno a\u00fan no se identific\u00f3. Cabe se\u00f1alar que todo el grupo familiar involucrado vive en un barrio distinto al del caso inicial.<\/p>\n<p>Por tal motivo, las autoridades del Ministerio de Salud realizaron la denuncia penal en la Unidad Fiscal de Emergencias Sanitarias para el inicio de las acciones legales correspondientes, y determinar la responsabilidad y posible violaci\u00f3n de la cuarentena por parte del viajero involucrado.<\/p>\n<p>Asimismo, las muestras fueron enviadas al Instituto Malbr\u00e1n y al INTA C\u00f3rdoba -en el marco del proyecto PAIS- para confirmar por secuenciaci\u00f3n completa del genoma viral la variante involucrada.<\/p>\n<p>Por tal motivo, la provincia contin\u00faa con la investigaci\u00f3n epidemiol\u00f3gica para la identificaci\u00f3n de otros contactos que deban permanecer en aislamiento.<\/p>\n<p>Tambi\u00e9n se montaron dispositivos de testeo en los barrios involucrados y en los posibles lugares de tr\u00e1nsito de los casos, en el cual todos los contactos est\u00e1n siendo testeados.<\/p>\n<p>En este sentido, se destaca la importancia de la vigilancia epidemiol\u00f3gica que permiti\u00f3 identificar tanto el caso, como sus contactos estrechos y los casos asociados dentro de las 48 horas del testeo realizado al s\u00e9ptimo d\u00eda.<\/p>\n<p>El Ministerio de Salud de la Naci\u00f3n y de la cartera de Salud de C\u00f3rdoba coincidieron en reiterar la importancia del cumplimiento del aislamiento de los viajeros internacionales, la consulta temprana en caso de presentar s\u00edntomas y el testeo al s\u00e9ptimo d\u00eda en todas las personas que llegan desde el exterior.<\/p>\n","protected":false},"excerpt":{"rendered":"<p>Corresponde a un viajero procedente de Per\u00fa. Se corrobor\u00f3 durante el seguimiento epidemiol\u00f3gico que establece el protocolo de viajeros. El Ministerio de Salud present\u00f3 una denuncia penal por posible incumplimiento del aislamiento y mont\u00f3 dispositivos en los barrios involucrados. El Ministerio de Salud de la provincia, a trav\u00e9s de la Direcci\u00f3n de Epidemiolog\u00eda, informa que [&hellip;]<\/p>\n","protected":false},"author":1,"featured_media":7610,"comment_status":"closed","ping_status":"closed","sticky":false,"template":"","format":"standard","meta":[],"categories":[14],"tags":[],"_links":{"self":[{"href":"http:\/\/nuevacordoba.net\/index.php\/wp-json\/wp\/v2\/posts\/7609"}],"collection":[{"href":"http:\/\/nuevacordoba.net\/index.php\/wp-json\/wp\/v2\/posts"}],"about":[{"href":"http:\/\/nuevacordoba.net\/index.php\/wp-json\/wp\/v2\/types\/post"}],"author":[{"embeddable":true,"href":"http:\/\/nuevacordoba.net\/index.php\/wp-json\/wp\/v2\/users\/1"}],"replies":[{"embeddable":true,"href":"http:\/\/nuevacordoba.net\/index.php\/wp-json\/wp\/v2\/comments?post=7609"}],"version-history":[{"count":0,"href":"http:\/\/nuevacordoba.net\/index.php\/wp-json\/wp\/v2\/posts\/7609\/revisions"}],"wp:featuredmedia":[{"embeddable":true,"href":"http:\/\/nuevacordoba.net\/index.php\/wp-json\/wp\/v2\/media\/7610"}],"wp:attachment":[{"href":"http:\/\/nuevacordoba.net\/index.php\/wp-json\/wp\/v2\/media?parent=7609"}],"wp:term":[{"taxonomy":"category","embeddable":true,"href":"http:\/\/nuevacordoba.net\/index.php\/wp-json\/wp\/v2\/categories?post=7609"},{"taxonomy":"post_tag","embeddable":true,"href":"http:\/\/nuevacordoba.net\/index.php\/wp-json\/wp\/v2\/tags?post=7609"}],"curies":[{"name":"wp","href":"https:\/\/api.w.org\/{rel}","templated":true}]}}