{"id":77754,"date":"2026-01-30T18:02:25","date_gmt":"2026-01-30T18:02:25","guid":{"rendered":"https:\/\/puntoapunto.com.ar\/?p=381499"},"modified":"2026-01-30T18:02:25","modified_gmt":"2026-01-30T18:02:25","slug":"reforma-laboral-los-puntos-claves-que-propone-fundacion-mediterranea","status":"publish","type":"post","link":"http:\/\/nuevacordoba.net\/index.php\/2026\/01\/30\/reforma-laboral-los-puntos-claves-que-propone-fundacion-mediterranea\/","title":{"rendered":"Reforma laboral: los puntos claves que propone Fundaci\u00f3n Mediterr\u00e1nea"},"content":{"rendered":"<p>&nbsp;<!-- \u00a1O bien no hay banners, estan desactivados o no estan programados para esta ubicaci\u00f3n! -->\n<\/p>\n<p>La presidenta de la <strong>Fundaci\u00f3n Mediterr\u00e1nea Pia Astori,<\/strong> una de las empresarias m\u00e1s influyentes, envi\u00f3 una carta formal al gobernador Mart\u00edn Llaryora en la que reclam\u00f3 acelerar la sanci\u00f3n de la<strong> Ley de Modernizaci\u00f3n Laboral y propuso seis cambios estructurales al proyecto en debate.<\/strong>\n<\/p>\n<p>El documento, fechado el 26 de enero de 2026, no solo fue dirigido al mandatario provincial, sino que tambi\u00e9n hay otra versi\u00f3n que fue remitida a los diputados cordobeses. Lo que le da al gesto un claro contenido pol\u00edtico e institucional: no es solo una opini\u00f3n t\u00e9cnica, sino una posici\u00f3n coordinada del n\u00facleo empresario que hist\u00f3ricamente gravita en la toma de decisiones econ\u00f3micas de la provincia y el pa\u00eds.\n<\/p>\n<p>En la carta, Astori se\u00f1ala que existe un \u201cconsenso enf\u00e1tico\u201d entre los socios de la Fundaci\u00f3n Mediterr\u00e1nea sobre la importancia estrat\u00e9gica de avanzar r\u00e1pidamente con la sanci\u00f3n de la norma, destacando la integralidad del proyecto oficial, pero marcando que a\u00fan existen m\u00e1rgenes de mejora para \u201cpotenciar sus impactos positivos\u201d.\n<\/p>\n<p><strong>Los cambios propuestos por el IERAL<\/strong><!-- \u00a1O bien no hay banners, estan desactivados o no estan programados para esta ubicaci\u00f3n! -->\n<\/p>\n<p>El planteo \u00abse apoya en el trabajo t\u00e9cnico del IERAL\u00bb y \u00aben el Programa de Asistencia al Poder Legislativo (PAL)\u00bb, que funciona como usina de insumos t\u00e9cnicos para el dise\u00f1o de pol\u00edticas p\u00fablicas. En ese marco, la Fundaci\u00f3n propone seis modificaciones centrales:<\/p>\n<p>Entre ellas, se destaca la&nbsp;<strong>revisi\u00f3n del r\u00e9gimen de enfermedades e indemnizaciones<\/strong>, planteando que las enfermedades inculpables sean cubiertas por la seguridad social y no por el empleador, y que se revise el esquema indemnizatorio para trabajadores pr\u00f3ximos a jubilarse.\n<\/p>\n<p>Tambi\u00e9n propone una&nbsp;<strong>redefinici\u00f3n del r\u00e9gimen de ultractividad<\/strong>,<strong>&nbsp;retomando la redacci\u00f3n original del peronismo cl\u00e1sico<\/strong>: que solo se mantengan vigentes las cl\u00e1usulas sobre condiciones de trabajo tras el vencimiento de un convenio, pero no otras obligaciones como aportes patronales a sindicatos, con el objetivo de forzar la renovaci\u00f3n de acuerdos.\n<\/p>\n<p>Otro eje clave es la&nbsp;<strong>descentralizaci\u00f3n de la negociaci\u00f3n colectiva<\/strong>, habilitando que las&nbsp;<strong>pymes puedan \u201cdesengancharse\u201d de convenios sectoriales&nbsp;<\/strong>mediante acuerdos directos con sus trabajadores, y que las microempresas queden reguladas solo por la Ley de Contrato de Trabajo y el Salario M\u00ednimo Vital y M\u00f3vil.\n<\/p>\n<p>El documento tambi\u00e9n&nbsp;<strong>impulsa declarar la emergencia del sistema de riesgos del trabajo<\/strong>, con medidas para frenar la litigiosidad judicial, incluyendo pagos en cuotas de indemnizaciones y cambios en el sistema de peritos m\u00e9dicos.\n<\/p>\n<p>En&nbsp;<strong>materia fiscal, propone reemplazar los esquemas de reducci\u00f3n de contribuciones por un M\u00ednimo No Imponible (MNI) sobre la masa salarial<\/strong>, focalizando el alivio en salarios bajos y empresas peque\u00f1as, y avanzar en una reforma tributaria selectiva centrada en el R\u00e9gimen de Inversiones (RIMI), el ajuste por inflaci\u00f3n de quebrantos y la eliminaci\u00f3n de impuestos espec\u00edficos.\n<\/p>\n<p>La carta cierra con una disposici\u00f3n expl\u00edcita a colaborar en el dise\u00f1o de la reforma, pero el mensaje de fondo es pol\u00edtico: el empresariado organizado no solo apoya la ley, sino que busca incidir activamente en su arquitectura final.\n<\/p>\n<div class=\"g g-38\">\n<div class=\"g-dyn a-12 c-1\"><a class=\"gofollow\" data-track=\"MTIsMzgsNjA=\" href=\"https:\/\/hospitalprivado.com.ar\/\" target=\"_blank\" rel=\"noopener\"><img src=\"http:\/\/nuevacordoba.net\/wp-content\/uploads\/2026\/01\/reforma-laboral-los-puntos-claves-que-propone-fundacion-mediterranea.gif\" loading=\"lazy\"><\/a><\/div>\n<\/div>\n","protected":false},"excerpt":{"rendered":"<p>&nbsp; La presidenta de la Fundaci\u00f3n Mediterr\u00e1nea Pia Astori, una de las empresarias m\u00e1s influyentes, envi\u00f3 una carta formal al gobernador Mart\u00edn Llaryora en la que reclam\u00f3 acelerar la sanci\u00f3n de la Ley de Modernizaci\u00f3n Laboral y propuso seis cambios estructurales al proyecto en debate. El documento, fechado el 26 de enero de 2026, no [&hellip;]<\/p>\n","protected":false},"author":1,"featured_media":77755,"comment_status":"open","ping_status":"closed","sticky":false,"template":"","format":"standard","meta":[],"categories":[14],"tags":[],"_links":{"self":[{"href":"http:\/\/nuevacordoba.net\/index.php\/wp-json\/wp\/v2\/posts\/77754"}],"collection":[{"href":"http:\/\/nuevacordoba.net\/index.php\/wp-json\/wp\/v2\/posts"}],"about":[{"href":"http:\/\/nuevacordoba.net\/index.php\/wp-json\/wp\/v2\/types\/post"}],"author":[{"embeddable":true,"href":"http:\/\/nuevacordoba.net\/index.php\/wp-json\/wp\/v2\/users\/1"}],"replies":[{"embeddable":true,"href":"http:\/\/nuevacordoba.net\/index.php\/wp-json\/wp\/v2\/comments?post=77754"}],"version-history":[{"count":0,"href":"http:\/\/nuevacordoba.net\/index.php\/wp-json\/wp\/v2\/posts\/77754\/revisions"}],"wp:featuredmedia":[{"embeddable":true,"href":"http:\/\/nuevacordoba.net\/index.php\/wp-json\/wp\/v2\/media\/77755"}],"wp:attachment":[{"href":"http:\/\/nuevacordoba.net\/index.php\/wp-json\/wp\/v2\/media?parent=77754"}],"wp:term":[{"taxonomy":"category","embeddable":true,"href":"http:\/\/nuevacordoba.net\/index.php\/wp-json\/wp\/v2\/categories?post=77754"},{"taxonomy":"post_tag","embeddable":true,"href":"http:\/\/nuevacordoba.net\/index.php\/wp-json\/wp\/v2\/tags?post=77754"}],"curies":[{"name":"wp","href":"https:\/\/api.w.org\/{rel}","templated":true}]}}