{"id":7796,"date":"2021-08-03T00:35:32","date_gmt":"2021-08-03T00:35:32","guid":{"rendered":"http:\/\/nuevacordoba.net\/index.php\/2021\/08\/03\/a-su-regreso-de-tokio-paula-pareto-cumple-el-aislamiento-pero-no-se-queda-quieta\/"},"modified":"2021-08-03T00:35:32","modified_gmt":"2021-08-03T00:35:32","slug":"a-su-regreso-de-tokio-paula-pareto-cumple-el-aislamiento-pero-no-se-queda-quieta","status":"publish","type":"post","link":"http:\/\/nuevacordoba.net\/index.php\/2021\/08\/03\/a-su-regreso-de-tokio-paula-pareto-cumple-el-aislamiento-pero-no-se-queda-quieta\/","title":{"rendered":"A su regreso de Tokio, Paula Pareto cumple el aislamiento pero no se queda quieta&#8230;"},"content":{"rendered":"<div class=\"image\" id=\"image\"> <img src=\"http:\/\/nuevacordoba.net\/wp-content\/uploads\/2021\/08\/a-su-regreso-de-tokio-paula-pareto-cumple-el-aislamiento-pero-no-se-queda-quieta.jpg\" alt=\"Foto: Daniel Dabove.\" title=\"Foto: Daniel Dabove.\"><\/p>\n<p>Foto: Daniel Dabove.<\/p>\n<\/div>\n<p>La judoca Paula Pareto regres\u00f3 a la Argentina desde Tokio donde particip\u00f3 de los Juegos Ol\u00edmpicos y sufri\u00f3 una lesi\u00f3n que la oblig\u00f3 a dejar la competencia y anunciar su retiro.&nbsp;<\/p>\n<p>Ya en su casa, la \u00abPeque\u00bb cont\u00f3 en su cuenta de Instagram que cumple con el aislamiento que rige para todos los turistas que llegan desde el exterior. \u00abMi experiencia personal siempre me confirm\u00f3 que estar activa es lo que mantiene mi salud f\u00edsica y mental en buen estado\u00bb, explic\u00f3 Pareto junto a un video e la que se la ve haciendo la vertical y entrenando con dos sillas, que obtuvo m\u00e1s de 32 mil \u00abMe gusta\u00bb en apenas unas horas.&nbsp;<\/p>\n","protected":false},"excerpt":{"rendered":"<p>Foto: Daniel Dabove. La judoca Paula Pareto regres\u00f3 a la Argentina desde Tokio donde particip\u00f3 de los Juegos Ol\u00edmpicos y sufri\u00f3 una lesi\u00f3n que la oblig\u00f3 a dejar la competencia y anunciar su retiro.&nbsp; Ya en su casa, la \u00abPeque\u00bb cont\u00f3 en su cuenta de Instagram que cumple con el aislamiento que rige para todos [&hellip;]<\/p>\n","protected":false},"author":1,"featured_media":7797,"comment_status":"closed","ping_status":"closed","sticky":false,"template":"","format":"standard","meta":[],"categories":[10],"tags":[],"_links":{"self":[{"href":"http:\/\/nuevacordoba.net\/index.php\/wp-json\/wp\/v2\/posts\/7796"}],"collection":[{"href":"http:\/\/nuevacordoba.net\/index.php\/wp-json\/wp\/v2\/posts"}],"about":[{"href":"http:\/\/nuevacordoba.net\/index.php\/wp-json\/wp\/v2\/types\/post"}],"author":[{"embeddable":true,"href":"http:\/\/nuevacordoba.net\/index.php\/wp-json\/wp\/v2\/users\/1"}],"replies":[{"embeddable":true,"href":"http:\/\/nuevacordoba.net\/index.php\/wp-json\/wp\/v2\/comments?post=7796"}],"version-history":[{"count":0,"href":"http:\/\/nuevacordoba.net\/index.php\/wp-json\/wp\/v2\/posts\/7796\/revisions"}],"wp:featuredmedia":[{"embeddable":true,"href":"http:\/\/nuevacordoba.net\/index.php\/wp-json\/wp\/v2\/media\/7797"}],"wp:attachment":[{"href":"http:\/\/nuevacordoba.net\/index.php\/wp-json\/wp\/v2\/media?parent=7796"}],"wp:term":[{"taxonomy":"category","embeddable":true,"href":"http:\/\/nuevacordoba.net\/index.php\/wp-json\/wp\/v2\/categories?post=7796"},{"taxonomy":"post_tag","embeddable":true,"href":"http:\/\/nuevacordoba.net\/index.php\/wp-json\/wp\/v2\/tags?post=7796"}],"curies":[{"name":"wp","href":"https:\/\/api.w.org\/{rel}","templated":true}]}}