{"id":7800,"date":"2021-08-03T00:35:39","date_gmt":"2021-08-03T00:35:39","guid":{"rendered":"https:\/\/www.espinof.com\/series-de-ficcion\/senor-anillos-amazon-lanza-primera-imagen-fecha-estreno-esperada-serie-basada-obra-tolkien"},"modified":"2021-08-03T00:35:39","modified_gmt":"2021-08-03T00:35:39","slug":"el-senor-de-los-anillos-amazon-lanza-la-primera-imagen-y-la-fecha-de-estreno-de-la-esperada-serie-basada-en-la-obra-de-tolkien","status":"publish","type":"post","link":"http:\/\/nuevacordoba.net\/index.php\/2021\/08\/03\/el-senor-de-los-anillos-amazon-lanza-la-primera-imagen-y-la-fecha-de-estreno-de-la-esperada-serie-basada-en-la-obra-de-tolkien\/","title":{"rendered":"&#8216;El se\u00f1or de los anillos&#8217;: Amazon lanza la primera imagen y la fecha de estreno de la esperada serie basada en la obra de Tolkien"},"content":{"rendered":"<p><strong>Amazon<\/strong> acaba de presentar la sociedad la que es sin duda su serie m\u00e1s ambiciosa hasta la fecha con el lanzamiento de la <strong>primera imagen<\/strong> y el anuncio de la<strong> fecha de estreno<\/strong> de <a href=\"https:\/\/www.espinof.com\/fecha-de-estreno\/senor-anillos-todo-que-sabemos-serie-amazon\">&#8216;El se\u00f1or de los anillos&#8217;<\/a>. Ser\u00e1 el <strong>2 de septiembre de 2022<\/strong> cuando regresemos a la Tierra Media.<\/p>\n<p><!-- BREAK 1 --><\/p>\n<h2>Muchas inc\u00f3gnitas<\/h2>\n<p>Como era de esperar, este primer vistazo oficial a &#8216;El se\u00f1or de los anillos&#8217; no desvela gran cosa sobre lo que podremos ver la serie. Tampoco en la breve <strong>sinopsis oficial<\/strong> que ha lanzado Amazon encontramos grandes detalles al respecto:<\/p>\n<p><!-- BREAK 2 --> <\/p>\n<blockquote><p>Este nuevo drama \u00e9pico trae por primera vez a las pantallas la legendaria Segunda Edad de la historia de la Tierra Media de J.R.R. Tolkien. La serie empieza en un momento de paz relativa, miles de a\u00f1os antes de los eventos narrados en <em>El Hobbit<\/em> y <em>El Se\u00f1or de los Anillos<\/em> de J.R.R. Tolkien, y sigue a un reparto de personajes, conocidos y nuevos, a medida que se enfrentan al temido resurgimiento del mal en la Tierra Media.<\/p><\/blockquote>\n<div class=\"article-asset article-asset-normal article-asset-center\">\n<div class=\"desvio-container\">\n<div class=\"desvio\">\n<div class=\"desvio-figure js-desvio-figure\"> <a href=\"https:\/\/www.espinof.com\/fecha-de-estreno\/senor-anillos-todo-que-sabemos-serie-amazon\"> <img alt=\"'El se\u00f1or de los anillos': todo lo que sabemos de la serie de Amazon\" src=\"http:\/\/nuevacordoba.net\/wp-content\/uploads\/2021\/08\/el-senor-de-los-anillos-amazon-lanza-la-primera-imagen-y-la-fecha-de-estreno-de-la-esperada-serie-basada-en-la-obra-de-tolkien.jpg\"> <\/a> <\/div><\/div><\/div>\n<\/div>\n<p>Recordemos que detr\u00e1s de &#8216;El se\u00f1or de los anillos&#8217; tenemos a <strong>J.D. Payne y Patrick McKay<\/strong> ejerciendo como showrunners. Suya ser\u00e1 la responsabilidad de adaptar este incre\u00edble universo ideado por <strong>J. R. R. Tolkien<\/strong>, contando para ello con <a href=\"https:\/\/www.espinof.com\/proyectos\/senor-anillos-amazon-se-gastara-387-millones-euros-producir-primera-temporada-serie\">un presupuesto multimillonario<\/a> m\u00e1s digno del mayor de los blockbusters que de una serie de televisi\u00f3n.<\/p>\n<p><!-- BREAK 3 --><\/p>\n<p>Cynthia Addai-Robinson, <strong>Robert Aramayo<\/strong>, Owain Arthur, Maxim Baldry, Nazanin Boniadi, Morfydd Clark, Ismael Cruz C\u00f3rdova, Charles Edwards, Trystan Gravelle, Sir Lenny Henry, Ema Horvath, <strong>Markella Kavenagh<\/strong>, <strong>Joseph Mawle<\/strong>, Tyroe Muhafidin, Sophia Nomvete, Lloyd Owen, Megan Richards, Dylan Smith, Charlie Vickers, Leon Wadham, Benjamin Walker, Daniel Weyman y Sara Zwangobani encabezan <a href=\"https:\/\/www.espinof.com\/series-de-ficcion\/senor-anillos-esperada-serie-amazon-amplia-golpe-su-reparto-20-nuevos-actores\">el extenso reparto<\/a> de &#8216;El se\u00f1or de los anillos&#8217;.<\/p>\n<p><!-- BREAK 4 --><\/p>\n<p>Ahora es <strong>cuesti\u00f3n de tiempo que aparezcan m\u00e1s novedades<\/strong>, pero imagino que en diciembre llegar\u00e1 alguna para aprovechar el 20 aniversario del estreno de <a href=\"https:\/\/www.espinof.com\/la-sexta\/senor-anillos-comunidad-anillo-peter-jackson-marco-antes-despues-cine-su-adaptacion-tolkien\">&#8216;El se\u00f1or de los anillos: La comunidad del anillo<\/a>&#8216;.<\/p>\n<p><!-- BREAK 5 --><\/p>\n<div class=\"article-asset-image article-asset-large\">\n<div class=\"asset-content\">\n<div class=\"base-wrapper-image\"> <img class=\"sf-lazy \" data-sf-srcset=\"http:\/\/nuevacordoba.net\/wp-content\/uploads\/2021\/08\/el-senor-de-los-anillos-amazon-lanza-la-primera-imagen-y-la-fecha-de-estreno-de-la-esperada-serie-basada-en-la-obra-de-tolkien-1.jpg 450w, http:\/\/nuevacordoba.net\/wp-content\/uploads\/2021\/08\/el-senor-de-los-anillos-amazon-lanza-la-primera-imagen-y-la-fecha-de-estreno-de-la-esperada-serie-basada-en-la-obra-de-tolkien-3.jpg 681w,http:\/\/nuevacordoba.net\/wp-content\/uploads\/2021\/08\/el-senor-de-los-anillos-amazon-lanza-la-primera-imagen-y-la-fecha-de-estreno-de-la-esperada-serie-basada-en-la-obra-de-tolkien-4.jpg 1024w, http:\/\/nuevacordoba.net\/wp-content\/uploads\/2021\/08\/el-senor-de-los-anillos-amazon-lanza-la-primera-imagen-y-la-fecha-de-estreno-de-la-esperada-serie-basada-en-la-obra-de-tolkien-5.jpg 1366w,\" data-sf-src=\"http:\/\/nuevacordoba.net\/wp-content\/uploads\/2021\/08\/el-senor-de-los-anillos-amazon-lanza-la-primera-imagen-y-la-fecha-de-estreno-de-la-esperada-serie-basada-en-la-obra-de-tolkien-1.jpg\" alt=\"El Senor De Los Anillos Amazon Serie\"> <noscript><img alt=\"El Senor De Los Anillos Amazon Serie\" class src=\"http:\/\/nuevacordoba.net\/wp-content\/uploads\/2021\/08\/el-senor-de-los-anillos-amazon-lanza-la-primera-imagen-y-la-fecha-de-estreno-de-la-esperada-serie-basada-en-la-obra-de-tolkien-1.jpg\"><\/noscript> <\/div><\/div>\n<\/div>\n","protected":false},"excerpt":{"rendered":"<p>Amazon acaba de presentar la sociedad la que es sin duda su serie m\u00e1s ambiciosa hasta la fecha con el lanzamiento de la primera imagen y el anuncio de la fecha de estreno de &#8216;El se\u00f1or de los anillos&#8217;. Ser\u00e1 el 2 de septiembre de 2022 cuando regresemos a la Tierra Media. Muchas inc\u00f3gnitas Como [&hellip;]<\/p>\n","protected":false},"author":1,"featured_media":7801,"comment_status":"closed","ping_status":"closed","sticky":false,"template":"","format":"standard","meta":[],"categories":[6],"tags":[],"_links":{"self":[{"href":"http:\/\/nuevacordoba.net\/index.php\/wp-json\/wp\/v2\/posts\/7800"}],"collection":[{"href":"http:\/\/nuevacordoba.net\/index.php\/wp-json\/wp\/v2\/posts"}],"about":[{"href":"http:\/\/nuevacordoba.net\/index.php\/wp-json\/wp\/v2\/types\/post"}],"author":[{"embeddable":true,"href":"http:\/\/nuevacordoba.net\/index.php\/wp-json\/wp\/v2\/users\/1"}],"replies":[{"embeddable":true,"href":"http:\/\/nuevacordoba.net\/index.php\/wp-json\/wp\/v2\/comments?post=7800"}],"version-history":[{"count":0,"href":"http:\/\/nuevacordoba.net\/index.php\/wp-json\/wp\/v2\/posts\/7800\/revisions"}],"wp:featuredmedia":[{"embeddable":true,"href":"http:\/\/nuevacordoba.net\/index.php\/wp-json\/wp\/v2\/media\/7801"}],"wp:attachment":[{"href":"http:\/\/nuevacordoba.net\/index.php\/wp-json\/wp\/v2\/media?parent=7800"}],"wp:term":[{"taxonomy":"category","embeddable":true,"href":"http:\/\/nuevacordoba.net\/index.php\/wp-json\/wp\/v2\/categories?post=7800"},{"taxonomy":"post_tag","embeddable":true,"href":"http:\/\/nuevacordoba.net\/index.php\/wp-json\/wp\/v2\/tags?post=7800"}],"curies":[{"name":"wp","href":"https:\/\/api.w.org\/{rel}","templated":true}]}}