{"id":7814,"date":"2021-08-03T02:03:43","date_gmt":"2021-08-03T02:03:43","guid":{"rendered":"http:\/\/nuevacordoba.net\/index.php\/2021\/08\/03\/colectivos-de-actrices-y-periodistas-expresan-su-repudio-a-los-ataques-a-florencia-pena\/"},"modified":"2021-08-03T02:03:43","modified_gmt":"2021-08-03T02:03:43","slug":"colectivos-de-actrices-y-periodistas-expresan-su-repudio-a-los-ataques-a-florencia-pena","status":"publish","type":"post","link":"http:\/\/nuevacordoba.net\/index.php\/2021\/08\/03\/colectivos-de-actrices-y-periodistas-expresan-su-repudio-a-los-ataques-a-florencia-pena\/","title":{"rendered":"Colectivos de actrices y periodistas expresan su repudio a los ataques a Florencia Pe\u00f1a"},"content":{"rendered":"<div class=\"image\" id=\"image\" readability=\"7\"> <img src=\"http:\/\/nuevacordoba.net\/wp-content\/uploads\/2021\/08\/colectivos-de-actrices-y-periodistas-expresan-su-repudio-a-los-ataques-a-florencia-pena.jpg\" alt=\"Actrices y periodistas expresan su apoyo a la acttriz y conductora\" title=\"Actrices y periodistas expresan su apoyo a la acttriz y conductora\"><\/p>\n<p>Actrices y periodistas expresan su apoyo a la acttriz y conductora<\/p>\n<\/div>\n<p>Las colectivas <strong>Actrices Argentinas<\/strong> y <strong>Periodistas Argentinas<\/strong> expresaron su \u201crechazo a la violencia en las redes contra mujeres y disidencias, de la que el ataque a <strong>Florencia Pe\u00f1a<\/strong> es un ejemplo resonante; pero que ocurre sistem\u00e1ticamente\u201d.<\/p>\n<p>El comunicado de ambas organizaciones se conoci\u00f3 esta tarde, horas despu\u00e9s de que la actriz y animadora abriera su programa de este lunes, \u00abFlor de Equipo\u00bb, que se emite por Telefe, <strong>rechazando las cr\u00edticas a su visita al presidente Alberto Fern\u00e1ndez a la Quinta de Olivos en la fase m\u00e1s estricta del confinamiento por la pandemia.<\/strong><\/p>\n<p><strong>\u201cEn mayo del a\u00f1o pasado, acababa de morir mi pap\u00e1 hac\u00eda 20 d\u00edas, yo ten\u00eda permiso de cuidado de mi madre que qued\u00f3 viuda, adem\u00e1s de un permiso de medios que ten\u00eda porque estaba generando un programa con otro canal. En mayo nuestra actividad estaba muerta, sin permiso para poder trabajar. Con muchos compa\u00f1eros empezamos a pensar qu\u00e9 hacer y algunos le pusimos el cuerpo. Y a m\u00ed se me ocurri\u00f3 escribirle al Presidente un mensaje por Twitter pidi\u00e9ndole una reuni\u00f3n para poder ayudar con todo lo que estaba pasando\u201d<\/strong>, relat\u00f3.<\/p>\n<p>En otro tramo de su alocuci\u00f3n, Pe\u00f1a se\u00f1al\u00f3: <strong>\u201cprevio a eso hab\u00edan estado con \u00e9l muchos productores muy importantes del medio, como tambi\u00e9n representantes de gremios de todos los trabajadores, porque otra cosa que quiero decir es que dejemos de pensar que todos los actores son gente millonaria; somos laburantes como cualquiera. En ese momento, se me ocurri\u00f3 ir a hablar con el Presidente para encontrar una soluci\u00f3n\u201d.<\/strong><\/p>\n<p>Pero ante la difusi\u00f3n del listado con las visitas que el mandatario tuvo por entonces y las cr\u00edticas que arreciaron contra ella y otras mujeres, la artista se pregunt\u00f3 \u201c \u2018\u00bfPor qu\u00e9 conmigo?\u2019. Si estuvieron tantos nombres importantes, tantos hombres importantes. \u00bfYo tengo que salir hoy a aclarar que no soy el gato del presidente? Que yo fui a una reuni\u00f3n a las 11.30 de la ma\u00f1ana con permiso, con protocolo, y tengo que salir a aclarar que no soy el \u2018gato\u2019 del presidente, \u00bfde verdad?\u201d.<\/p>\n<p><strong>\u201c\u00bfPor qu\u00e9 esta misoginia que hace seis d\u00edas nos bancamos las mujeres que fuimos a la quinta de Olivos cada una por alguna raz\u00f3n? \u00bfPor qu\u00e9 con los hombres no, por qu\u00e9 tengo que salir a aclarar esto? Fue brutal el ataque, de una misoginia espantosa; me parece que no tengo que demostrarle nada a nadie\u201d<\/strong>, abund\u00f3 angustiada.<\/p>\n<p>Las palabras de Pe\u00f1a tuvieron resonante eco en las redes sociales (\u201c<strong>M\u00e1s me operan m\u00e1s me empoderan\u201d,<\/strong> agradeci\u00f3 ella en su cuenta de Twitter) y Actrices y Periodistas Argentinas la respaldaron con un comunicado donde adem\u00e1s expresaron <strong>\u201crepudiamos cualquier operaci\u00f3n de amedrentamiento y violencia simb\u00f3lica de g\u00e9nero. Basta de machismo enquistado en los medios, el acoso y las \u2018fake news\u2019\u201d.<\/strong> <\/p>\n","protected":false},"excerpt":{"rendered":"<p>Actrices y periodistas expresan su apoyo a la acttriz y conductora Las colectivas Actrices Argentinas y Periodistas Argentinas expresaron su \u201crechazo a la violencia en las redes contra mujeres y disidencias, de la que el ataque a Florencia Pe\u00f1a es un ejemplo resonante; pero que ocurre sistem\u00e1ticamente\u201d. El comunicado de ambas organizaciones se conoci\u00f3 esta [&hellip;]<\/p>\n","protected":false},"author":1,"featured_media":7815,"comment_status":"closed","ping_status":"closed","sticky":false,"template":"","format":"standard","meta":[],"categories":[9],"tags":[],"_links":{"self":[{"href":"http:\/\/nuevacordoba.net\/index.php\/wp-json\/wp\/v2\/posts\/7814"}],"collection":[{"href":"http:\/\/nuevacordoba.net\/index.php\/wp-json\/wp\/v2\/posts"}],"about":[{"href":"http:\/\/nuevacordoba.net\/index.php\/wp-json\/wp\/v2\/types\/post"}],"author":[{"embeddable":true,"href":"http:\/\/nuevacordoba.net\/index.php\/wp-json\/wp\/v2\/users\/1"}],"replies":[{"embeddable":true,"href":"http:\/\/nuevacordoba.net\/index.php\/wp-json\/wp\/v2\/comments?post=7814"}],"version-history":[{"count":0,"href":"http:\/\/nuevacordoba.net\/index.php\/wp-json\/wp\/v2\/posts\/7814\/revisions"}],"wp:featuredmedia":[{"embeddable":true,"href":"http:\/\/nuevacordoba.net\/index.php\/wp-json\/wp\/v2\/media\/7815"}],"wp:attachment":[{"href":"http:\/\/nuevacordoba.net\/index.php\/wp-json\/wp\/v2\/media?parent=7814"}],"wp:term":[{"taxonomy":"category","embeddable":true,"href":"http:\/\/nuevacordoba.net\/index.php\/wp-json\/wp\/v2\/categories?post=7814"},{"taxonomy":"post_tag","embeddable":true,"href":"http:\/\/nuevacordoba.net\/index.php\/wp-json\/wp\/v2\/tags?post=7814"}],"curies":[{"name":"wp","href":"https:\/\/api.w.org\/{rel}","templated":true}]}}