{"id":7832,"date":"2021-08-03T21:29:52","date_gmt":"2021-08-03T21:29:52","guid":{"rendered":"https:\/\/prensa.cba.gov.ar\/?p=461001"},"modified":"2021-08-03T21:29:52","modified_gmt":"2021-08-03T21:29:52","slug":"comenzaron-las-obras-de-urbanizacion-en-barrio-bajada-san-jose","status":"publish","type":"post","link":"http:\/\/nuevacordoba.net\/index.php\/2021\/08\/03\/comenzaron-las-obras-de-urbanizacion-en-barrio-bajada-san-jose\/","title":{"rendered":"Comenzaron las obras de urbanizaci\u00f3n en barrio Bajada San Jos\u00e9"},"content":{"rendered":"<ul>\n<li><strong>Schiaretti supervis\u00f3 el inicio de la construcci\u00f3n de redes de agua potable, electricidad y calzadas.<\/strong><\/li>\n<li><strong>Los trabajos beneficiar\u00e1n a 600 familias que viven en este sector de la Capital<\/strong>. <strong>La inversi\u00f3n alcanza los 222,5 millones de pesos. <\/strong><\/li>\n<li><strong>EL Plan de Obras en Barrios Carentes de Infraestructura B\u00e1sica<\/strong> <strong>proyecta llegar a m\u00e1s de cuatro mil familias de 10 barrios de la Ciudad.<\/strong><\/li>\n<\/ul>\n<p>Este martes, el gobernador Juan Schiaretti, recorri\u00f3 el barrio Bajada San Jos\u00e9, donde comenzaron las <strong>obras de urbanizaci\u00f3n que convertir\u00e1n a este sector del sudeste de la Capital en un verdadero barrio<\/strong>.<\/p>\n<p>En la zona se ejecutar\u00e1n: red vial, peatonal, suministro de agua potable, tendido el\u00e9ctrico (media y baja tensi\u00f3n), alumbrado p\u00fablico, creaci\u00f3n y parquizaci\u00f3n de espacios verdes y la instalaci\u00f3n de equipamiento urbano.<\/p>\n<figure class=\"wp-block-gallery columns-2 is-cropped\">\n<ul class=\"blocks-gallery-grid\">\n<li class=\"blocks-gallery-item\">\n<figure><img loading=\"lazy\" width=\"990\" height=\"660\" src=\"http:\/\/nuevacordoba.net\/wp-content\/uploads\/2021\/08\/comenzaron-las-obras-de-urbanizacion-en-barrio-bajada-san-jose.jpg\" alt data-id=\"461025\" data-full-url=\"http:\/\/nuevacordoba.net\/wp-content\/uploads\/2021\/08\/comenzaron-las-obras-de-urbanizacion-en-barrio-bajada-san-jose.jpg\" data-link=\"https:\/\/prensa.cba.gov.ar\/no-home\/comenzaron-las-obras-de-urbanizacion-en-barrio-bajada-san-jose\/attachment\/_mg_6292\/\" class=\"wp-image-461025\"><\/figure>\n<\/li>\n<li class=\"blocks-gallery-item\">\n<figure><img loading=\"lazy\" width=\"990\" height=\"660\" src=\"http:\/\/nuevacordoba.net\/wp-content\/uploads\/2021\/08\/comenzaron-las-obras-de-urbanizacion-en-barrio-bajada-san-jose-1.jpg\" alt data-id=\"461027\" data-full-url=\"http:\/\/nuevacordoba.net\/wp-content\/uploads\/2021\/08\/comenzaron-las-obras-de-urbanizacion-en-barrio-bajada-san-jose-1.jpg\" data-link=\"https:\/\/prensa.cba.gov.ar\/no-home\/comenzaron-las-obras-de-urbanizacion-en-barrio-bajada-san-jose\/attachment\/mg_6350\/\" class=\"wp-image-461027\"><\/figure>\n<\/li>\n<\/ul>\n<\/figure>\n<p>Los trabajos beneficiar\u00e1n a las <strong>600 familias que viven en la barriada, y se prev\u00e9 una inversi\u00f3n de 222.5 millones de pesos<\/strong>.<\/p>\n<p>Schiaretti estuvo acompa\u00f1ado del intendente de la Ciudad, Mart\u00edn Llaryora; la diputada nacional y coordinadora del Gabinete Social, Alejandra Vigo; la legisladora provincial, Natalia de la Sota; y la ministra de Promoci\u00f3n del Empleo y la Econom\u00eda Familiar, Laura Jure.<\/p>\n<figure class=\"wp-block-embed is-type-rich is-provider-twitter wp-block-embed-twitter\"><\/figure>\n<h3><strong>Cuatro mil familias beneficiadas<\/strong><\/h3>\n<p>Estos trabajos de infraestructura y acciones de integraci\u00f3n social forman parte del <strong>Plan de Obras en Barrios Carentes de Infraestructura B\u00e1sica<\/strong>, que viene llevando adelante la Provincia junto con la Municipalidad de C\u00f3rdoba.<\/p>\n<p>Cabe destacar que esta pol\u00edtica gubernamental integral tiene como prop\u00f3sito promover el acceso a servicios p\u00fablicos, el saneamiento socio ambiental y el fortalecimiento comunitario, que le <strong>mejorar\u00e1n la calidad de vida a m\u00e1s de cuatro mil familias que habitan 10 distintos barrios de la Capital.<\/strong><\/p>\n<figure class=\"wp-block-gallery columns-2 is-cropped\">\n<ul class=\"blocks-gallery-grid\">\n<li class=\"blocks-gallery-item\">\n<figure><img loading=\"lazy\" width=\"1600\" height=\"1066\" src=\"http:\/\/nuevacordoba.net\/wp-content\/uploads\/2021\/08\/comenzaron-las-obras-de-urbanizacion-en-barrio-bajada-san-jose-2.jpg\" alt data-id=\"461038\" data-full-url=\"http:\/\/nuevacordoba.net\/wp-content\/uploads\/2021\/08\/comenzaron-las-obras-de-urbanizacion-en-barrio-bajada-san-jose-2.jpg\" data-link=\"https:\/\/prensa.cba.gov.ar\/no-home\/comenzaron-las-obras-de-urbanizacion-en-barrio-bajada-san-jose\/attachment\/las-bajadas1\/\" class=\"wp-image-461038\"><\/figure>\n<\/li>\n<li class=\"blocks-gallery-item\">\n<figure><img loading=\"lazy\" width=\"1280\" height=\"851\" src=\"http:\/\/nuevacordoba.net\/wp-content\/uploads\/2021\/08\/comenzaron-las-obras-de-urbanizacion-en-barrio-bajada-san-jose-3.jpg\" alt data-id=\"461036\" data-full-url=\"http:\/\/nuevacordoba.net\/wp-content\/uploads\/2021\/08\/comenzaron-las-obras-de-urbanizacion-en-barrio-bajada-san-jose-3.jpg\" data-link=\"https:\/\/prensa.cba.gov.ar\/no-home\/comenzaron-las-obras-de-urbanizacion-en-barrio-bajada-san-jose\/attachment\/las-bajadas\/\" class=\"wp-image-461036\"><\/figure>\n<\/li>\n<\/ul>\n<\/figure>\n<p>D\u00edas atr\u00e1s, el gobernador y las autoridades hab\u00edan supervisado los inicios de obra en <a href=\"https:\/\/prensa.cba.gov.ar\/gobierno\/schiaretti-superviso-las-obras-de-urbanizacion-en-villa-martinez\/\" target=\"_blank\" rel=\"noreferrer noopener\"><strong>Villa Mart\u00ednez<\/strong><\/a>, otro barrio de los 10 incluidos dentro de este plan de mejoras articulado junto con el Municipio de C\u00f3rdoba.<\/p>\n<p> \u201c<em>C\u00f3rdoba se ocupa de que haya m\u00e1s empleo, que nuestra gente pueda producir y que las barriadas populares en toda la provincia tengan la vida digna que merecen con los servicios como corresponde<\/em>\u201d, enfatiz\u00f3 en esa ocasi\u00f3n el mandatario.<\/p>\n<p> <iframe loading=\"lazy\" width=\"853\" height=\"480\" src=\"https:\/\/www.youtube.com\/embed\/WiH4ORkcCrU\" title=\"YouTube video player\" frameborder=\"0\" allow=\"accelerometer; autoplay; clipboard-write; encrypted-media; gyroscope; picture-in-picture\" allowfullscreen>[embedded content]<\/iframe> <\/p>\n","protected":false},"excerpt":{"rendered":"<p>Schiaretti supervis\u00f3 el inicio de la construcci\u00f3n de redes de agua potable, electricidad y calzadas. Los trabajos beneficiar\u00e1n a 600 familias que viven en este sector de la Capital. La inversi\u00f3n alcanza los 222,5 millones de pesos. EL Plan de Obras en Barrios Carentes de Infraestructura B\u00e1sica proyecta llegar a m\u00e1s de cuatro mil familias [&hellip;]<\/p>\n","protected":false},"author":1,"featured_media":7833,"comment_status":"closed","ping_status":"closed","sticky":false,"template":"","format":"standard","meta":[],"categories":[14],"tags":[],"_links":{"self":[{"href":"http:\/\/nuevacordoba.net\/index.php\/wp-json\/wp\/v2\/posts\/7832"}],"collection":[{"href":"http:\/\/nuevacordoba.net\/index.php\/wp-json\/wp\/v2\/posts"}],"about":[{"href":"http:\/\/nuevacordoba.net\/index.php\/wp-json\/wp\/v2\/types\/post"}],"author":[{"embeddable":true,"href":"http:\/\/nuevacordoba.net\/index.php\/wp-json\/wp\/v2\/users\/1"}],"replies":[{"embeddable":true,"href":"http:\/\/nuevacordoba.net\/index.php\/wp-json\/wp\/v2\/comments?post=7832"}],"version-history":[{"count":0,"href":"http:\/\/nuevacordoba.net\/index.php\/wp-json\/wp\/v2\/posts\/7832\/revisions"}],"wp:featuredmedia":[{"embeddable":true,"href":"http:\/\/nuevacordoba.net\/index.php\/wp-json\/wp\/v2\/media\/7833"}],"wp:attachment":[{"href":"http:\/\/nuevacordoba.net\/index.php\/wp-json\/wp\/v2\/media?parent=7832"}],"wp:term":[{"taxonomy":"category","embeddable":true,"href":"http:\/\/nuevacordoba.net\/index.php\/wp-json\/wp\/v2\/categories?post=7832"},{"taxonomy":"post_tag","embeddable":true,"href":"http:\/\/nuevacordoba.net\/index.php\/wp-json\/wp\/v2\/tags?post=7832"}],"curies":[{"name":"wp","href":"https:\/\/api.w.org\/{rel}","templated":true}]}}