{"id":7834,"date":"2021-08-03T21:20:42","date_gmt":"2021-08-03T21:20:42","guid":{"rendered":"https:\/\/puntoapunto.com.ar\/?p=282044"},"modified":"2021-08-03T21:20:42","modified_gmt":"2021-08-03T21:20:42","slug":"flybondi-aumenta-vuelos-la-ruta-a-buenos-aires-tendra-5-frecuencias-semanales","status":"publish","type":"post","link":"http:\/\/nuevacordoba.net\/index.php\/2021\/08\/03\/flybondi-aumenta-vuelos-la-ruta-a-buenos-aires-tendra-5-frecuencias-semanales\/","title":{"rendered":"Flybondi aumenta vuelos: la ruta a Buenos Aires tendr\u00e1 5 frecuencias semanales"},"content":{"rendered":"<p>La aerol\u00ednea low cost Flybondi sum\u00f3 un nuevo avi\u00f3n a su flota con el objetivo de aumentar su oferta de vuelos y sumar frecuencias para sus 13 destinos nacionales. La aeronave Boeing 737-800 NG con matr\u00edcula LV-KAH arrib\u00f3 el 21 de julio al Aeropuerto Internacional de Ezeiza proveniente de Tucson, Estados Unidos, y comenz\u00f3 a prestar servicio hoy con su vuelo inaugural desde Buenos Aires a C\u00f3rdoba a las 11.55 hs.<\/p>\n<p>Con la incorporaci\u00f3n de aviones a su flota radicada en el pa\u00eds, Flybondi consolida su inversi\u00f3n en Argentina apuntando a recuperar capacidad de oferta. Por esto mismo, la compa\u00f1\u00eda ya proyecta el ingreso de un cuarto avi\u00f3n para el \u00faltimo trimestre del a\u00f1o, momento en el que reiniciar\u00e1 tambi\u00e9n su operaci\u00f3n a destinos internacionales como Brasil y Paraguay.<\/p>\n<p>Para la ruta C\u00f3rdoba \u2013 Buenos Aires con la incorporaci\u00f3n del tercer avi\u00f3n se incrementa sus frecuencias a 5 semanales, los d\u00edas lunes, martes, viernes, s\u00e1bado y domingo. Asimismo la ruta C\u00f3rdoba \u2013 Bariloche contin\u00faa con 2 frecuencias semanales, los d\u00edas martes y s\u00e1bados.<\/p>\n<p><em>\u201cLos resultados de la primera mitad del a\u00f1o 2021 nos permiten ser optimistas con la recuperaci\u00f3n del sector en el mediano y largo plazo, y en esto nuestros clientes han sido una pieza fundamental. Volamos desde Aeroparque con una performance de excelencia, con puntualidad y ocupaci\u00f3n r\u00e9cord en estos meses, que nos acercan a nuevas personas que se est\u00e1n decidiendo por volar. Por eso, seguimos firmes con nuestro plan de inversi\u00f3n y recuperaci\u00f3n, incorporando ahora nuestro tercer avi\u00f3n y entre septiembre y octubre, el cuarto. En la medida en la que la demanda mantenga la tendencia actual, estamos convencidos de que el camino es sumar conectividad, nuevas opciones para volar en Argentina, generar empleo en este momento tan particular, y por supuesto, m\u00e1s libertad de volar con tarifas bajas y un servicio de calidad\u201d, <\/em>mencion\u00f3 Mauricio Sana, CEO de Flybondi.<\/p>\n<p>En cuanto a la temporada de invierno la compa\u00f1\u00eda presenta muy buenos niveles de ocupaci\u00f3n de sus vuelos y los destinos m\u00e1s elegidos para las vacaciones son Bariloche, Mendoza y Salta. Para la ruta Bariloche \u2013 Buenos Aires con la incorporaci\u00f3n del tercer avi\u00f3n se increment\u00f3 sus frecuencias a 15 vuelos semanales, mientras que la ruta Mendoza \u2013 Buenos Aires tiene 5 frecuencias semanales y la ruta Salta \u2013 Buenos Aires 7. De esta manera, la compa\u00f1\u00eda aumenta a 134 vuelos semanales para los 13 destinos nacionales.<\/p>\n<p><strong>Flybondi en n\u00fameros:<\/strong><\/p>\n<ul>\n<li>Comenz\u00f3 a operar en Argentina en 2018 y ya transport\u00f3 a m\u00e1s de 3 millones de personas.<\/li>\n<li>Cuenta con m\u00e1s de 520 empleados en todo el pa\u00eds.<\/li>\n<li>A su flota de 2 aviones Boeing 737-800 NG se suma este 3er. avi\u00f3n.<\/li>\n<li>Vuela a 13 destinos, 14 rutas nacionales y comenzar\u00e1 a volar a sus destinos internacionales el \u00faltimo trimestre de 2021.<\/li>\n<li>Es la aerol\u00ednea con mejor nivel de ocupaci\u00f3n de sus vuelos en Argentina.<\/li>\n<\/ul>\n<div class=\"saboxplugin-wrap\" itemtype=\"http:\/\/schema.org\/Person\" itemscope itemprop=\"author\">\n<div class=\"saboxplugin-tab\">\n<div class=\"saboxplugin-gravatar\"><img alt src=\"http:\/\/nuevacordoba.net\/wp-content\/uploads\/2021\/08\/flybondi-aumenta-vuelos-la-ruta-a-buenos-aires-tendra-5-frecuencias-semanales.jpg\" srcset=\"http:\/\/nuevacordoba.net\/wp-content\/uploads\/2021\/08\/flybondi-aumenta-vuelos-la-ruta-a-buenos-aires-tendra-5-frecuencias-semanales-1.jpg 2x\" class=\"avatar avatar-100 photo\" height=\"100\" width=\"100\" itemprop=\"image\" loading=\"lazy\"><\/div>\n<div class=\"saboxplugin-desc\" readability=\"6.5\">\n<div itemprop=\"description\" readability=\"8\">\n<p>Este articulo fue escrito por la redacci\u00f3n de Punto a Punto. Seguinos en todas nuestras redes sociales<\/p>\n<\/div>\n<\/div>\n<\/div>\n<\/div>\n","protected":false},"excerpt":{"rendered":"<p>La aerol\u00ednea low cost Flybondi sum\u00f3 un nuevo avi\u00f3n a su flota con el objetivo de aumentar su oferta de vuelos y sumar frecuencias para sus 13 destinos nacionales. La aeronave Boeing 737-800 NG con matr\u00edcula LV-KAH arrib\u00f3 el 21 de julio al Aeropuerto Internacional de Ezeiza proveniente de Tucson, Estados Unidos, y comenz\u00f3 a [&hellip;]<\/p>\n","protected":false},"author":1,"featured_media":7835,"comment_status":"open","ping_status":"closed","sticky":false,"template":"","format":"standard","meta":[],"categories":[14],"tags":[],"_links":{"self":[{"href":"http:\/\/nuevacordoba.net\/index.php\/wp-json\/wp\/v2\/posts\/7834"}],"collection":[{"href":"http:\/\/nuevacordoba.net\/index.php\/wp-json\/wp\/v2\/posts"}],"about":[{"href":"http:\/\/nuevacordoba.net\/index.php\/wp-json\/wp\/v2\/types\/post"}],"author":[{"embeddable":true,"href":"http:\/\/nuevacordoba.net\/index.php\/wp-json\/wp\/v2\/users\/1"}],"replies":[{"embeddable":true,"href":"http:\/\/nuevacordoba.net\/index.php\/wp-json\/wp\/v2\/comments?post=7834"}],"version-history":[{"count":0,"href":"http:\/\/nuevacordoba.net\/index.php\/wp-json\/wp\/v2\/posts\/7834\/revisions"}],"wp:featuredmedia":[{"embeddable":true,"href":"http:\/\/nuevacordoba.net\/index.php\/wp-json\/wp\/v2\/media\/7835"}],"wp:attachment":[{"href":"http:\/\/nuevacordoba.net\/index.php\/wp-json\/wp\/v2\/media?parent=7834"}],"wp:term":[{"taxonomy":"category","embeddable":true,"href":"http:\/\/nuevacordoba.net\/index.php\/wp-json\/wp\/v2\/categories?post=7834"},{"taxonomy":"post_tag","embeddable":true,"href":"http:\/\/nuevacordoba.net\/index.php\/wp-json\/wp\/v2\/tags?post=7834"}],"curies":[{"name":"wp","href":"https:\/\/api.w.org\/{rel}","templated":true}]}}