{"id":7841,"date":"2021-08-04T00:35:38","date_gmt":"2021-08-04T00:35:38","guid":{"rendered":"http:\/\/nuevacordoba.net\/index.php\/2021\/08\/04\/el-sueco-armand-duplantis-gano-la-medalla-oro-en-salto-con-garrocha\/"},"modified":"2021-08-04T00:35:38","modified_gmt":"2021-08-04T00:35:38","slug":"el-sueco-armand-duplantis-gano-la-medalla-oro-en-salto-con-garrocha","status":"publish","type":"post","link":"http:\/\/nuevacordoba.net\/index.php\/2021\/08\/04\/el-sueco-armand-duplantis-gano-la-medalla-oro-en-salto-con-garrocha\/","title":{"rendered":"El sueco Armand Duplantis gan\u00f3 la medalla oro en salto con garrocha"},"content":{"rendered":"<div class=\"image\" id=\"image\" readability=\"8\"> <img src=\"http:\/\/nuevacordoba.net\/wp-content\/uploads\/2021\/08\/el-sueco-armand-duplantis-gano-la-medalla-oro-en-salto-con-garrocha.jpg\" alt=\"El atleta sueco obtuvo el oro al saltar 6,02 metros.\" title=\"El atleta sueco obtuvo el oro al saltar 6,02 metros.\"><\/p>\n<p>El atleta sueco obtuvo el oro al saltar 6,02 metros.<\/p>\n<\/div>\n<p>El sueco Armand Duplantis, que tiene el r\u00e9cord mundial de salto con garrocha, se proclam\u00f3 este martes campe\u00f3n ol\u00edmpico en los Juegos de Tokio.<\/p>\n<p>\u00b4Mondo\u00b4, de 21 a\u00f1os, <strong>gan\u00f3 con una marca de 6,02 metros<\/strong>; el estadounidense Christopher Nielsen qued\u00f3 en el segundo puesto con 5,97 metros y el brasile\u00f1o Thiago Braz, campe\u00f3n ol\u00edmpico 2016, finaliz\u00f3 tercero con 5,87 metros.<\/p>\n<p>Duplantis, que tiene la mejor marca del a\u00f1o: 6,10 que logr\u00f3 en Hengelo, Pa\u00edses Bajos, el 6 de junio pasado, <strong>estableci\u00f3 el 15 de febrero de 2020 en Glasgow, Escocia, un nuevo r\u00e9cord mundial con una marca de 6,18<\/strong> en fecha del World Athletics Indoor (bajo techo) Tour, que intent\u00f3 quebrar hoy tres veces sin \u00e9xito.<\/p>\n<p>\u00abEl r\u00e9cord mundial hubiera sido bonito. Sent\u00ed que estuve cerca, pero as\u00ed fueron las cosas. No me voy a quedar sentado quej\u00e1ndome\u00bb, expres\u00f3, seg\u00fan consign\u00f3 la agencia de noticias francesa AFP.<\/p>\n<p>Duplantis, nacido en Lafayette, Louisiana, Estados Unidos, de madre sueca, y de 1,81 de altura, fue subcampe\u00f3n mundial en Doha, Qatar, 2019, con 5,97 y campe\u00f3n europeo en Berl\u00edn, Alemania, en 2018.<\/p>\n<p><strong>El atleta santafesino Germ\u00e1n Chiaraviglio, quien iba a disputar su tercer Juego Ol\u00edmpico luego de Beijing 2008 y R\u00edo 2016, donde fue finalista, dio positivo el 28 de julio pasado en el \u00faltimo testeo de coronavirus y no particip\u00f3 en la fase clasificatoria de la prueba.<\/strong> <\/p>\n","protected":false},"excerpt":{"rendered":"<p>El atleta sueco obtuvo el oro al saltar 6,02 metros. El sueco Armand Duplantis, que tiene el r\u00e9cord mundial de salto con garrocha, se proclam\u00f3 este martes campe\u00f3n ol\u00edmpico en los Juegos de Tokio. \u00b4Mondo\u00b4, de 21 a\u00f1os, gan\u00f3 con una marca de 6,02 metros; el estadounidense Christopher Nielsen qued\u00f3 en el segundo puesto con [&hellip;]<\/p>\n","protected":false},"author":1,"featured_media":7842,"comment_status":"closed","ping_status":"closed","sticky":false,"template":"","format":"standard","meta":[],"categories":[10],"tags":[],"_links":{"self":[{"href":"http:\/\/nuevacordoba.net\/index.php\/wp-json\/wp\/v2\/posts\/7841"}],"collection":[{"href":"http:\/\/nuevacordoba.net\/index.php\/wp-json\/wp\/v2\/posts"}],"about":[{"href":"http:\/\/nuevacordoba.net\/index.php\/wp-json\/wp\/v2\/types\/post"}],"author":[{"embeddable":true,"href":"http:\/\/nuevacordoba.net\/index.php\/wp-json\/wp\/v2\/users\/1"}],"replies":[{"embeddable":true,"href":"http:\/\/nuevacordoba.net\/index.php\/wp-json\/wp\/v2\/comments?post=7841"}],"version-history":[{"count":0,"href":"http:\/\/nuevacordoba.net\/index.php\/wp-json\/wp\/v2\/posts\/7841\/revisions"}],"wp:featuredmedia":[{"embeddable":true,"href":"http:\/\/nuevacordoba.net\/index.php\/wp-json\/wp\/v2\/media\/7842"}],"wp:attachment":[{"href":"http:\/\/nuevacordoba.net\/index.php\/wp-json\/wp\/v2\/media?parent=7841"}],"wp:term":[{"taxonomy":"category","embeddable":true,"href":"http:\/\/nuevacordoba.net\/index.php\/wp-json\/wp\/v2\/categories?post=7841"},{"taxonomy":"post_tag","embeddable":true,"href":"http:\/\/nuevacordoba.net\/index.php\/wp-json\/wp\/v2\/tags?post=7841"}],"curies":[{"name":"wp","href":"https:\/\/api.w.org\/{rel}","templated":true}]}}