{"id":7859,"date":"2021-08-04T05:08:30","date_gmt":"2021-08-04T05:08:30","guid":{"rendered":"http:\/\/nuevacordoba.net\/index.php\/2021\/08\/04\/eeuu-prorrogo-la-prohibicion-de-desalojos-de-viviendas-a-raiz-del-coronavirus\/"},"modified":"2021-08-04T05:08:30","modified_gmt":"2021-08-04T05:08:30","slug":"eeuu-prorrogo-la-prohibicion-de-desalojos-de-viviendas-a-raiz-del-coronavirus","status":"publish","type":"post","link":"http:\/\/nuevacordoba.net\/index.php\/2021\/08\/04\/eeuu-prorrogo-la-prohibicion-de-desalojos-de-viviendas-a-raiz-del-coronavirus\/","title":{"rendered":"EEUU prorrog\u00f3 la prohibici\u00f3n de desalojos de viviendas, a ra\u00edz del coronavirus"},"content":{"rendered":"<div><img src=\"http:\/\/nuevacordoba.net\/wp-content\/uploads\/2021\/08\/eeuu-prorrogo-la-prohibicion-de-desalojos-de-viviendas-a-raiz-del-coronavirus.jpg\" class=\"ff-og-image-inserted\"><\/div>\n<p> La autoridad sanitaria de Estados Unidos prorrog\u00f3 este martes hasta el 3 de octubre pr\u00f3ximo la prohibici\u00f3n de desalojar personas de sus viviendas por no tener sus alquileres al d\u00eda, medida adoptada a ra\u00edz de la pandemia de coronavirus, que hab\u00eda vencido el s\u00e1bado pasado y que, seg\u00fan la Corte Suprema de Justicia, solo pod\u00eda ser extendida por el Congreso.<\/p>\n<p><strong>\u201cLa emergencia de la variante Delta aceler\u00f3 el ritmo de contagios en Estados Unidos, poniendo a m\u00e1s ciudadanos en peligro, sobre todo si no est\u00e1n vacunados\u201d<\/strong>, argument\u00f3 la directora de la red estatal de Centros para el Control y Prevenci\u00f3n de Enfermedades (CDC), Rochelle Walensky, en un comunicado.<\/p>\n<p><strong>\u201cEsta moratoria era necesaria para que la gente se quede en casa y no en lugares concurridos donde el Covid-19 se propaga<\/strong>\u201d, agreg\u00f3 la funcionaria, seg\u00fan la agencia de noticias AFP.<\/p>\n<p>Aunque la medida sea llevada a los tribunales, \u201cprobablemente dar\u00e1 m\u00e1s tiempo\u201d para depositar a los inquilinos fondos que fueron asignados desde febrero por el Congreso para el pago de sus alquileres, dijo el presidente Joe Biden en la Casa Blanca.<\/p>\n<div class=\"js-code\" readability=\"5.7835365853659\">\n<blockquote class=\"twitter-tweet\" readability=\"5.7835365853659\">\n<p lang=\"es\" dir=\"ltr\">\u00abSeguimos luchando por los latinos\u00bb: Alexandria Ocasio-Cortez (<a href=\"https:\/\/twitter.com\/AOC?ref_src=twsrc%5Etfw\">@AOC<\/a> \/ <a href=\"https:\/\/twitter.com\/aocenespanol?ref_src=twsrc%5Etfw\">@aocenespanol<\/a>) se sum\u00f3 a las protestas desde el Congreso en apoyo a las comunidades que se ven afectadas por la moratoria de desalojo en Estados Unidos que acaba de expirar \ud83d\udccc <a href=\"https:\/\/t.co\/56fBsKpve2\">pic.twitter.com\/56fBsKpve2<\/a><\/p>\n<p>\u2014 El Tiempo Latino (@eltiempolatino) <a href=\"https:\/\/twitter.com\/eltiempolatino\/status\/1422719201781899269?ref_src=twsrc%5Etfw\">August 4, 2021<\/a><\/p><\/blockquote><\/div>\n<p><strong>La anterior moratoria para los alquileres fue dispuesta por los CDC en septiembre de 2020 <\/strong>y venci\u00f3 el s\u00e1bado pasado.<\/p>\n<p>En junio, la Corte Suprema de Justicia estableci\u00f3 que la eventual renovaci\u00f3n de la medida deb\u00eda ser adoptada por el Congreso y no por los CDC.<\/p>\n<p>Una iniciativa del oficialismo dem\u00f3crata para prorrogarla en el Congreso no prosper\u00f3 debido a la oposici\u00f3n de los republicanos. <\/p>\n","protected":false},"excerpt":{"rendered":"<p>La autoridad sanitaria de Estados Unidos prorrog\u00f3 este martes hasta el 3 de octubre pr\u00f3ximo la prohibici\u00f3n de desalojar personas de sus viviendas por no tener sus alquileres al d\u00eda, medida adoptada a ra\u00edz de la pandemia de coronavirus, que hab\u00eda vencido el s\u00e1bado pasado y que, seg\u00fan la Corte Suprema de Justicia, solo pod\u00eda [&hellip;]<\/p>\n","protected":false},"author":1,"featured_media":7860,"comment_status":"closed","ping_status":"closed","sticky":false,"template":"","format":"standard","meta":[],"categories":[13],"tags":[],"_links":{"self":[{"href":"http:\/\/nuevacordoba.net\/index.php\/wp-json\/wp\/v2\/posts\/7859"}],"collection":[{"href":"http:\/\/nuevacordoba.net\/index.php\/wp-json\/wp\/v2\/posts"}],"about":[{"href":"http:\/\/nuevacordoba.net\/index.php\/wp-json\/wp\/v2\/types\/post"}],"author":[{"embeddable":true,"href":"http:\/\/nuevacordoba.net\/index.php\/wp-json\/wp\/v2\/users\/1"}],"replies":[{"embeddable":true,"href":"http:\/\/nuevacordoba.net\/index.php\/wp-json\/wp\/v2\/comments?post=7859"}],"version-history":[{"count":0,"href":"http:\/\/nuevacordoba.net\/index.php\/wp-json\/wp\/v2\/posts\/7859\/revisions"}],"wp:featuredmedia":[{"embeddable":true,"href":"http:\/\/nuevacordoba.net\/index.php\/wp-json\/wp\/v2\/media\/7860"}],"wp:attachment":[{"href":"http:\/\/nuevacordoba.net\/index.php\/wp-json\/wp\/v2\/media?parent=7859"}],"wp:term":[{"taxonomy":"category","embeddable":true,"href":"http:\/\/nuevacordoba.net\/index.php\/wp-json\/wp\/v2\/categories?post=7859"},{"taxonomy":"post_tag","embeddable":true,"href":"http:\/\/nuevacordoba.net\/index.php\/wp-json\/wp\/v2\/tags?post=7859"}],"curies":[{"name":"wp","href":"https:\/\/api.w.org\/{rel}","templated":true}]}}