{"id":7861,"date":"2021-08-04T11:20:39","date_gmt":"2021-08-04T11:20:39","guid":{"rendered":"http:\/\/nuevacordoba.net\/index.php\/2021\/08\/04\/a-20-anos-del-ultimo-show-de-los-redondos-ecos-que-resuenan-y-prometen-no-extinguirse\/"},"modified":"2021-08-04T11:20:39","modified_gmt":"2021-08-04T11:20:39","slug":"a-20-anos-del-ultimo-show-de-los-redondos-ecos-que-resuenan-y-prometen-no-extinguirse","status":"publish","type":"post","link":"http:\/\/nuevacordoba.net\/index.php\/2021\/08\/04\/a-20-anos-del-ultimo-show-de-los-redondos-ecos-que-resuenan-y-prometen-no-extinguirse\/","title":{"rendered":"A 20 a\u00f1os del \u00faltimo show de Los Redondos: ecos que resuenan y prometen no extinguirse"},"content":{"rendered":"<div class=\"image\" id=\"image\" readability=\"7\"> <img src=\"http:\/\/nuevacordoba.net\/wp-content\/uploads\/2021\/08\/a-20-anos-del-ultimo-show-de-los-redondos-ecos-que-resuenan-y-prometen-no-extinguirse.jpg\" alt=\"Los redondos con el Indio Solari\" title=\"Los redondos con el Indio Solari\"><\/p>\n<p>Los redondos con el Indio Solari<\/p>\n<\/div>\n<p><strong>Patricio Rey y sus Redonditos de Ricota<\/strong>, la irrepetible experiencia musical que hab\u00eda sobrevolado la escena del rock argentino desde hac\u00eda m\u00e1s de dos d\u00e9cadas, daba sin saberlo <strong>hace 20 a\u00f1os su \u00faltima funci\u00f3n<\/strong> y abr\u00eda paso a uno de los m\u00e1s grandes mitos de la escena musical local, que a\u00fan perdura y se agranda con relatos de todo aquel que alguna vez fue parte de esa movida o apenas tuvo contacto desde un lugar de p\u00fablico.<\/p>\n<p>Aunque la confirmaci\u00f3n oficial de la separaci\u00f3n iba a llegar unos meses despu\u00e9s, el cierre de la historia palpable del grupo se ubica en aquella noche del <strong>4 de agosto de 2001, en el estadio mundialista cordob\u00e9s Mario Alberto Kempes, conocido por entonces como el Chateau.<\/strong><\/p>\n<p>Hasta all\u00ed, el combo liderado por el triunvirato conformado por el guitarrista <strong>Skay Beilinson, el cantante Carlos \u00abEl Indio\u00bb Solari y la m\u00e1nager \u00abtodoterreno\u00bb Carmen \u00abLa Negra Poli\u00bb Castro<\/strong>, hab\u00eda dejado una huella indeleble con los alocados shows de fines de la dictadura y principio de la democracia, el recorrido por el under porte\u00f1o de los `80 y la masividad de estadios en los `90.<\/p>\n<p>Con un rock de alto vuelo y una inigualable po\u00e9tica, Los Redondos fueron un espacio de catarsis en a\u00f1os oscuros, amplificador de<strong> la voz de una bohemia cr\u00edtica en los `80 y de los j\u00f3venes expulsados por el neoliberalismo en los `90.<\/strong><\/p>\n<p>Estas cuestiones y el camino de la independencia, con la novedad en este caso de ser compatible con la masividad, pusieron al grupo en la mira de los poderes f\u00e1cticos que, con distintas estrategias -en su mayor\u00eda con el respaldo de los discursos hegem\u00f3nicos emanados desde los medios- intentaron crear una especie de leyenda negra a su alrededor.<\/p>\n<p>La fuerza del arte y de los seguidores que defendieron las banderas del grupo pusieron las cosas en su lugar y, hoy en d\u00eda, <strong>Patricio Rey y sus Redonditos de Ricota es sin\u00f3nimo de una de las mejores y m\u00e1s originales bandas que dio la historia del rock argentino.<\/strong><\/p>\n<p>A pedido de T\u00e9lam, m\u00fasicos que fueron parte del grupo o participaron en alg\u00fan momento como invitados, y colaboradores directo evocaron su experiencia al lado de esta m\u00edtica alineaci\u00f3n.<\/p>\n<p>Tito Fargo<\/p>\n<p> (m\u00fasico)<\/p>\n<div class=\"image-right\"> <img src=\"http:\/\/nuevacordoba.net\/wp-content\/uploads\/2021\/08\/a-20-anos-del-ultimo-show-de-los-redondos-ecos-que-resuenan-y-prometen-no-extinguirse-1.jpg\" alt=\"Tito Fargo\" title=\"Tito Fargo\"><\/p>\n<p>Tito Fargo<\/p>\n<\/div>\n<p>\u00abMi experiencia con Los Redondos tiene que ver b\u00e1sicamente con mis inicios de manera profesional y, fundamentalmente, lo que destaco es el mecanismo de ser un m\u00fasico independiente, algo que hasta el d\u00eda de hoy conservo porque me interesa esa f\u00f3rmula, mucho m\u00e1s en estos tiempos. Me parece que est\u00e1 bueno seguir defendiendo una postura art\u00edstica desde ese lugar porque te da una libertad de pensamiento y de concepto de trabajo que desde ning\u00fan otro lugar se puede lograr. Yo creo que ese es el aporte mayor, m\u00e1s all\u00e1 de lo musical, de haber arreglado y ayudado a componer, y haber ejecutado y grabado esas canciones, en los discos `Gulp\u00b4 y `Oktubre\u00b4 donde particip\u00e9. La est\u00e9tica de la independencia me ha dejado el mayor est\u00edmulo para que siga haciendo cosas\u00bb.<\/p>\n<p>Claudio Quartero<\/p>\n<p> (m\u00fasico, estrecho colaborador del grupo)<br \/>\u00abM\u00e1s all\u00e1 de lo que haya dejado en cada uno a m\u00ed me dej\u00f3 muy claro el concepto de no quedarse en ese punto, sino por el contrario reinventarse constantemente, la b\u00fasqueda de nuevos desaf\u00edos y de ser mejor. Por eso es constante ese objetivo. En aquellos tiempos era superarse d\u00eda a d\u00eda en la propuesta. Una vez que se consigui\u00f3 llamar la atenci\u00f3n, no hay que quedarse en la c\u00f3moda de recrear la f\u00f3rmula, que para m\u00ed no fue \u00f3ptima porque creo que apenas lleg\u00f3 a los primeros destellos de claridad y, como dije, no fue para todos. Para m\u00ed fue iniciativa, el empuje a seguir en la b\u00fasqueda. As\u00ed que no es mi inter\u00e9s quedar en la historia como quien hizo aquello, sino como quien busca a diario mejorar\u00bb.<\/p>\n<p>Gonzo Palacios<\/p>\n<p> (m\u00fasico)<\/p>\n<div class=\"image-right\"> <img src=\"http:\/\/nuevacordoba.net\/wp-content\/uploads\/2021\/08\/a-20-anos-del-ultimo-show-de-los-redondos-ecos-que-resuenan-y-prometen-no-extinguirse-2.jpg\" alt=\"Gonzo Palacios\" title=\"Gonzo Palacios\"><\/p>\n<p>Gonzo Palacios<\/p>\n<\/div>\n<p>\u00abCuando Skay me invit\u00f3 a formar parte unos a\u00f1os antes de que se grabara `Gulp\u00b4, fue como tocar el cielo con las manos: yo era muy chico y ellos eran, de lejos, mi grupo preferido. Hablar de ideolog\u00eda cuando se habla de un grupo de rock me resulta desmedido, incluso hasta enga\u00f1oso, pero hab\u00eda en Los Redondos algo que definitivamente no encontrabas en otras bandas, con algunas honrosas excepciones dentro del underground de entonces. Hay experiencias que son intransferibles, uno puede intentar hacer un relato lo m\u00e1s fidedigno posible pero dif\u00edcilmente se acerque a lo que es haberlas vivido. Haber sido testigo en primera fila de la evoluci\u00f3n de Los Redondos desde su \u00faltima etapa underground hasta su paso a la masividad, poder dejar algunas notas en dos de sus discos y haber participado en tantos conciertos fue un verdadero privilegio. Soy consciente de ello, son momentos irrepetibles que atesoro y que me importan en lo humano y personal mucho m\u00e1s que lo que signifiquen o no en mi carrera\u00bb.<\/p>\n<p>Mario Breuer<\/p>\n<p> (ingeniero de sonido)<br \/>\u00abSiempre tuve un poco esta teor\u00eda, esta metodolog\u00eda de nunca hacer m\u00e1s de dos discos con los artistas -en algunos casos no se me hizo f\u00e1cil como con Andr\u00e9s Calamaro o Charly Garc\u00eda- pero entre los artistas con los que reincid\u00ed varias veces est\u00e1 Patricio Rey y sus Redonditos de Ricota, supongo que porque me sent\u00eda muy c\u00f3modo trabajando con ellos. Era gente que le importaba la excelencia, mejorar, que sus discos suenen cada vez mejor y tengan una novedad, que suene profesional. Fue casi un momento de quiebre cuando les propuse mezclar \u00abLobo suelto, cordero atado\u00bb en Estados Unidos. Yo ven\u00eda de trabajar \u00abHombre rayo\u00bb, de Man Ray, y hab\u00eda conocido un estudio incre\u00edble. Cuando les dije eso, como cada vez que propon\u00eda algo, me dijeron que s\u00ed. Ten\u00eda buen entendimiento con Skay y con el Indio, que eran los productores art\u00edsticos. Fue una gloria trabajar con ellos, hicimos discos incre\u00edbles. Supongo que de los 20 discos que m\u00e1s me gustan en mi carrera, hay dos o tres que son de ellos y solo puedo hablar de lo generoso que han sido en mi carrera. Les estoy extremadamente agradecido por su generosidad, por darme su confianza, por permitirme ser atrevido. Patricio Rey es un artista que llevo muy profundo en mi coraz\u00f3n y son momentos muy altos de mi carrera y de mi vida tambi\u00e9n, por cierto\u00bb.<\/p>\n<p>Lito Vitale<\/p>\n<p> (m\u00fasico)<\/p>\n<div class=\"image\" id=\"image\"> <img src=\"http:\/\/nuevacordoba.net\/wp-content\/uploads\/2021\/08\/a-20-anos-del-ultimo-show-de-los-redondos-ecos-que-resuenan-y-prometen-no-extinguirse-3.jpg\" alt=\"Lito Vitale\" title=\"Lito Vitale\"><\/p>\n<p>Lito Vitale<\/p>\n<\/div>\n<p>Por intermedio de Pipo Lernoud, Claudio Kleiman y Jorge Pistocchi, Los Redondos cayeron a grabar al estudio que en ese momento estaba asociado al grupo M.I.A, que funcionaba en mi casa familiar. En ese momento yo trabajaba de t\u00e9cnico de grabaci\u00f3n, con mis limitaciones y las limitaciones de las m\u00e1quinas que hab\u00eda en el estudio en aquel momento. Cuando necesitaron un teclado para meter en `Superl\u00f3gico\u00b4 me ofrec\u00ed a tocarlo y ah\u00ed qued\u00e9 como naturalmente invitado en varios temas m\u00e1s. Despu\u00e9s como pegaron muy buena onda tambi\u00e9n con mi viejo, y los primeros dos o tres discos salieron por un sello alternativo que comandaban mis viejos, quedamos con una relaci\u00f3n muy buena. As\u00ed construyeron un camino de independencia con la particularidad que no ten\u00eda M.I.A. que es que su m\u00fasica se volvi\u00f3 muy popular, un grupo emblema del rock independiente argentino. Fui invitado hasta el disco `\u00daltimo bondi a Finisterre\u00b4 y nunca se habl\u00f3 de dinero. Las colaboraciones eran art\u00edsticas, humanas y de onda, no exist\u00eda la contrataci\u00f3n profesional. No creo haberles aportado algo sustancial; s\u00ed mi entusiasmo y la felicidad de tocar con ellos, que me llamaran y haberla pasado bien. Haber participado de Los Redondos me enorgullece\u00bb.<\/p>\n<p>Rodolfo \u00abEl Soldado\u00bb Gonz\u00e1lez<\/p>\n<p> (asistente, m\u00fasico)<\/p>\n<div class=\"image\" id=\"image\"> <img src=\"http:\/\/nuevacordoba.net\/wp-content\/uploads\/2021\/08\/a-20-anos-del-ultimo-show-de-los-redondos-ecos-que-resuenan-y-prometen-no-extinguirse-4.jpg\" alt=\"El Soldado Gonz\u00e1lez\" title=\"El Soldado Gonz\u00e1lez\"><\/p>\n<p>El Soldado Gonz\u00e1lez<\/p>\n<\/div>\n<p>\u00abTrabaj\u00e9 desde los 15 a\u00f1os hasta los 30 m\u00e1s o menos, hasta el a\u00f1o `97. Yo los conoc\u00eda de escucharlos en la radio y me imaginaba c\u00f3mo ser\u00edan. Trabajar con ellos fue como una especie de revelaci\u00f3n, sobre todo por lo que tiene que ver con la movida que hab\u00eda en ese tiempo. Revelaciones de la noche, estar con gente grande vinculada con lo que a uno le gustaba que era la m\u00fasica y el rock. Una experiencia muy linda y muy interesante la de verlos desde ese principio hasta su crecimiento, su masividad. MI paso por ah\u00ed fue de crecimiento personal y tengo hermosos recuerdos de ellos por adem\u00e1s haberme dado una mano en los inicios de mi carrera musical. El crecimiento que tuve ah\u00ed no fue solo musical, sino tambi\u00e9n en todo lo que tiene que ver con manejarse independientemente, aunque serlo es una circunstancia y reci\u00e9n con el paso del tiempo es una elecci\u00f3n. Ellos fueron independientes y en esa elecci\u00f3n tuvieron muchos aciertos y muchos desaciertos. Pasaron por muchas vicisitudes que podr\u00edan haberse ahorrado. Fueron creciendo y entendiendo hasta su \u00faltima actuaci\u00f3n. Tambi\u00e9n aprend\u00ed mucho sobre c\u00f3mo se genera un show, c\u00f3mo se trabaja, y lo t\u00e9cnico. Los Redondos fueron un fen\u00f3meno social. Desde su separaci\u00f3n hasta ahora generaron mucha m\u00e1s gente que lo sigue y en realidad es la gente que no los vio, es tan grande ese fen\u00f3meno que genera eso. Como banda tiene un legado muy interesante, no creo que sea la mejor banda pero s\u00ed est\u00e1 entre las mejores. Creo que cumplieron su tiempo y ahora est\u00e1n sus representantes.<\/p>\n<p>Conejo Jolivet<\/p>\n<p> (m\u00fasico)<br \/>\u00abMi historia con Los Redondos empieza en el `78 a trav\u00e9s de un luthier al que llevaba mi guitarra. Me cont\u00f3 que le hab\u00eda hablado de m\u00ed a unos muchachos de La Plata y me pas\u00f3 un tel\u00e9fono. Llam\u00e9 y arreglamos un encuentro con Skay y Poly en su departamento. Yo estaba acostumbrado en esa \u00e9poca a los reventados del rock y el blues, y estos nada que ver, me atendieron con un mate, muy criollo y sanito todo. Empezamos a ensayar en un s\u00f3tano en Corrientes y 9 de Julio. Skay se colgaba un pito con el cual me llamaba a retraerme en los solos para que entrara la voz o terminara el tema. El Indio no aparec\u00eda y pregunt\u00e9 qui\u00e9n era el cantante, y me dijeron que era \u00abEl Astronauta Italiano\u00bb. De nuevo, aparece un tipo con una avanzada calvicie y un bigote que parec\u00eda un cepillo, que era lo menos parecido a un cantante de rock; aparte se vest\u00eda como un tipo normal, no como un rockero, pero cantaba bien. Hicimos algunos shows donde se repart\u00edan los bu\u00f1uelos de ricota, hab\u00eda mon\u00f3logos, estaban las bailarinas que hac\u00edan strip-tease. Yo hab\u00eda sumado a mi amigo que era un maestro del blues, que se llamaba El Blusero Le\u00f3n Vanella y al baterista Marcelo Pucci, que tocaba conmigo en Pappo\u00b4s Blues. En un show en particular, como toc\u00e1bamos muy fuerte porque ven\u00edamos del palo m\u00e1s rockero, Poli nos dijo que toc\u00e1bamos muy alto y nos dio vuelta los equipos, lo que no nos gust\u00f3 mucho. Poco despu\u00e9s le propuse sumar a Ciro Fogliatta porque quer\u00eda que hubiera gente que supiera tocar bien, pero entendi\u00f3 que quer\u00edamos cooptar la banda y as\u00ed termin\u00f3 mi participaci\u00f3n en ese lapso. Sin embargo, cada vez que me cruzaba con Skay y Poli nos salud\u00e1bamos lo m\u00e1s bien. Nos reencontramos en una sala de ensayo en los `90, en la \u00e9poca de \u00abLa mosca y la sopa\u00bb y estaba sorprendido de c\u00f3mo tocaba Skay, las letras del Indio, c\u00f3mo se hab\u00edan desarrollado. Me invitaron a tocar a Hurac\u00e1n. Ensay\u00e9 con ellos los temas, toqu\u00e9 y me sorprend\u00ed de la gente que hab\u00eda. El tema es que me pagaban menos que a un plomo y hubo unas secuencias que hicieron que se deteriorara un poco la relaci\u00f3n. En el `98 Skay me volvi\u00f3 a llamar para ofrecerme sumarme a la banda de manera estable y le dije de los problemas que hab\u00edamos tenido con el tema econ\u00f3mico. Parec\u00eda que iba a haber un arreglo pero de nuevo empezaron a aparecer problemas por esa cuesti\u00f3n. Tocamos en Racing, luego me fui de vacaciones y cuando volv\u00ed me acusaron de que solo me interesaba la plata, y ah\u00ed se termin\u00f3 la historia\u00bb. <\/p>\n","protected":false},"excerpt":{"rendered":"<p>Los redondos con el Indio Solari Patricio Rey y sus Redonditos de Ricota, la irrepetible experiencia musical que hab\u00eda sobrevolado la escena del rock argentino desde hac\u00eda m\u00e1s de dos d\u00e9cadas, daba sin saberlo hace 20 a\u00f1os su \u00faltima funci\u00f3n y abr\u00eda paso a uno de los m\u00e1s grandes mitos de la escena musical local, [&hellip;]<\/p>\n","protected":false},"author":1,"featured_media":7862,"comment_status":"closed","ping_status":"closed","sticky":false,"template":"","format":"standard","meta":[],"categories":[9],"tags":[],"_links":{"self":[{"href":"http:\/\/nuevacordoba.net\/index.php\/wp-json\/wp\/v2\/posts\/7861"}],"collection":[{"href":"http:\/\/nuevacordoba.net\/index.php\/wp-json\/wp\/v2\/posts"}],"about":[{"href":"http:\/\/nuevacordoba.net\/index.php\/wp-json\/wp\/v2\/types\/post"}],"author":[{"embeddable":true,"href":"http:\/\/nuevacordoba.net\/index.php\/wp-json\/wp\/v2\/users\/1"}],"replies":[{"embeddable":true,"href":"http:\/\/nuevacordoba.net\/index.php\/wp-json\/wp\/v2\/comments?post=7861"}],"version-history":[{"count":0,"href":"http:\/\/nuevacordoba.net\/index.php\/wp-json\/wp\/v2\/posts\/7861\/revisions"}],"wp:featuredmedia":[{"embeddable":true,"href":"http:\/\/nuevacordoba.net\/index.php\/wp-json\/wp\/v2\/media\/7862"}],"wp:attachment":[{"href":"http:\/\/nuevacordoba.net\/index.php\/wp-json\/wp\/v2\/media?parent=7861"}],"wp:term":[{"taxonomy":"category","embeddable":true,"href":"http:\/\/nuevacordoba.net\/index.php\/wp-json\/wp\/v2\/categories?post=7861"},{"taxonomy":"post_tag","embeddable":true,"href":"http:\/\/nuevacordoba.net\/index.php\/wp-json\/wp\/v2\/tags?post=7861"}],"curies":[{"name":"wp","href":"https:\/\/api.w.org\/{rel}","templated":true}]}}