{"id":7886,"date":"2021-08-04T16:39:52","date_gmt":"2021-08-04T16:39:52","guid":{"rendered":"https:\/\/www.ole.com.ar\/autos\/binotto-accidente-hungria_0_RhHgHFYZ5.html"},"modified":"2021-08-04T16:39:52","modified_gmt":"2021-08-04T16:39:52","slug":"quiere-que-paguen","status":"publish","type":"post","link":"http:\/\/nuevacordoba.net\/index.php\/2021\/08\/04\/quiere-que-paguen\/","title":{"rendered":"Quiere que paguen"},"content":{"rendered":"<div><img src=\"http:\/\/nuevacordoba.net\/wp-content\/uploads\/2021\/08\/quiere-que-paguen.jpg\" class=\"ff-og-image-inserted\"><\/div>\n<p>En la largada del \u00faltimo Gran Premio que disput\u00f3 la F\u00f3rmula 1, se produjo un golpe m\u00faltiple que dej\u00f3 fuera de carrera a varios autos.<\/p>\n<p>Tras pasarse en el frenaje de la curva 1 de Hungr\u00eda, Valtteri Bottas choc\u00f3 a&nbsp;Lando Norris y tambi\u00e9n termin\u00f3 impactando contra&nbsp;Max Verstappen y&nbsp;Sergio P\u00e9rez. Pero no la maniobra no termin\u00f3 ah\u00ed. Detr\u00e1s, <mark>Lance Stroll tambi\u00e9n cometi\u00f3 un exceso y toc\u00f3 a Charles Leclerc<\/mark> y este se fue contra el auto de Daniel Ricciardo.<\/p>\n<p>Tras la competencia, <mark>Ferrari inform\u00f3 que el motor de Leclerc tendr\u00e1 que ser modificado por los da\u00f1os<\/mark> que sufri\u00f3 tras el toque de Stroll. \u00abLa inspecci\u00f3n del SF21 n\u00famero 16 llevada a cabo ayer en Maranello, revel\u00f3 que, adem\u00e1s, el motor estaba irremediablemente da\u00f1ado y no puede ser utilizado de nuevo, tras el impacto con el Aston Martin de Lance Stroll\u201d, indic\u00f3 el comunicado de la Scuder\u00eda.<\/p>\n<p>Mattia Binotto, director de la Scuder\u00eda Ferrari,<mark> opin\u00f3 que habr\u00eda que considerar un cambio en las reglas para obligar a las escuder\u00edas responsables a pagar los da\u00f1os de un accidente<\/mark>, si se los encuentra culpables. \u00abCreo que hay que discutirlo en un futuro pr\u00f3ximo con los otros directores de equipo, la FIA y la F1. Obviamente, si no sos el culpable, tener ese da\u00f1o en el techo presupuestario es algo que ahora es a\u00fan m\u00e1s da\u00f1ino. Pero creo que lo que podemos considerar es que, <mark>si un piloto es culpable, el equipo del piloto deber\u00eda pagar al menos a los otros equipos por los da\u00f1os y las reparaciones<\/mark>. Eso har\u00e1 que los pilotos sean m\u00e1s responsables\u00bb.<\/p>\n<div class=\"entry-tags\">\n<h2>TEMAS QUE APARECEN EN ESTA NOTA<\/h2>\n<\/p><\/div>\n","protected":false},"excerpt":{"rendered":"<p>En la largada del \u00faltimo Gran Premio que disput\u00f3 la F\u00f3rmula 1, se produjo un golpe m\u00faltiple que dej\u00f3 fuera de carrera a varios autos. Tras pasarse en el frenaje de la curva 1 de Hungr\u00eda, Valtteri Bottas choc\u00f3 a&nbsp;Lando Norris y tambi\u00e9n termin\u00f3 impactando contra&nbsp;Max Verstappen y&nbsp;Sergio P\u00e9rez. Pero no la maniobra no termin\u00f3 [&hellip;]<\/p>\n","protected":false},"author":1,"featured_media":7887,"comment_status":"closed","ping_status":"closed","sticky":false,"template":"","format":"standard","meta":[],"categories":[10],"tags":[],"_links":{"self":[{"href":"http:\/\/nuevacordoba.net\/index.php\/wp-json\/wp\/v2\/posts\/7886"}],"collection":[{"href":"http:\/\/nuevacordoba.net\/index.php\/wp-json\/wp\/v2\/posts"}],"about":[{"href":"http:\/\/nuevacordoba.net\/index.php\/wp-json\/wp\/v2\/types\/post"}],"author":[{"embeddable":true,"href":"http:\/\/nuevacordoba.net\/index.php\/wp-json\/wp\/v2\/users\/1"}],"replies":[{"embeddable":true,"href":"http:\/\/nuevacordoba.net\/index.php\/wp-json\/wp\/v2\/comments?post=7886"}],"version-history":[{"count":0,"href":"http:\/\/nuevacordoba.net\/index.php\/wp-json\/wp\/v2\/posts\/7886\/revisions"}],"wp:featuredmedia":[{"embeddable":true,"href":"http:\/\/nuevacordoba.net\/index.php\/wp-json\/wp\/v2\/media\/7887"}],"wp:attachment":[{"href":"http:\/\/nuevacordoba.net\/index.php\/wp-json\/wp\/v2\/media?parent=7886"}],"wp:term":[{"taxonomy":"category","embeddable":true,"href":"http:\/\/nuevacordoba.net\/index.php\/wp-json\/wp\/v2\/categories?post=7886"},{"taxonomy":"post_tag","embeddable":true,"href":"http:\/\/nuevacordoba.net\/index.php\/wp-json\/wp\/v2\/tags?post=7886"}],"curies":[{"name":"wp","href":"https:\/\/api.w.org\/{rel}","templated":true}]}}