{"id":7931,"date":"2021-08-04T16:32:25","date_gmt":"2021-08-04T16:32:25","guid":{"rendered":"https:\/\/www.ole.com.ar\/autos\/levantaron-sancion-tc_0_H1sQtdjav.html"},"modified":"2021-08-04T16:32:25","modified_gmt":"2021-08-04T16:32:25","slug":"vuelven-en-san-juan","status":"publish","type":"post","link":"http:\/\/nuevacordoba.net\/index.php\/2021\/08\/04\/vuelven-en-san-juan\/","title":{"rendered":"Vuelven en San Juan"},"content":{"rendered":"<div><img src=\"http:\/\/nuevacordoba.net\/wp-content\/uploads\/2021\/08\/vuelven-en-san-juan.jpg\" class=\"ff-og-image-inserted\"><\/div>\n<p><mark>El TC vuelve a prestarse en Villicum<\/mark>, San Juan, por la 9\u00b0 fecha de la temporada 2021 y ya est\u00e1 la lista de inscriptos. <\/p>\n<p><mark>Juan Bautista De Benedictis, Emanuel Moriatis y Juli\u00e1n Santero regresar\u00e1n<\/mark> luego de cumplir con la fecha de suspensi\u00f3n y quien no dir\u00e1 presente ser\u00e1 Mart\u00edn Ponte. <\/p>\n<p><mark>INSCRIPTOS:<\/mark><\/p>\n<p>1 WERNER MARIANO<\/p>\n<p>2 BENVENUTTI JUAN CRUZ<\/p>\n<p>3 URCERA JOSE MANUEL<\/p>\n<p>4 LEDESMA CHRISTIAN<\/p>\n<p>5 GINI ESTEBAN<\/p>\n<p>6 MAZZACANE GASTON<\/p>\n<p>7 CASTELLANO JONATAN<\/p>\n<p>8 MANGONI SANTIAGO<\/p>\n<p>9 LAMBIRIS MAURICIO<\/p>\n<p>10 MORIATIS EMANUEL<\/p>\n<p>11 PERNIA LEONEL<\/p>\n<p>12 TRUCCO JUAN MARTIN<\/p>\n<p>13 BONELLI NICOLAS<\/p>\n<p>14 DI PALMA LUIS JOSE<\/p>\n<p>15 SPATARO EMILIANO<\/p>\n<p>16 DELLA MOTTA FACUNDO<\/p>\n<p>17 FONTANA NORBERTO<\/p>\n<p>18 CATAL\u00c1N MAGNI JUAN<\/p>\n<p>19 PONCE de LEON GABRIEL<\/p>\n<p>20 EBARLIN JUAN JOSE<\/p>\n<p>21 COTIGNOLA NICOLAS<\/p>\n<p>22 GIANINI JUAN PABLO<\/p>\n<p>23 TODINO GERMAN<\/p>\n<p>24 SANTERO, JULI\u00c1N<\/p>\n<p>25 ALAUX SERGIO<\/p>\n<p>26 CIANTINI DIEGO<\/p>\n<p>27 ARDUSSO FACUNDO<\/p>\n<p>28 CANAPINO AGUSTIN<\/p>\n<p>29 ORTELLI GUILLERMO<\/p>\n<p>30 RODRIGUEZ MATIAS<\/p>\n<p>31 LANDA MARCOS<\/p>\n<p>32 OKULOVICH CARLOS<\/p>\n<p>33 UGALDE LIONEL<\/p>\n<p>34 FERRANTE GASTON<\/p>\n<p>35 RUGGIERO ALAN&nbsp;<\/p>\n<p>36 JAKOS ANDRES<\/p>\n<p>37 AGRELO MARCELO<\/p>\n<p>38 TROSSET NICOLAS<\/p>\n<p>39 AGUIRRE VALENTIN<\/p>\n<p>40 DE BENEDICTIS, JUAN<\/p>\n<p> 41 LONDERO AYRTON <\/p>\n<div class=\"entry-tags\">\n<h2>TEMAS QUE APARECEN EN ESTA NOTA<\/h2>\n<\/p><\/div>\n","protected":false},"excerpt":{"rendered":"<p>El TC vuelve a prestarse en Villicum, San Juan, por la 9\u00b0 fecha de la temporada 2021 y ya est\u00e1 la lista de inscriptos. Juan Bautista De Benedictis, Emanuel Moriatis y Juli\u00e1n Santero regresar\u00e1n luego de cumplir con la fecha de suspensi\u00f3n y quien no dir\u00e1 presente ser\u00e1 Mart\u00edn Ponte. INSCRIPTOS: 1 WERNER MARIANO 2 [&hellip;]<\/p>\n","protected":false},"author":1,"featured_media":7932,"comment_status":"closed","ping_status":"closed","sticky":false,"template":"","format":"standard","meta":[],"categories":[10],"tags":[],"_links":{"self":[{"href":"http:\/\/nuevacordoba.net\/index.php\/wp-json\/wp\/v2\/posts\/7931"}],"collection":[{"href":"http:\/\/nuevacordoba.net\/index.php\/wp-json\/wp\/v2\/posts"}],"about":[{"href":"http:\/\/nuevacordoba.net\/index.php\/wp-json\/wp\/v2\/types\/post"}],"author":[{"embeddable":true,"href":"http:\/\/nuevacordoba.net\/index.php\/wp-json\/wp\/v2\/users\/1"}],"replies":[{"embeddable":true,"href":"http:\/\/nuevacordoba.net\/index.php\/wp-json\/wp\/v2\/comments?post=7931"}],"version-history":[{"count":0,"href":"http:\/\/nuevacordoba.net\/index.php\/wp-json\/wp\/v2\/posts\/7931\/revisions"}],"wp:featuredmedia":[{"embeddable":true,"href":"http:\/\/nuevacordoba.net\/index.php\/wp-json\/wp\/v2\/media\/7932"}],"wp:attachment":[{"href":"http:\/\/nuevacordoba.net\/index.php\/wp-json\/wp\/v2\/media?parent=7931"}],"wp:term":[{"taxonomy":"category","embeddable":true,"href":"http:\/\/nuevacordoba.net\/index.php\/wp-json\/wp\/v2\/categories?post=7931"},{"taxonomy":"post_tag","embeddable":true,"href":"http:\/\/nuevacordoba.net\/index.php\/wp-json\/wp\/v2\/tags?post=7931"}],"curies":[{"name":"wp","href":"https:\/\/api.w.org\/{rel}","templated":true}]}}