{"id":797,"date":"2021-02-09T11:32:55","date_gmt":"2021-02-09T11:32:55","guid":{"rendered":"http:\/\/nuevacordoba.net\/index.php\/2021\/02\/09\/el-gobierno-otorga-compensacion-de-emergencia-al-transporte-de-larga-distancia-por-900-millones\/"},"modified":"2021-02-09T11:32:55","modified_gmt":"2021-02-09T11:32:55","slug":"el-gobierno-otorga-compensacion-de-emergencia-al-transporte-de-larga-distancia-por-900-millones","status":"publish","type":"post","link":"http:\/\/nuevacordoba.net\/index.php\/2021\/02\/09\/el-gobierno-otorga-compensacion-de-emergencia-al-transporte-de-larga-distancia-por-900-millones\/","title":{"rendered":"El Gobierno otorga compensaci\u00f3n de emergencia al transporte de larga distancia por $ 900 millones"},"content":{"rendered":"<div><img src=\"http:\/\/nuevacordoba.net\/wp-content\/uploads\/2021\/02\/el-gobierno-otorga-compensacion-de-emergencia-al-transporte-de-larga-distancia-por-900-millones.jpg\" class=\"ff-og-image-inserted\"><\/div>\n<p>El Gobierno estableci\u00f3 una compensaci\u00f3n de emergencia de $ 900 millones en el marco del R\u00e9gimen de Compensaciones Tarifarias al Transporte Automotor de Pasajeros de Larga Distancia.<\/p>\n<p>A trav\u00e9s de la <a href=\"https:\/\/www.boletinoficial.gob.ar\/detalleAviso\/primera\/240585\/20210209\" target=\"_blank\" rel=\"noopener\">resoluci\u00f3n 34\/2021<\/a> del Ministerio de Transporte, publicada en el Bolet\u00edn Oficial, se precis\u00f3 que la compensaci\u00f3n ser\u00e1 para las empresas de transporte por automotor de pasajeros por carretera de car\u00e1cter interjurisdiccional de jurisdicci\u00f3n nacional, y se se\u00f1al\u00f3 que el aporte se abonar\u00e1 por \u00fanica vez, en dos cuotas.<\/p>\n<p>En la primera cuota, cuyo monto m\u00e1ximo de afectaci\u00f3n ser\u00e1 de $ 450 millones, los valores a transferir se determinar\u00e1n de acuerdo al \u00edndice de participaci\u00f3n de cada empresa sobre el total del parque m\u00f3vil habilitado.<\/p>\n<p>A tal efecto, la Subsecretar\u00eda de Transporte Automotor requerir\u00e1 a la Comisi\u00f3n Nacional de Regulaci\u00f3n del Transporte la informaci\u00f3n y proceder\u00e1 a efectuar el c\u00e1lculo del monto a asignar a cada empresa.<\/p>\n<div class=\"block-ad-node\">\n<div>\n<p> <span>Publicidad<\/span> <\/p>\n<\/div>\n<\/div>\n<p>La asignaci\u00f3n ser\u00e1 tenida como pago a cuenta de la determinaci\u00f3n de la compensaci\u00f3n que le corresponda a cada operadora.<\/p>\n<p>Para el pago de la segunda cuota, tambi\u00e9n de $ 450 millones, se determinar\u00e1n los montos que correspondan a cada operadora tomando en cuenta el personal de afectado a los servicios beneficiarios.<\/p>\n<div class=\"ctaNewsNotaContainer\" readability=\"6.5\">\n<div class=\"newsletterTextContainer\" readability=\"33\">\n<p> S\u00cdNTESIS POL\u00cdTICA<\/p>\n<p> Informaci\u00f3n exclusiva y el mejor an\u00e1lisis, los lunes en tu correo.<\/p>\n<form method=\"post\" action-xhr=\"https:\/\/www.lavoz.com.ar\/newsletters\/sintesis-politica\/signup\" id=\"newsletter-signup\" class=\"newsletterForm\" target=\"_blank\" custom-validation-reporting=\"as-you-go\" on=\"submit:AMP.setState({formLoading:true});submit-success:AMP.setState({formSuccess:true})\">\n<div submit-success class=\"is-paddingless-l\" readability=\"6\"> <template type=\"amp-mustache\" readability=\"2\"><\/p>\n<p> <strong>\u00a1Gracias por suscribirte!<\/strong><\/p>\n<p> <\/template><\/div>\n<div submit-error class=\"is-paddingless-l\" readability=\"6.5\"> <template type=\"amp-mustache\" readability=\"3\"><\/p>\n<p> <strong>Ha ocurrido un error, por favor intente nuevamente m\u00e1s tarde.<\/strong><\/p>\n<p> <\/template><\/div>\n<\/form>\n<\/div>\n<\/div>\n<div>\n<p> <span>Publicidad<\/span> <\/p>\n<\/div>\n","protected":false},"excerpt":{"rendered":"<p>El Gobierno estableci\u00f3 una compensaci\u00f3n de emergencia de $ 900 millones en el marco del R\u00e9gimen de Compensaciones Tarifarias al Transporte Automotor de Pasajeros de Larga Distancia. A trav\u00e9s de la resoluci\u00f3n 34\/2021 del Ministerio de Transporte, publicada en el Bolet\u00edn Oficial, se precis\u00f3 que la compensaci\u00f3n ser\u00e1 para las empresas de transporte por automotor [&hellip;]<\/p>\n","protected":false},"author":1,"featured_media":798,"comment_status":"closed","ping_status":"closed","sticky":false,"template":"","format":"standard","meta":[],"categories":[12],"tags":[],"_links":{"self":[{"href":"http:\/\/nuevacordoba.net\/index.php\/wp-json\/wp\/v2\/posts\/797"}],"collection":[{"href":"http:\/\/nuevacordoba.net\/index.php\/wp-json\/wp\/v2\/posts"}],"about":[{"href":"http:\/\/nuevacordoba.net\/index.php\/wp-json\/wp\/v2\/types\/post"}],"author":[{"embeddable":true,"href":"http:\/\/nuevacordoba.net\/index.php\/wp-json\/wp\/v2\/users\/1"}],"replies":[{"embeddable":true,"href":"http:\/\/nuevacordoba.net\/index.php\/wp-json\/wp\/v2\/comments?post=797"}],"version-history":[{"count":0,"href":"http:\/\/nuevacordoba.net\/index.php\/wp-json\/wp\/v2\/posts\/797\/revisions"}],"wp:featuredmedia":[{"embeddable":true,"href":"http:\/\/nuevacordoba.net\/index.php\/wp-json\/wp\/v2\/media\/798"}],"wp:attachment":[{"href":"http:\/\/nuevacordoba.net\/index.php\/wp-json\/wp\/v2\/media?parent=797"}],"wp:term":[{"taxonomy":"category","embeddable":true,"href":"http:\/\/nuevacordoba.net\/index.php\/wp-json\/wp\/v2\/categories?post=797"},{"taxonomy":"post_tag","embeddable":true,"href":"http:\/\/nuevacordoba.net\/index.php\/wp-json\/wp\/v2\/tags?post=797"}],"curies":[{"name":"wp","href":"https:\/\/api.w.org\/{rel}","templated":true}]}}