{"id":801,"date":"2021-02-09T17:51:26","date_gmt":"2021-02-09T17:51:26","guid":{"rendered":"http:\/\/cordobanewsnet.wordpress.com\/?p=4970"},"modified":"2021-02-09T17:51:26","modified_gmt":"2021-02-09T17:51:26","slug":"interurbanos-la-empresa-buses-lep-comenzo-a-circular-a-carlos-paz-y-alta-gracia","status":"publish","type":"post","link":"http:\/\/nuevacordoba.net\/index.php\/2021\/02\/09\/interurbanos-la-empresa-buses-lep-comenzo-a-circular-a-carlos-paz-y-alta-gracia\/","title":{"rendered":"Interurbanos: La empresa Buses Lep comenz\u00f3 a circular a Carlos Paz y Alta Gracia"},"content":{"rendered":"<p><!-- \/featured-media --> <\/p>\n<div class=\"post-content clear\" readability=\"56.148406374502\">\n<p>Es el caso de la empresa Lep, que desde este martes empez\u00f3 a circular hacia Carlos Paz. El primer servicio sali\u00f3 a las 12.30 con 21 pasajeros.<\/p>\n<p>Maximiliano Vilte, encargado de la empresa Buses Lep, confirm\u00f3 la puesta en marcha de esta modalidad: \u201cPor el momento haremos C\u00f3rdoba-Carlos Paz y C\u00f3rdoba-Alta Gracia\u201d.<\/p>\n<p>\u201cSer\u00e1 as\u00ed hasta que se levante la medida del paro. Buses Lep est\u00e1 trabajando con normalidad y estamos haciendo estos servicios a partir de hoy (por martes)\u201d, se\u00f1al\u00f3 Vilte al tiempo que explic\u00f3 que \u201chab\u00eda mucha gente en la terminal que no ten\u00eda c\u00f3mo volverse\u201d.<\/p>\n<p>Destac\u00f3, adem\u00e1s, que \u201cgracias a la seguridad\u201d est\u00e1n funcionando \u201ccon normalidad y custodiados\u201d.<\/p>\n<p>Al plan de contingencia tambi\u00e9n se sumaron las empresas Canello, Mechtrich, Transporte De\u00e1n Funes, Alejandro y El Turista, que desde hoy ya cubren sus corredores habituales y podr\u00edan ampliar sus recorridos de ser necesario.<\/p>\n<div id=\"jp-post-flair\" class=\"sharedaddy sd-like-enabled sd-sharing-enabled\">\n<div class=\"sharedaddy sd-sharing-enabled\">\n<div class=\"robots-nocontent sd-block sd-social sd-social-icon-text sd-sharing\">\n<h3 class=\"sd-title\">Share this:<\/h3>\n<\/div>\n<\/div>\n<div class=\"sharedaddy sd-block sd-like jetpack-likes-widget-wrapper jetpack-likes-widget-unloaded\" id=\"like-post-wrapper-143108178-4970-6022db7d97286\" data-src=\"\/\/widgets.wp.com\/likes\/index.html?ver=20200826#blog_id=143108178&amp;post_id=4970&amp;origin=cordobanewsnet.wordpress.com&amp;obj_id=143108178-4970-6022db7d97286\" data-name=\"like-post-frame-143108178-4970-6022db7d97286\">\n<h3 class=\"sd-title\">Me gusta esto:<\/h3>\n<p><span class=\"button\"><span>Me gusta<\/span><\/span> <span class=\"loading\">Cargando&#8230;<\/span><\/p>\n<p><span class=\"sd-text-color\"><\/span><\/div>\n<p><h3 class=\"jp-relatedposts-headline\"><em>Relacionado<\/em><\/h3>\n<\/p>\n<\/div><\/div>\n<p><!--\/.post-content--> <\/p>\n<footer class=\"post-meta-container clear\" readability=\"0.37222222222222\">\n<div class=\"entry-author author-avatar-show\" readability=\"13.114754098361\">\n<div class=\"author-avatar\"> <img loading=\"lazy\" alt src=\"http:\/\/nuevacordoba.net\/wp-content\/uploads\/2021\/02\/interurbanos-la-empresa-buses-lep-comenzo-a-circular-a-carlos-paz-y-alta-gracia.png\" class=\"avatar avatar-90\" height=\"90\" width=\"90\"> <\/div>\n<p><!-- .author-avatar --> <\/p>\n<p><h2 class=\"author-title\">Publicado por <span class=\"author-name\">Redacci\u00f3n<\/span><\/h2>\n<\/p>\n<p><!-- .author-heading --> <\/p>\n<p class=\"author-bio\"> <a class=\"author-link\" href=\"https:\/\/cordobanewsnet.wordpress.com\/author\/prettomatias\/\" rel=\"author\"> Ver todas las entradas de Redacci\u00f3n <\/a> <\/p>\n<p><!-- .author-bio --> <\/div>\n<p><!-- .entry-auhtor --> <\/footer>\n<p> <!-- \/post-meta-container --> <!-- #respond --> <\/p>\n","protected":false},"excerpt":{"rendered":"<p>Es el caso de la empresa Lep, que desde este martes empez\u00f3 a circular hacia Carlos Paz. El primer servicio sali\u00f3 a las 12.30 con 21 pasajeros. Maximiliano Vilte, encargado de la empresa Buses Lep, confirm\u00f3 la puesta en marcha de esta modalidad: \u201cPor el momento haremos C\u00f3rdoba-Carlos Paz y C\u00f3rdoba-Alta Gracia\u201d. \u201cSer\u00e1 as\u00ed hasta [&hellip;]<\/p>\n","protected":false},"author":1,"featured_media":802,"comment_status":"closed","ping_status":"closed","sticky":false,"template":"","format":"standard","meta":[],"categories":[14],"tags":[],"_links":{"self":[{"href":"http:\/\/nuevacordoba.net\/index.php\/wp-json\/wp\/v2\/posts\/801"}],"collection":[{"href":"http:\/\/nuevacordoba.net\/index.php\/wp-json\/wp\/v2\/posts"}],"about":[{"href":"http:\/\/nuevacordoba.net\/index.php\/wp-json\/wp\/v2\/types\/post"}],"author":[{"embeddable":true,"href":"http:\/\/nuevacordoba.net\/index.php\/wp-json\/wp\/v2\/users\/1"}],"replies":[{"embeddable":true,"href":"http:\/\/nuevacordoba.net\/index.php\/wp-json\/wp\/v2\/comments?post=801"}],"version-history":[{"count":0,"href":"http:\/\/nuevacordoba.net\/index.php\/wp-json\/wp\/v2\/posts\/801\/revisions"}],"wp:featuredmedia":[{"embeddable":true,"href":"http:\/\/nuevacordoba.net\/index.php\/wp-json\/wp\/v2\/media\/802"}],"wp:attachment":[{"href":"http:\/\/nuevacordoba.net\/index.php\/wp-json\/wp\/v2\/media?parent=801"}],"wp:term":[{"taxonomy":"category","embeddable":true,"href":"http:\/\/nuevacordoba.net\/index.php\/wp-json\/wp\/v2\/categories?post=801"},{"taxonomy":"post_tag","embeddable":true,"href":"http:\/\/nuevacordoba.net\/index.php\/wp-json\/wp\/v2\/tags?post=801"}],"curies":[{"name":"wp","href":"https:\/\/api.w.org\/{rel}","templated":true}]}}