{"id":825,"date":"2021-02-10T12:08:29","date_gmt":"2021-02-10T12:08:29","guid":{"rendered":"https:\/\/www.espinof.com\/en-rodaje\/outlander-arranca-rodaje-su-temporada-6-tenemos-primera-imagen-nuevos-episodios-prometen-revolucion"},"modified":"2021-02-10T12:08:29","modified_gmt":"2021-02-10T12:08:29","slug":"outlander-arranca-el-rodaje-de-su-temporada-6-tenemos-la-primera-imagen-de-los-nuevos-episodios-y-prometen-una-revolucion","status":"publish","type":"post","link":"http:\/\/nuevacordoba.net\/index.php\/2021\/02\/10\/outlander-arranca-el-rodaje-de-su-temporada-6-tenemos-la-primera-imagen-de-los-nuevos-episodios-y-prometen-una-revolucion\/","title":{"rendered":"&#8216;Outlander&#8217; arranca el rodaje de su temporada 6: tenemos la primera imagen de los nuevos episodios y prometen una \u00abrevoluci\u00f3n\u00bb"},"content":{"rendered":"<p>Tras la emisi\u00f3n de la <a href=\"https:\/\/www.espinof.com\/series-de-ficcion\/outlander-todo-que-sabemos-temporada-5\">temporada 5 a principios de 2020<\/a>, &#8216;<a href=\"http:\/\/espinof.com\/tag\/outlander\">Outlander<\/a>&#8216; prepara ya su regreso por una sexta temporada, cuya producci\u00f3n se vio detenida por la irrupci\u00f3n de la pandemia. Pero, fans de las aventuras de los escoceses, tranquilidad porque Starz, su cadena original, <strong>ha arrancado ya el rodaje de los nuevos episodios del drama fant\u00e1stico-rom\u00e1ntico<\/strong>.<\/p>\n<p><!-- BREAK 1 --><\/p>\n<p>As\u00ed lo ha confirmado, <a href=\"https:\/\/twitter.com\/SamHeughan\/status\/1359171750148341760\">v\u00eda Twitter<\/a>, <strong>el mismo Sam Heughan<\/strong>, quien adem\u00e1s de anunciar este regreso al ruedo, ha compartido la primera imagen del rodaje de la temporada 6 de &#8216;Outlander&#8217;. <strong>En ella le vemos en carruaje junto con su coprotagonista Caitrione Balfe<\/strong>.<\/p>\n<p><!-- BREAK 2 --> <\/p>\n<div class=\"article-asset article-asset-normal article-asset-center\">\n<div class=\"desvio-container\">\n<div class=\"desvio\">\n<div class=\"desvio-figure js-desvio-figure\"> <a href=\"https:\/\/www.espinof.com\/series-de-ficcion\/outlander-pasion-intriga-viajes-temporales-cuatro-temporadas-que-carne-maraton\"> <img alt=\"'Outlander': pasi\u00f3n, intriga y viajes temporales en cuatro temporadas que son carne de marat\u00f3n\" src=\"http:\/\/nuevacordoba.net\/wp-content\/uploads\/2021\/02\/outlander-arranca-el-rodaje-de-su-temporada-6-tenemos-la-primera-imagen-de-los-nuevos-episodios-y-prometen-una-revolucion.jpg\"> <\/a> <\/div><\/div><\/div>\n<\/div>\n<p>No es lo \u00fanico que se ha dejado ver de este rodaje, ya que desde la propia cadena Starz han <a href=\"https:\/\/twitter.com\/Outlander_STARZ\/status\/1359163033310920712\">realizado un corto v\u00eddeo<\/a> <strong>anunciando el inicio de esta producci\u00f3n<\/strong>. Un peque\u00f1o aperitivo en el que paseamos por los decorados, localizaciones y taller de vestuario de la serie.<\/p>\n<p><!-- BREAK 3 --><\/p>\n<h2>Una revoluci\u00f3n en marcha<\/h2>\n<p>Sin fecha de estreno para esta temporada 6 todav\u00eda, la informaci\u00f3n sobre estos nuevos episodios de &#8216;Outlander&#8217; <strong>es relativamente parca<\/strong>. Sabemos que, de alguna manera, tendr\u00e1n que lidiar con las consecuencias del secuestro y violaci\u00f3n de Claire a manos de Lionel Brown (Ned Dennehy) mientras que los Fraser tendr\u00e1n que enfrentarse a la futura Guerra de Independencia norteamericana.<\/p>\n<p><!-- BREAK 4 --><\/p>\n<p>Matthew B. Roberts, uno de los productores de la serie, <a href=\"https:\/\/www.elle.com\/culture\/movies-tv\/a35129140\/outlander-season-6-filming-production-start\/?utm_source=twitter&amp;utm_medium=social-media&amp;utm_campaign=socialflowTWELM\">habl\u00f3 con Elle<\/a> al prop\u00f3sito del arranque de esta nueva temporada, <strong>lamentando no haber podido aprovechar el \u00abmomentum\u00bb de la quinta<\/strong>. \u00c9l nos da las primeras pistas sobre qu\u00e9 direcci\u00f3n tomar\u00e1 la serie:<\/p>\n<p><!-- BREAK 5 --><\/p>\n<blockquote><p>\u00abCreo que lo que est\u00e1 pasando en el mundo en esa \u00e9poca, 1775, es muy similar a lo que pasa entre Jamie y Claire. Va a haber tambi\u00e9n una revoluci\u00f3n con ellos y creo que eso es lo que pasar\u00e1 durante esta temporada: Tienes unos cimientos y cuando estos tiemblan y hay una revoluci\u00f3n tienes que lidiar con ello. Ese es m\u00e1s o menos el tema de la temporada.\u00bb<\/p><\/blockquote>\n<p>\u00bfQu\u00e9 significar\u00e1 eso? Pues supongo que tocar\u00e1 esperar a estos nuevos episodios, que podremos ver en Espa\u00f1a v\u00eda <a href=\"http:\/\/ver.movistarplus.es\/\">Movistar+<\/a>.<\/p>\n<p><!-- BREAK 6 --> <\/p>\n","protected":false},"excerpt":{"rendered":"<p>Tras la emisi\u00f3n de la temporada 5 a principios de 2020, &#8216;Outlander&#8216; prepara ya su regreso por una sexta temporada, cuya producci\u00f3n se vio detenida por la irrupci\u00f3n de la pandemia. Pero, fans de las aventuras de los escoceses, tranquilidad porque Starz, su cadena original, ha arrancado ya el rodaje de los nuevos episodios del [&hellip;]<\/p>\n","protected":false},"author":1,"featured_media":826,"comment_status":"closed","ping_status":"closed","sticky":false,"template":"","format":"standard","meta":[],"categories":[6],"tags":[],"_links":{"self":[{"href":"http:\/\/nuevacordoba.net\/index.php\/wp-json\/wp\/v2\/posts\/825"}],"collection":[{"href":"http:\/\/nuevacordoba.net\/index.php\/wp-json\/wp\/v2\/posts"}],"about":[{"href":"http:\/\/nuevacordoba.net\/index.php\/wp-json\/wp\/v2\/types\/post"}],"author":[{"embeddable":true,"href":"http:\/\/nuevacordoba.net\/index.php\/wp-json\/wp\/v2\/users\/1"}],"replies":[{"embeddable":true,"href":"http:\/\/nuevacordoba.net\/index.php\/wp-json\/wp\/v2\/comments?post=825"}],"version-history":[{"count":0,"href":"http:\/\/nuevacordoba.net\/index.php\/wp-json\/wp\/v2\/posts\/825\/revisions"}],"wp:featuredmedia":[{"embeddable":true,"href":"http:\/\/nuevacordoba.net\/index.php\/wp-json\/wp\/v2\/media\/826"}],"wp:attachment":[{"href":"http:\/\/nuevacordoba.net\/index.php\/wp-json\/wp\/v2\/media?parent=825"}],"wp:term":[{"taxonomy":"category","embeddable":true,"href":"http:\/\/nuevacordoba.net\/index.php\/wp-json\/wp\/v2\/categories?post=825"},{"taxonomy":"post_tag","embeddable":true,"href":"http:\/\/nuevacordoba.net\/index.php\/wp-json\/wp\/v2\/tags?post=825"}],"curies":[{"name":"wp","href":"https:\/\/api.w.org\/{rel}","templated":true}]}}