{"id":8380,"date":"2021-08-15T21:46:42","date_gmt":"2021-08-15T21:46:42","guid":{"rendered":"https:\/\/prensa.cba.gov.ar\/?p=463029"},"modified":"2021-08-15T21:46:42","modified_gmt":"2021-08-15T21:46:42","slug":"mas-de-250-000-personas-siguieron-la-transmision-del-especial-dia-del-nino","status":"publish","type":"post","link":"http:\/\/nuevacordoba.net\/index.php\/2021\/08\/15\/mas-de-250-000-personas-siguieron-la-transmision-del-especial-dia-del-nino\/","title":{"rendered":"Mas de 250.000 personas siguieron la transmisi\u00f3n del Especial D\u00eda del Ni\u00f1o"},"content":{"rendered":"<ul>\n<li><strong>El evento, que fue virtual y se transmiti\u00f3 desde Ciudad de las Artes, cont\u00f3 con espect\u00e1culos, sorteos y mucha diversi\u00f3n.<\/strong><\/li>\n<li><strong>Participaron el Sr. BLO, La Payasa Alheli, Solcito Fijo, Banda XXI, entre otros.<\/strong><\/li>\n<\/ul>\n<p>Mas de 250.000 personas siguieron una nueva edici\u00f3n del Especial del Dia del Ni\u00f1o organizado por el Gobierno de la Provincia de Cordoba y Cadena 3.<\/p>\n<p>El evento, apoyado por el Ministerio de Desarrollo Social y El Gabinete Social, se transmiti\u00f3 por los canales de YouTube y Facebook del Gobierno, cont\u00f3 con una participaci\u00f3n multitudinaria de miles de familias de todo el pa\u00eds.<\/p>\n<p>Participaron el <strong>Sr. BLO, La Payasa Alheli, Solcito Fijo, Banda XXI<\/strong>, entre otros.<\/p>\n<figure class=\"wp-block-gallery columns-3 is-cropped\"><\/figure>\n<p>El cierre estuvo a cargo de Luciano Pereyra, que adem\u00e1s mantuvo una emotiva charla con los conductores Luis Mu\u00f1oz y Gabriela Tessio.<\/p>\n<p>A trav\u00e9s de m\u00e1s de 80.000 interacciones, las familias cordobesas y de todo el pa\u00eds participaron del sorteo de bicicletas, patinetas, tablets, camas el\u00e1sticas y pelotas.<\/p>\n<figure class=\"wp-block-gallery columns-2 is-cropped\">\n<ul class=\"blocks-gallery-grid\">\n<li class=\"blocks-gallery-item\">\n<figure><img loading=\"lazy\" width=\"1280\" height=\"853\" src=\"http:\/\/nuevacordoba.net\/wp-content\/uploads\/2021\/08\/mas-de-250-000-personas-siguieron-la-transmision-del-especial-dia-del-nino.jpg\" alt data-id=\"463034\" data-full-url=\"http:\/\/nuevacordoba.net\/wp-content\/uploads\/2021\/08\/mas-de-250-000-personas-siguieron-la-transmision-del-especial-dia-del-nino.jpg\" data-link=\"https:\/\/prensa.cba.gov.ar\/?attachment_id=463034\" class=\"wp-image-463034\"><\/figure>\n<\/li>\n<li class=\"blocks-gallery-item\">\n<figure><img loading=\"lazy\" width=\"1280\" height=\"853\" src=\"http:\/\/nuevacordoba.net\/wp-content\/uploads\/2021\/08\/mas-de-250-000-personas-siguieron-la-transmision-del-especial-dia-del-nino-1.jpg\" alt data-id=\"463032\" data-full-url=\"http:\/\/nuevacordoba.net\/wp-content\/uploads\/2021\/08\/mas-de-250-000-personas-siguieron-la-transmision-del-especial-dia-del-nino-1.jpg\" data-link=\"https:\/\/prensa.cba.gov.ar\/?attachment_id=463032\" class=\"wp-image-463032\"><\/figure>\n<\/li>\n<\/ul>\n<\/figure>\n<p>Los premios ser\u00e1n enviados a los ganadores a sus domicilios para evitar la circulaci\u00f3n de personas en este contexto de pandemia.<\/p>\n<p>Esta iniciativa, dirigida para toda la familia, fue organizada por el Gobierno de la Provincia de C\u00f3rdoba a trav\u00e9s del Gabinete Social,&nbsp;el Ministerio de Desarrollo Social, La Universidad Provincial de C\u00f3rdoba y Cadena 3.<\/p>\n","protected":false},"excerpt":{"rendered":"<p>El evento, que fue virtual y se transmiti\u00f3 desde Ciudad de las Artes, cont\u00f3 con espect\u00e1culos, sorteos y mucha diversi\u00f3n. Participaron el Sr. BLO, La Payasa Alheli, Solcito Fijo, Banda XXI, entre otros. Mas de 250.000 personas siguieron una nueva edici\u00f3n del Especial del Dia del Ni\u00f1o organizado por el Gobierno de la Provincia de [&hellip;]<\/p>\n","protected":false},"author":1,"featured_media":8381,"comment_status":"closed","ping_status":"closed","sticky":false,"template":"","format":"standard","meta":[],"categories":[14],"tags":[],"_links":{"self":[{"href":"http:\/\/nuevacordoba.net\/index.php\/wp-json\/wp\/v2\/posts\/8380"}],"collection":[{"href":"http:\/\/nuevacordoba.net\/index.php\/wp-json\/wp\/v2\/posts"}],"about":[{"href":"http:\/\/nuevacordoba.net\/index.php\/wp-json\/wp\/v2\/types\/post"}],"author":[{"embeddable":true,"href":"http:\/\/nuevacordoba.net\/index.php\/wp-json\/wp\/v2\/users\/1"}],"replies":[{"embeddable":true,"href":"http:\/\/nuevacordoba.net\/index.php\/wp-json\/wp\/v2\/comments?post=8380"}],"version-history":[{"count":0,"href":"http:\/\/nuevacordoba.net\/index.php\/wp-json\/wp\/v2\/posts\/8380\/revisions"}],"wp:featuredmedia":[{"embeddable":true,"href":"http:\/\/nuevacordoba.net\/index.php\/wp-json\/wp\/v2\/media\/8381"}],"wp:attachment":[{"href":"http:\/\/nuevacordoba.net\/index.php\/wp-json\/wp\/v2\/media?parent=8380"}],"wp:term":[{"taxonomy":"category","embeddable":true,"href":"http:\/\/nuevacordoba.net\/index.php\/wp-json\/wp\/v2\/categories?post=8380"},{"taxonomy":"post_tag","embeddable":true,"href":"http:\/\/nuevacordoba.net\/index.php\/wp-json\/wp\/v2\/tags?post=8380"}],"curies":[{"name":"wp","href":"https:\/\/api.w.org\/{rel}","templated":true}]}}