{"id":84999,"date":"2026-04-27T02:47:55","date_gmt":"2026-04-27T02:47:55","guid":{"rendered":"https:\/\/estaciontrip.com.ar\/?p=11562"},"modified":"2026-04-27T02:47:55","modified_gmt":"2026-04-27T02:47:55","slug":"colapinto-el-gran-protagonista-de-un-finde-repleto-de-eventos-en-la-ciudad-de-buenos-aires","status":"publish","type":"post","link":"http:\/\/nuevacordoba.net\/index.php\/2026\/04\/27\/colapinto-el-gran-protagonista-de-un-finde-repleto-de-eventos-en-la-ciudad-de-buenos-aires\/","title":{"rendered":"Colapinto, el gran protagonista de un finde repleto de eventos en la ciudad de Buenos Aires"},"content":{"rendered":"<p><em>El piloto argentino recorrer\u00e1 las calles porte\u00f1as en un auto de F\u00f3rmula 1. Tambi\u00e9n, se desarrollar\u00e1 la 50\u00ba edici\u00f3n de la Feria Internacional del Libro y el BAFICI.<\/em><\/p>\n<p>La ciudad de Buenos Aires se prepara para recibir este domingo 26 un evento abierto protagonizado por el piloto argentino de F\u00f3rmula 1, Franco Colapinto, que se espera convoque a m\u00e1s de 500.000 personas. <\/p>\n<p>Se trata de una exhibici\u00f3n en formato<strong> Road Show<\/strong>&nbsp;que representar\u00e1 una propuesta innovadora, acercando el automovilismo de primer nivel a Buenos Aires. El evento callejero marcar\u00e1 el regreso de la m\u00e1xima categor\u00eda del automovilismo mundial a la ciudad despu\u00e9s de 14 a\u00f1os y el piloto se&nbsp; convertir\u00e1 en el primer argentino en conducir un auto de F\u00f3rmula 1 en las calles porte\u00f1as.<\/p>\n<p>A partir de las 9 de la ma\u00f1ana se podr\u00e1 entrar a los sectores habilitados. Habr\u00e1 dos grandes escenarios en plaza Seeber y plaza Sicilia -en barrio Palermo- con pantallas gigantes, donde se podr\u00e1n ver las vueltas de Franco desde distintos \u00e1ngulos. Adem\u00e1s, habr\u00e1 DJs y se presentar\u00e1 la Orquesta Sinf\u00f3nica de la Ciudad desde las 11 de la ma\u00f1ana.&nbsp;<\/p>\n<p>Por otro lado, ese mismo d\u00eda tendr\u00e1 lugar una nueva edici\u00f3n de la cl\u00e1sica&nbsp;<strong>Maratana,<\/strong>&nbsp;la carrera organizada por el Consulado General de Italia. Este evento, que se consolid\u00f3 como una tradici\u00f3n que une a la comunidad italiana en Buenos Aires, es una invitaci\u00f3n a salir a correr por Palermo en tres posibles circuitos: 3K, 10K o 15K.&nbsp;<\/p>\n<p>Valent\u00edn D\u00edaz Gilligan, presidente del Ente de Turismo de la ciudad de Buenos Aires, expres\u00f3: \u00ab<em>Cada gran evento es una vidriera al mundo y, sobre todo, una oportunidad concreta de trabajo para hoteles, restaurantes y comercios porte\u00f1os. Este tipo de propuestas generan un impacto econ\u00f3mico, impulsan el empleo y fortalecen toda la cadena tur\u00edstica en la ciudad\u201d<\/em>.<\/p>\n<p><strong>La cultura y la m\u00fasica, ejes centrales del turismo en Buenos Aires<\/strong><\/p>\n<p>Adem\u00e1s, este fin de semana comenzar\u00e1 la 50\u00aa edici\u00f3n de la&nbsp;<strong>Feria Internacional del Libro,<\/strong>&nbsp;que tendr\u00e1 lugar en La Rural hasta el 11 de mayo. Como cada a\u00f1o, contar\u00e1 con una programaci\u00f3n que incluir\u00e1 presentaciones de libros y firmas de ejemplares, pero tambi\u00e9n debates, mesas redondas con reconocidas figuras y charlas abiertas al p\u00fablico con referentes de diversos \u00e1mbitos. Adem\u00e1s, para celebrar sus cinco d\u00e9cadas de este importante evento, habr\u00e1 un Pabell\u00f3n Homenaje dedicado a la historia de la Feria.<\/p>\n<p>La 27\u00aa edici\u00f3n de&nbsp;<strong>BAFICI<\/strong>, que comenz\u00f3 el 15 de abril, llegar\u00e1 a su cierre este fin de semana con una amplia programaci\u00f3n en distintas salas del territorio porte\u00f1o. Con m\u00e1s de 4600 proyecciones, Buenos Aires vuelve a reunir a cin\u00e9filos y realizadores en un festival que aporta un atractivo cultural a la oferta tur\u00edstica de la Ciudad.<\/p>\n<p>Adem\u00e1s, la Ciudad vibrar\u00e1 al ritmo de grandes espect\u00e1culos musicales que se desarrollar\u00e1n el s\u00e1bado 25; como el regreso a Buenos Aires de la banda uruguaya&nbsp;<strong>No Te Va Gustar,&nbsp;<\/strong>en el estadio de Ferro Carril Oeste; y el show de&nbsp;<strong>Q\u2019Lokura&nbsp;<\/strong>en el Movistar Arena, en el marco del En Movimiento Tour, la gira internacional que incluye Estados Unidos, Espa\u00f1a, Chile, Uruguay, Paraguay, M\u00e9xico y Bolivia.<\/p>\n<p><strong>Los imperdibles de la Ciudad<\/strong><\/p>\n<p>Como en cada fin de semana largo, los visitantes podr\u00e1n disfrutar de las propuestas tradicionales de la Ciudad, como el&nbsp;<strong>Mirador Obelisco,<\/strong>&nbsp;un atractivo que permite obtener vistas panor\u00e1micas de Buenos Aires desde lo m\u00e1s alto del hist\u00f3rico monumento porte\u00f1o. Todo el fin de semana, de 9 a 21 hs, los visitantes pueden acceder a esta experiencia que ya fue disfrutada por m\u00e1s de 20 mil personas. Para acceder a los tickets:&nbsp;<a href=\"https:\/\/miradorobelisco.com.ar\/\" target=\"_blank\" rel=\"noreferrer noopener\"><u>https:\/\/miradorobelisco.com.ar\/<\/u><\/a>.<\/p>\n<p>Entre las actividades m\u00e1s convocantes de la Ciudad se encuentran los&nbsp;<strong>paseos en catamar\u00e1n<\/strong>&nbsp;a cargo de la empresa de transporte&nbsp;<strong>Sturla viajes,&nbsp;<\/strong>que unen Puerto Madero con La Boca; as\u00ed como tambi\u00e9n de la compa\u00f1\u00eda&nbsp;<strong>Humberto M,<\/strong>&nbsp;con una experiencia que propone vistas de la Ciudad al atardecer<\/p>\n<p>Es una de las opciones m\u00e1s atractivas para llegar al barrio m\u00e1s pintoresco de la Ciudad y transitar la emblem\u00e1tica&nbsp;<strong>Calle Museo Caminito,<\/strong>&nbsp;que con sus conventillos de chapa pintados de distintos colores es tambi\u00e9n un museo a cielo abierto de casi 150 metros de longitud.<\/p>\n<p>Como siempre, estar\u00e1 operativo el&nbsp;<strong>Bus Tur\u00edstico,<\/strong>&nbsp;una opci\u00f3n ideal para recorrer los atractivos m\u00e1s emblem\u00e1ticos de la Ciudad con una vista panor\u00e1mica inigualable. La frecuencia es de 15 (bus amarillo) y 30 minutos (bus rojo) y tienen la modalidad hop-on hop-off, que permite que los viajeros desciendan y vuelvan a subir tantas veces como deseen en cualquiera de las paradas que forman parte de los circuitos durante 24 o 48 h seg\u00fan el ticket adquirido, para disfrutar de los atractivos tur\u00edsticos que ofrece la Ciudad en sus distintos puntos.<\/p>\n<p>En el marco del programa<strong>&nbsp;Corrientes 24 hs<\/strong>&nbsp;la calle m\u00e1s emblem\u00e1tica de la Ciudad presentar\u00e1 intervenciones de cine, shows y m\u00fasica en vivo, junto a artistas destacados que irrumpen en formato pop-up y generan encuentros \u00fanicos.<\/p>\n<figure class=\"wp-block-image size-large\"><a href=\"https:\/\/estaciontrip.com.ar\/wp-content\/uploads\/2026\/04\/Mirador-del-Obelisco.jpg\"><img loading=\"lazy\" decoding=\"async\" width=\"1024\" height=\"576\" src=\"http:\/\/nuevacordoba.net\/wp-content\/uploads\/2026\/04\/colapinto-el-gran-protagonista-de-un-finde-repleto-de-eventos-en-la-ciudad-de-buenos-aires.jpg\" alt class=\"wp-image-11564\" srcset=\"http:\/\/nuevacordoba.net\/wp-content\/uploads\/2026\/04\/colapinto-el-gran-protagonista-de-un-finde-repleto-de-eventos-en-la-ciudad-de-buenos-aires.jpg 1024w, http:\/\/nuevacordoba.net\/wp-content\/uploads\/2026\/04\/colapinto-el-gran-protagonista-de-un-finde-repleto-de-eventos-en-la-ciudad-de-buenos-aires-1.jpg 300w, http:\/\/nuevacordoba.net\/wp-content\/uploads\/2026\/04\/colapinto-el-gran-protagonista-de-un-finde-repleto-de-eventos-en-la-ciudad-de-buenos-aires-2.jpg 768w, http:\/\/nuevacordoba.net\/wp-content\/uploads\/2026\/04\/colapinto-el-gran-protagonista-de-un-finde-repleto-de-eventos-en-la-ciudad-de-buenos-aires-3.jpg 1536w, http:\/\/nuevacordoba.net\/wp-content\/uploads\/2026\/04\/colapinto-el-gran-protagonista-de-un-finde-repleto-de-eventos-en-la-ciudad-de-buenos-aires-4.jpg 2048w\" sizes=\"(max-width: 1024px) 100vw, 1024px\"><\/a><figcaption class=\"wp-element-caption\">default<\/figcaption><\/figure>\n","protected":false},"excerpt":{"rendered":"<p>El piloto argentino recorrer\u00e1 las calles porte\u00f1as en un auto de F\u00f3rmula 1. Tambi\u00e9n, se desarrollar\u00e1 la 50\u00ba edici\u00f3n de la Feria Internacional del Libro y el BAFICI. La ciudad de Buenos Aires se prepara para recibir este domingo 26 un evento abierto protagonizado por el piloto argentino de F\u00f3rmula 1, Franco Colapinto, que se [&hellip;]<\/p>\n","protected":false},"author":1,"featured_media":85000,"comment_status":"closed","ping_status":"closed","sticky":false,"template":"","format":"standard","meta":[],"categories":[11],"tags":[],"_links":{"self":[{"href":"http:\/\/nuevacordoba.net\/index.php\/wp-json\/wp\/v2\/posts\/84999"}],"collection":[{"href":"http:\/\/nuevacordoba.net\/index.php\/wp-json\/wp\/v2\/posts"}],"about":[{"href":"http:\/\/nuevacordoba.net\/index.php\/wp-json\/wp\/v2\/types\/post"}],"author":[{"embeddable":true,"href":"http:\/\/nuevacordoba.net\/index.php\/wp-json\/wp\/v2\/users\/1"}],"replies":[{"embeddable":true,"href":"http:\/\/nuevacordoba.net\/index.php\/wp-json\/wp\/v2\/comments?post=84999"}],"version-history":[{"count":0,"href":"http:\/\/nuevacordoba.net\/index.php\/wp-json\/wp\/v2\/posts\/84999\/revisions"}],"wp:featuredmedia":[{"embeddable":true,"href":"http:\/\/nuevacordoba.net\/index.php\/wp-json\/wp\/v2\/media\/85000"}],"wp:attachment":[{"href":"http:\/\/nuevacordoba.net\/index.php\/wp-json\/wp\/v2\/media?parent=84999"}],"wp:term":[{"taxonomy":"category","embeddable":true,"href":"http:\/\/nuevacordoba.net\/index.php\/wp-json\/wp\/v2\/categories?post=84999"},{"taxonomy":"post_tag","embeddable":true,"href":"http:\/\/nuevacordoba.net\/index.php\/wp-json\/wp\/v2\/tags?post=84999"}],"curies":[{"name":"wp","href":"https:\/\/api.w.org\/{rel}","templated":true}]}}