{"id":85001,"date":"2026-04-27T03:57:58","date_gmt":"2026-04-27T03:57:58","guid":{"rendered":"https:\/\/cordobaoutdoor.com.ar\/?p=8010"},"modified":"2026-04-27T03:57:58","modified_gmt":"2026-04-27T03:57:58","slug":"cordoba-vivio-la-fashion-week-con-mas-de-3-000-asistentes-y-la-presencia-de-marcelo-rodio","status":"publish","type":"post","link":"http:\/\/nuevacordoba.net\/index.php\/2026\/04\/27\/cordoba-vivio-la-fashion-week-con-mas-de-3-000-asistentes-y-la-presencia-de-marcelo-rodio\/","title":{"rendered":"C\u00f3rdoba vivi\u00f3 la Fashion Week con m\u00e1s de 3.000 asistentes y la presencia de Marcelo Rodio"},"content":{"rendered":"<p data-start=\"0\" data-end=\"263\"><span>En el marco de la Semana de la Moda, el Centro Cultural C\u00f3rdoba \u2014dependiente de la Agencia C\u00f3rdoba Cultura\u2014 volvi\u00f3 a convertirse en escenario de la octava edici\u00f3n oto\u00f1o-invierno de la Fashion Week C\u00f3rdoba (FWC), realizada los d\u00edas viernes 24 y s\u00e1bado 25 de abril.<\/span><\/p>\n<p data-start=\"265\" data-end=\"725\"><span>La propuesta reafirma la apuesta de la Provincia por impulsar el desarrollo cultural a trav\u00e9s de iniciativas que combinan dise\u00f1o, identidad local y proyecci\u00f3n internacional. En Argentina, la Semana de la Moda se organiza en dos momentos del a\u00f1o: la temporada oto\u00f1o-invierno comienza en Buenos Aires durante marzo y culmina en C\u00f3rdoba en abril, mientras que la edici\u00f3n primavera-verano inicia en agosto y finaliza en septiembre, tambi\u00e9n en la capital cordobesa.<\/span><\/p>\n<p data-start=\"727\" data-end=\"1091\"><span>Cada edici\u00f3n re\u00fane entre 15 y 22 marcas de todo el pa\u00eds, con una convocatoria que integra tanto dise\u00f1adores emergentes como firmas consolidadas. En esta oportunidad, el evento cont\u00f3 con la presencia del presidente de la Agencia C\u00f3rdoba Cultura, <span class=\"hover:entity-accent entity-underline inline cursor-pointer align-baseline\"><span class=\"whitespace-normal\">Marcelo Rodio<\/span><\/span>, y de referentes del mundo de la moda como <span class=\"hover:entity-accent entity-underline inline cursor-pointer align-baseline\"><span class=\"whitespace-normal\">Chicha Osorio<\/span><\/span>.<\/span><\/p>\n<p data-start=\"727\" data-end=\"1091\"><img loading=\"lazy\" decoding=\"async\" class=\"aligncenter size-full wp-image-8012\" src=\"http:\/\/nuevacordoba.net\/wp-content\/uploads\/2026\/04\/cordoba-vivio-la-fashion-week-con-mas-de-3-000-asistentes-y-la-presencia-de-marcelo-rodio.jpg\" alt width=\"1080\" height=\"625\" srcset=\"http:\/\/nuevacordoba.net\/wp-content\/uploads\/2026\/04\/cordoba-vivio-la-fashion-week-con-mas-de-3-000-asistentes-y-la-presencia-de-marcelo-rodio.jpg 1080w, http:\/\/nuevacordoba.net\/wp-content\/uploads\/2026\/04\/cordoba-vivio-la-fashion-week-con-mas-de-3-000-asistentes-y-la-presencia-de-marcelo-rodio-5.jpg 300w, http:\/\/nuevacordoba.net\/wp-content\/uploads\/2026\/04\/cordoba-vivio-la-fashion-week-con-mas-de-3-000-asistentes-y-la-presencia-de-marcelo-rodio-6.jpg 1024w, http:\/\/nuevacordoba.net\/wp-content\/uploads\/2026\/04\/cordoba-vivio-la-fashion-week-con-mas-de-3-000-asistentes-y-la-presencia-de-marcelo-rodio-7.jpg 768w, http:\/\/nuevacordoba.net\/wp-content\/uploads\/2026\/04\/cordoba-vivio-la-fashion-week-con-mas-de-3-000-asistentes-y-la-presencia-de-marcelo-rodio-8.jpg 421w\" sizes=\"(max-width: 1080px) 100vw, 1080px\"><\/p>\n<p data-start=\"1093\" data-end=\"1488\"><span>La edici\u00f3n n\u00famero ocho funcion\u00f3 como cierre del calendario oto\u00f1o-invierno, convocando a m\u00e1s de 3.000 personas durante las dos jornadas y confirmando el fuerte impacto tur\u00edstico y econ\u00f3mico que genera este tipo de encuentros. Las entradas, de car\u00e1cter gratuito, se habilitaron una semana antes a trav\u00e9s de Instagram y se agotaron en menos de una hora, reflejando el inter\u00e9s creciente del p\u00fablico.<\/span><\/p>\n<p data-start=\"1490\" data-end=\"1778\"><span>\u201cEste evento no solo posiciona a C\u00f3rdoba por su convocatoria, sino que tambi\u00e9n aporta significativamente a la econom\u00eda naranja\u201d, destac\u00f3 Rodio, quien adem\u00e1s subray\u00f3 la importancia de generar espacios para que los dise\u00f1adores puedan exhibir su trabajo y potenciar el desarrollo del sector.<\/span><\/p>\n<p data-start=\"1780\" data-end=\"2046\"><span>Con el respaldo de Argentina Fashion Week \u2014bajo la direcci\u00f3n de <span class=\"hover:entity-accent entity-underline inline cursor-pointer align-baseline\"><span class=\"whitespace-normal\">H\u00e9ctor Vidal Rivas<\/span><\/span>\u2014 y la supervisi\u00f3n de World Fashion Week, la propuesta cordobesa contin\u00faa consolid\u00e1ndose como un punto clave dentro del circuito nacional e internacional de la moda.<img loading=\"lazy\" decoding=\"async\" class=\"aligncenter wp-image-8013\" src=\"http:\/\/nuevacordoba.net\/wp-content\/uploads\/2026\/04\/cordoba-vivio-la-fashion-week-con-mas-de-3-000-asistentes-y-la-presencia-de-marcelo-rodio-1.jpg\" alt width=\"512\" height=\"788\" srcset=\"http:\/\/nuevacordoba.net\/wp-content\/uploads\/2026\/04\/cordoba-vivio-la-fashion-week-con-mas-de-3-000-asistentes-y-la-presencia-de-marcelo-rodio-1.jpg 1039w, http:\/\/nuevacordoba.net\/wp-content\/uploads\/2026\/04\/cordoba-vivio-la-fashion-week-con-mas-de-3-000-asistentes-y-la-presencia-de-marcelo-rodio-9.jpg 195w, http:\/\/nuevacordoba.net\/wp-content\/uploads\/2026\/04\/cordoba-vivio-la-fashion-week-con-mas-de-3-000-asistentes-y-la-presencia-de-marcelo-rodio-10.jpg 665w, http:\/\/nuevacordoba.net\/wp-content\/uploads\/2026\/04\/cordoba-vivio-la-fashion-week-con-mas-de-3-000-asistentes-y-la-presencia-de-marcelo-rodio-11.jpg 768w, http:\/\/nuevacordoba.net\/wp-content\/uploads\/2026\/04\/cordoba-vivio-la-fashion-week-con-mas-de-3-000-asistentes-y-la-presencia-de-marcelo-rodio-12.jpg 998w\" sizes=\"auto, (max-width: 512px) 100vw, 512px\"><\/span><\/p>\n<h3 data-section-id=\"1p3oqt7\" data-start=\"2048\" data-end=\"2091\"><span>Moda y ciudad: una experiencia integral<\/span><\/h3>\n<p data-start=\"2093\" data-end=\"2408\"><span>Uno de los rasgos distintivos de la Fashion Week C\u00f3rdoba es la elecci\u00f3n de sus locaciones. Lejos de limitarse a una pasarela tradicional, cada edici\u00f3n propone escenarios que dialogan con la identidad de la ciudad: edificios hist\u00f3ricos, espacios culturales y arquitectura contempor\u00e1nea que enriquecen la experiencia.<\/span><\/p>\n<p data-start=\"2410\" data-end=\"2696\"><span>Este formato itinerante permite poner en valor distintos puntos de C\u00f3rdoba y proyectarlos a nivel nacional e internacional. As\u00ed lo explic\u00f3 <span class=\"hover:entity-accent entity-underline inline cursor-pointer align-baseline\"><span class=\"whitespace-normal\">Manuel Bastet<\/span><\/span>, quien destac\u00f3 que cada locaci\u00f3n funciona como una herramienta estrat\u00e9gica de posicionamiento para la ciudad.<\/span><\/p>\n<p data-start=\"2698\" data-end=\"2871\"><span>En este sentido, el trabajo conjunto con organismos p\u00fablicos permite activar espacios emblem\u00e1ticos como plataformas culturales, generando nuevas formas de uso y visibilidad.<img loading=\"lazy\" decoding=\"async\" class=\"aligncenter wp-image-8014\" src=\"http:\/\/nuevacordoba.net\/wp-content\/uploads\/2026\/04\/cordoba-vivio-la-fashion-week-con-mas-de-3-000-asistentes-y-la-presencia-de-marcelo-rodio-2.jpg\" alt width=\"544\" height=\"800\" srcset=\"http:\/\/nuevacordoba.net\/wp-content\/uploads\/2026\/04\/cordoba-vivio-la-fashion-week-con-mas-de-3-000-asistentes-y-la-presencia-de-marcelo-rodio-2.jpg 1080w, http:\/\/nuevacordoba.net\/wp-content\/uploads\/2026\/04\/cordoba-vivio-la-fashion-week-con-mas-de-3-000-asistentes-y-la-presencia-de-marcelo-rodio-13.jpg 204w, http:\/\/nuevacordoba.net\/wp-content\/uploads\/2026\/04\/cordoba-vivio-la-fashion-week-con-mas-de-3-000-asistentes-y-la-presencia-de-marcelo-rodio-14.jpg 696w, http:\/\/nuevacordoba.net\/wp-content\/uploads\/2026\/04\/cordoba-vivio-la-fashion-week-con-mas-de-3-000-asistentes-y-la-presencia-de-marcelo-rodio-15.jpg 768w, http:\/\/nuevacordoba.net\/wp-content\/uploads\/2026\/04\/cordoba-vivio-la-fashion-week-con-mas-de-3-000-asistentes-y-la-presencia-de-marcelo-rodio-16.jpg 1045w\" sizes=\"auto, (max-width: 544px) 100vw, 544px\"><\/span><\/p>\n<h3 data-section-id=\"9nfksn\" data-start=\"2873\" data-end=\"2898\"><span>Un proyecto que crece<\/span><\/h3>\n<p data-start=\"2900\" data-end=\"3196\"><span>La Fashion Week C\u00f3rdoba naci\u00f3 hace cuatro a\u00f1os impulsada por <span class=\"hover:entity-accent entity-underline inline cursor-pointer align-baseline\"><span class=\"whitespace-normal\">Manuel Bastet<\/span><\/span>, <span class=\"hover:entity-accent entity-underline inline cursor-pointer align-baseline\"><span class=\"whitespace-normal\">Marysol Guevara<\/span><\/span> y <span class=\"hover:entity-accent entity-underline inline cursor-pointer align-baseline\"><span class=\"whitespace-normal\">Juan Bertero<\/span><\/span>, con el objetivo de generar oportunidades para modelos locales y sumar a la provincia al circuito de la moda nacional.<\/span><\/p>\n<p data-start=\"3198\" data-end=\"3396\"><span>Aunque el evento tiene m\u00e1s de tres d\u00e9cadas de historia en Buenos Aires, su desembarco en C\u00f3rdoba se concret\u00f3 en 2022 bajo la producci\u00f3n de Muy Americano Producciones, tras gestiones con Vidal Rivas.<\/span><\/p>\n<p data-start=\"3398\" data-end=\"3632\"><span>Desde entonces, su crecimiento ha sido sostenido: m\u00e1s de 160 marcas participaron en sus distintas ediciones y se registraron m\u00e1s de 1.600 pasadas en pasarela, consolid\u00e1ndolo como el evento de moda m\u00e1s importante del interior del pa\u00eds.<\/span><\/p>\n<p data-start=\"3398\" data-end=\"3632\"><span><img loading=\"lazy\" decoding=\"async\" class=\"aligncenter wp-image-8016\" src=\"http:\/\/nuevacordoba.net\/wp-content\/uploads\/2026\/04\/cordoba-vivio-la-fashion-week-con-mas-de-3-000-asistentes-y-la-presencia-de-marcelo-rodio-3.jpg\" alt width=\"446\" height=\"523\" srcset=\"http:\/\/nuevacordoba.net\/wp-content\/uploads\/2026\/04\/cordoba-vivio-la-fashion-week-con-mas-de-3-000-asistentes-y-la-presencia-de-marcelo-rodio-3.jpg 1080w, http:\/\/nuevacordoba.net\/wp-content\/uploads\/2026\/04\/cordoba-vivio-la-fashion-week-con-mas-de-3-000-asistentes-y-la-presencia-de-marcelo-rodio-17.jpg 256w, http:\/\/nuevacordoba.net\/wp-content\/uploads\/2026\/04\/cordoba-vivio-la-fashion-week-con-mas-de-3-000-asistentes-y-la-presencia-de-marcelo-rodio-18.jpg 873w, http:\/\/nuevacordoba.net\/wp-content\/uploads\/2026\/04\/cordoba-vivio-la-fashion-week-con-mas-de-3-000-asistentes-y-la-presencia-de-marcelo-rodio-19.jpg 768w\" sizes=\"auto, (max-width: 446px) 100vw, 446px\"><\/span><\/p>\n<h3 data-section-id=\"18s0mg6\" data-start=\"3634\" data-end=\"3658\"><span>Impacto y compromiso<\/span><\/h3>\n<p data-start=\"3660\" data-end=\"3950\"><span>Adem\u00e1s de su dimensi\u00f3n est\u00e9tica, la Fashion Week C\u00f3rdoba genera un fuerte impacto econ\u00f3mico. Se estima que cada edici\u00f3n produce alrededor de 400 puestos de trabajo directos e indirectos, involucrando a profesionales de m\u00faltiples \u00e1reas: dise\u00f1o, producci\u00f3n, estilismo, comunicaci\u00f3n y t\u00e9cnica.<\/span><\/p>\n<p data-start=\"3952\" data-end=\"4112\"><span>Al mismo tiempo, la organizaci\u00f3n promueve una mirada sustentable, incentivando la participaci\u00f3n de marcas que incorporan pr\u00e1cticas responsables en sus procesos.<\/span><\/p>\n<p data-start=\"4114\" data-end=\"4242\"><span>\u201cBuscamos una moda que no solo sea creativa e innovadora, sino tambi\u00e9n consciente y comprometida con el futuro\u201d, expres\u00f3 Bastet.<\/span><\/p>\n<p data-start=\"4244\" data-end=\"4444\" data-is-last-node data-is-only-node><span>De esta manera, C\u00f3rdoba contin\u00faa consolid\u00e1ndose como un polo estrat\u00e9gico donde convergen cultura, dise\u00f1o, innovaci\u00f3n y desarrollo econ\u00f3mico, fortaleciendo su lugar dentro del mapa nacional de la moda.<\/span><\/p>\n<p data-start=\"4244\" data-end=\"4444\" data-is-last-node data-is-only-node><img loading=\"lazy\" decoding=\"async\" class=\"aligncenter wp-image-8015\" src=\"http:\/\/nuevacordoba.net\/wp-content\/uploads\/2026\/04\/cordoba-vivio-la-fashion-week-con-mas-de-3-000-asistentes-y-la-presencia-de-marcelo-rodio-4.jpg\" alt width=\"442\" height=\"518\" srcset=\"http:\/\/nuevacordoba.net\/wp-content\/uploads\/2026\/04\/cordoba-vivio-la-fashion-week-con-mas-de-3-000-asistentes-y-la-presencia-de-marcelo-rodio-4.jpg 1080w, http:\/\/nuevacordoba.net\/wp-content\/uploads\/2026\/04\/cordoba-vivio-la-fashion-week-con-mas-de-3-000-asistentes-y-la-presencia-de-marcelo-rodio-20.jpg 256w, http:\/\/nuevacordoba.net\/wp-content\/uploads\/2026\/04\/cordoba-vivio-la-fashion-week-con-mas-de-3-000-asistentes-y-la-presencia-de-marcelo-rodio-21.jpg 874w, http:\/\/nuevacordoba.net\/wp-content\/uploads\/2026\/04\/cordoba-vivio-la-fashion-week-con-mas-de-3-000-asistentes-y-la-presencia-de-marcelo-rodio-22.jpg 768w\" sizes=\"auto, (max-width: 442px) 100vw, 442px\"><\/p>\n","protected":false},"excerpt":{"rendered":"<p>En el marco de la Semana de la Moda, el Centro Cultural C\u00f3rdoba \u2014dependiente de la Agencia C\u00f3rdoba Cultura\u2014 volvi\u00f3 a convertirse en escenario de la octava edici\u00f3n oto\u00f1o-invierno de la Fashion Week C\u00f3rdoba (FWC), realizada los d\u00edas viernes 24 y s\u00e1bado 25 de abril. La propuesta reafirma la apuesta de la Provincia por impulsar [&hellip;]<\/p>\n","protected":false},"author":1,"featured_media":85002,"comment_status":"closed","ping_status":"closed","sticky":false,"template":"","format":"standard","meta":[],"categories":[11],"tags":[],"_links":{"self":[{"href":"http:\/\/nuevacordoba.net\/index.php\/wp-json\/wp\/v2\/posts\/85001"}],"collection":[{"href":"http:\/\/nuevacordoba.net\/index.php\/wp-json\/wp\/v2\/posts"}],"about":[{"href":"http:\/\/nuevacordoba.net\/index.php\/wp-json\/wp\/v2\/types\/post"}],"author":[{"embeddable":true,"href":"http:\/\/nuevacordoba.net\/index.php\/wp-json\/wp\/v2\/users\/1"}],"replies":[{"embeddable":true,"href":"http:\/\/nuevacordoba.net\/index.php\/wp-json\/wp\/v2\/comments?post=85001"}],"version-history":[{"count":0,"href":"http:\/\/nuevacordoba.net\/index.php\/wp-json\/wp\/v2\/posts\/85001\/revisions"}],"wp:featuredmedia":[{"embeddable":true,"href":"http:\/\/nuevacordoba.net\/index.php\/wp-json\/wp\/v2\/media\/85002"}],"wp:attachment":[{"href":"http:\/\/nuevacordoba.net\/index.php\/wp-json\/wp\/v2\/media?parent=85001"}],"wp:term":[{"taxonomy":"category","embeddable":true,"href":"http:\/\/nuevacordoba.net\/index.php\/wp-json\/wp\/v2\/categories?post=85001"},{"taxonomy":"post_tag","embeddable":true,"href":"http:\/\/nuevacordoba.net\/index.php\/wp-json\/wp\/v2\/tags?post=85001"}],"curies":[{"name":"wp","href":"https:\/\/api.w.org\/{rel}","templated":true}]}}