{"id":851,"date":"2021-02-09T20:18:38","date_gmt":"2021-02-09T20:18:38","guid":{"rendered":"https:\/\/www.checkinmag.com\/?p=1833"},"modified":"2021-02-09T20:18:38","modified_gmt":"2021-02-09T20:18:38","slug":"el-gobierno-comienza-a-pagar-el-repro-ii","status":"publish","type":"post","link":"http:\/\/nuevacordoba.net\/index.php\/2021\/02\/09\/el-gobierno-comienza-a-pagar-el-repro-ii\/","title":{"rendered":"El Gobierno comienza a pagar el REPRO II"},"content":{"rendered":"<p>El Gobierno nacional comienza esta semana el pago del REPRO II con m\u00e1s de 10 mil empresas y 320 mil trabajadores alcanzados. As\u00ed, se focaliza la asistencia que el Estado realiza en el sector privado para sostener el empleo, sobre todo, en sectores econ\u00f3micos a\u00fan golpeados por la pandemia global de COVID-19. La medida fue anunciada en Casa Rosada por los ministros Claudio Moroni (Trabajo, Empleo y Seguridad Social), Trist\u00e1n Bauer (Cultura) y Mat\u00edas Lammens (Turismo y Deportes).&nbsp;<\/p>\n<p>Los trabajadores y trabajadoras de sectores no cr\u00edticos percibir\u00e1n 9 mil pesos; para quienes se desempe\u00f1an en sectores cr\u00edticos, el monto ser\u00e1 de 12 mil pesos, y para los pertenecientes al sector de la salud, la suma llegar\u00e1 a los 18 mil pesos.&nbsp;&nbsp;<\/p>\n<p>Como resultado de la inscripci\u00f3n de enero, el REPRO II alcanzar\u00e1 a 10.065 empresas, lo que implica la asistencia a 321.472 trabajadores. Esta asistencia superar\u00e1 los 3.600 millones de pesos.&nbsp;&nbsp;&nbsp;<\/p>\n<p>Los sectores cr\u00edticos que m\u00e1s inscripciones registran al REPRO II son: turismo, con 2.028 empresas y 49.343 trabajadores, salud con 699 empresas y 75.715 trabajadores, deportes con 524 empresas y 17.432 trabajadores y cultura, con 335 empresas y 6.555 trabajadores.&nbsp;<\/p>\n<figure class=\"wp-block-image size-large is-resized\"><img loading=\"lazy\" src=\"http:\/\/nuevacordoba.net\/wp-content\/uploads\/2021\/02\/el-gobierno-comienza-a-pagar-el-repro-ii.jpg\" alt class=\"wp-image-1835\" width=\"415\" height=\"232\"><\/figure>\n<p>Durante el anuncio, Moroni sostuvo que el Gobierno \u201csigue asistiendo en aquellos sectores que son necesarios, vamos modificando las herramientas en la medida que va cambiando la situaci\u00f3n externa\u201d, y en este sentido explic\u00f3 que \u201cante el cierre total tuvimos la Asistencia de Emergencia al Trabajo y la Producci\u00f3n (ATP) e IFE, y frente a una econom\u00eda que se est\u00e1 reactivando la asistencia va a estar focalizada atendiendo a sectores cr\u00edticos y salud\u201d.&nbsp;<\/p>\n<p>Por su parte, el Ministro de Cultura de la Naci\u00f3n, Trist\u00e1n Bauer, remarc\u00f3 que \u201clas industrias culturales son uno de los sectores m\u00e1s vulnerables por esta pandemia, por eso desde el Gobierno nacional hemos trabajado en el dise\u00f1o e implementaci\u00f3n de diferentes planes para acompa\u00f1arlas\u201d, al tiempo que destac\u00f3 que \u201cm\u00e1s de 12.000 millones de pesos fueron invertidos en el sector de la cultura, destinado a 100.000 trabajadores, 25.000 empresas, 5.500 espacios y organizaciones culturales\u201d.&nbsp;<\/p>\n<p>Asimismo, el Ministro de Turismo y Deportes de la Naci\u00f3n, Mat\u00edas Lammens, afirm\u00f3 que \u201chemos logrado cuidar el trabajo de los argentinos. El turismo es una actividad que aporta casi el 9 por ciento del PBI para la econom\u00eda nacional, m\u00e1s de 1 mill\u00f3n de familias viven del turismo. El 98 por ciento de las empresas beneficiadas por el REPRO II son pymes familiares, de menos de 100 empleados y este sector es sumamente estrat\u00e9gico para el desarrollo econ\u00f3mico de la Argentina\u201d.&nbsp;<\/p>\n<p><a href=\"http:\/\/www.turismo.gob.ar\">www.turismo.gob.ar<\/a><\/p>\n","protected":false},"excerpt":{"rendered":"<p>El Gobierno nacional comienza esta semana el pago del REPRO II con m\u00e1s de 10 mil empresas y 320 mil trabajadores alcanzados. As\u00ed, se focaliza la asistencia que el Estado realiza en el sector privado para sostener el empleo, sobre todo, en sectores econ\u00f3micos a\u00fan golpeados por la pandemia global de COVID-19. La medida fue [&hellip;]<\/p>\n","protected":false},"author":1,"featured_media":852,"comment_status":"closed","ping_status":"closed","sticky":false,"template":"","format":"standard","meta":[],"categories":[11],"tags":[],"_links":{"self":[{"href":"http:\/\/nuevacordoba.net\/index.php\/wp-json\/wp\/v2\/posts\/851"}],"collection":[{"href":"http:\/\/nuevacordoba.net\/index.php\/wp-json\/wp\/v2\/posts"}],"about":[{"href":"http:\/\/nuevacordoba.net\/index.php\/wp-json\/wp\/v2\/types\/post"}],"author":[{"embeddable":true,"href":"http:\/\/nuevacordoba.net\/index.php\/wp-json\/wp\/v2\/users\/1"}],"replies":[{"embeddable":true,"href":"http:\/\/nuevacordoba.net\/index.php\/wp-json\/wp\/v2\/comments?post=851"}],"version-history":[{"count":0,"href":"http:\/\/nuevacordoba.net\/index.php\/wp-json\/wp\/v2\/posts\/851\/revisions"}],"wp:featuredmedia":[{"embeddable":true,"href":"http:\/\/nuevacordoba.net\/index.php\/wp-json\/wp\/v2\/media\/852"}],"wp:attachment":[{"href":"http:\/\/nuevacordoba.net\/index.php\/wp-json\/wp\/v2\/media?parent=851"}],"wp:term":[{"taxonomy":"category","embeddable":true,"href":"http:\/\/nuevacordoba.net\/index.php\/wp-json\/wp\/v2\/categories?post=851"},{"taxonomy":"post_tag","embeddable":true,"href":"http:\/\/nuevacordoba.net\/index.php\/wp-json\/wp\/v2\/tags?post=851"}],"curies":[{"name":"wp","href":"https:\/\/api.w.org\/{rel}","templated":true}]}}