{"id":85115,"date":"2026-04-28T13:48:18","date_gmt":"2026-04-28T13:48:18","guid":{"rendered":"http:\/\/cordobanewsnet.wordpress.com\/?p=13892"},"modified":"2026-04-28T13:48:18","modified_gmt":"2026-04-28T13:48:18","slug":"cordoba-asi-es-el-cronograma-de-pago-de-abril-a-empleados-publicos","status":"publish","type":"post","link":"http:\/\/nuevacordoba.net\/index.php\/2026\/04\/28\/cordoba-asi-es-el-cronograma-de-pago-de-abril-a-empleados-publicos\/","title":{"rendered":"C\u00f3rdoba: as\u00ed es el cronograma de pago de abril a empleados p\u00fablicos"},"content":{"rendered":"<p><!-- \/featured-media --> <\/p>\n<div class=\"post-content clear\" readability=\"47.784325279906\">\n<h2 class=\"wp-block-heading\">Dispuesto por la Secretar\u00eda de la Gobernaci\u00f3n, comienza este jueves 30, tambi\u00e9n con los haberes a jubilados. Qui\u00e9nes y cu\u00e1ndo cobran, jornada por jornada.<\/h2>\n<p class=\"wp-block-paragraph\"><strong>Jueves 30 de abril<\/strong><\/p>\n<p class=\"wp-block-paragraph\"><em>Jubilados y pensionados provinciales.<\/em><br \/><em>Polic\u00eda de la Provincia de Cba.<\/em><br \/><em>Fuerza Policial Antinarcotr\u00e1fico<\/em><br \/><em>Servicio Penitenciario<\/em><\/p>\n<p class=\"wp-block-paragraph\"><strong>Lunes 4 de mayo<\/strong><\/p>\n<p class=\"wp-block-paragraph\"><em>Ministerio de Salud<\/em><br \/><em>Min. de Educaci\u00f3n: \u00c1rea Central, Nivel Inicial y Nivel Primario<\/em><br \/><em>Min. de Educaci\u00f3n: Nivel Secundario y Resto de Niveles<\/em><br \/><em>Personal Docente Univ. Provincial de C\u00f3rdoba<\/em><\/p>\n<p class=\"wp-block-paragraph\"><strong>Martes 5<\/strong><\/p>\n<p class=\"wp-block-paragraph\"><em>Min. de Educaci\u00f3n: DGIPE *<\/em><br \/><em>Escalaf\u00f3n General Tramo Ejecuci\u00f3n<\/em><br \/><em>Contratados Servicio\/Nivel<\/em><br \/><em>Contratados Tribunal de Cuentas<\/em><br \/><em>Escalaf\u00f3n Salud (no pertenecientes al Min. de Salud)<\/em><br \/><em>Escalaf\u00f3n Docente (no pertenecientes al Min. Educaci\u00f3n)<\/em><br \/><em>Personal Poder Judicial<\/em><br \/><em>Personal Poder Legislativo<\/em><br \/><em>Personal Defensor\u00eda del Pueblo<\/em><br \/><em>Personal Defensor\u00eda de los Derechos de los Ni\u00f1as, Ni\u00f1os y Adolesc.<\/em><br \/><em>Escalaf\u00f3n General Tramo Superior<\/em><br \/><em>Escalaf\u00f3n Vialidad<\/em><br \/><em>Escalaf\u00f3n M\u00fasicos<\/em><br \/><em>Escalaf\u00f3n Cuerpo Art\u00edstico<\/em><br \/><em>Escalaf\u00f3n Gr\u00e1ficos<\/em><br \/><em>Escalaf\u00f3n Cient\u00edfico y Tecnol\u00f3gico<\/em><br \/><em>Escalaf\u00f3n Bancarios<\/em><br \/><em>Escalaf\u00f3n Aeron\u00e1uticos<\/em><br \/><em>Inteligencia Fiscal<\/em><\/p>\n<p class=\"wp-block-paragraph\"><strong>Mi\u00e9rcoles 6 de mayo<\/strong><\/p>\n<p class=\"wp-block-paragraph\"><em>APROSS: Adm. Prov. del Seg. de Salud<\/em><br \/><em>Caja de Jubilaciones Pcia. de Cba.<\/em><br \/><em>Autoridades Superiores y Personal de Gabinete del Poder Ejecutivo<\/em><br \/><em>Autoridades Poder Legislativo<\/em><br \/><em>Autoridades Defensor\u00eda del Pueblo<\/em><br \/><em>Autoridades Defensor\u00eda de los Derechos de los Ni\u00f1as, Ni\u00f1os y Adolesc.<\/em><br \/><em>Autoridades Tribunal de Cuentas<\/em><br \/><em>Magistrados y Funcionarios Judiciales<\/em><br \/><em>Autoridades Universidad Provincial<\/em><\/p>\n<figure class=\"wp-block-image size-large\"><img loading=\"lazy\" data-attachment-id=\"13893\" data-permalink=\"https:\/\/cordobanewsnet.wordpress.com\/2026\/04\/28\/cordoba-asi-es-el-cronograma-de-pago-de-abril-a-empleados-publicos\/image-895\/\" data-orig-file=\"http:\/\/nuevacordoba.net\/wp-content\/uploads\/2026\/04\/cordoba-asi-es-el-cronograma-de-pago-de-abril-a-empleados-publicos-5.png\" data-orig-size=\"1280,720\" data-comments-opened=\"1\" data-image-meta=\"{&quot;aperture&quot;:&quot;0&quot;,&quot;credit&quot;:&quot;&quot;,&quot;camera&quot;:&quot;&quot;,&quot;caption&quot;:&quot;&quot;,&quot;created_timestamp&quot;:&quot;0&quot;,&quot;copyright&quot;:&quot;&quot;,&quot;focal_length&quot;:&quot;0&quot;,&quot;iso&quot;:&quot;0&quot;,&quot;shutter_speed&quot;:&quot;0&quot;,&quot;title&quot;:&quot;&quot;,&quot;orientation&quot;:&quot;0&quot;,&quot;alt&quot;:&quot;&quot;}\" data-image-title=\"image\" data-image-description data-image-caption data-large-file=\"http:\/\/nuevacordoba.net\/wp-content\/uploads\/2026\/04\/cordoba-asi-es-el-cronograma-de-pago-de-abril-a-empleados-publicos-5.png?w=736\" width=\"1024\" height=\"576\" src=\"http:\/\/nuevacordoba.net\/wp-content\/uploads\/2026\/04\/cordoba-asi-es-el-cronograma-de-pago-de-abril-a-empleados-publicos.png\" alt class=\"wp-image-13893\" srcset=\"http:\/\/nuevacordoba.net\/wp-content\/uploads\/2026\/04\/cordoba-asi-es-el-cronograma-de-pago-de-abril-a-empleados-publicos.png 1024w, http:\/\/nuevacordoba.net\/wp-content\/uploads\/2026\/04\/cordoba-asi-es-el-cronograma-de-pago-de-abril-a-empleados-publicos-2.png 150w, http:\/\/nuevacordoba.net\/wp-content\/uploads\/2026\/04\/cordoba-asi-es-el-cronograma-de-pago-de-abril-a-empleados-publicos-3.png 300w, http:\/\/nuevacordoba.net\/wp-content\/uploads\/2026\/04\/cordoba-asi-es-el-cronograma-de-pago-de-abril-a-empleados-publicos-4.png 768w, http:\/\/nuevacordoba.net\/wp-content\/uploads\/2026\/04\/cordoba-asi-es-el-cronograma-de-pago-de-abril-a-empleados-publicos-5.png 1280w\" sizes=\"(max-width: 1024px) 100vw, 1024px\"><\/figure>\n<p class=\"wp-block-paragraph\">Fuente : Cba24n C\u00f3rdoba Argentina<\/p>\n<p><span id=\"wordads-inline-marker\"><\/span><\/p>\n<div id=\"jp-post-flair\" class=\"sharedaddy sd-like-enabled sd-sharing-enabled\">\n<div class=\"sharedaddy sd-sharing-enabled\">\n<div class=\"robots-nocontent sd-block sd-social sd-social-icon-text sd-sharing\">\n<h3 class=\"sd-title\">Comparte esto:<\/h3>\n<\/div>\n<\/div>\n<div class=\"sharedaddy sd-block sd-like jetpack-likes-widget-wrapper jetpack-likes-widget-unloaded\" id=\"like-post-wrapper-143108178-13892-69f0fa28625e1\" data-src=\"\/\/widgets.wp.com\/likes\/index.html?ver=20260428#blog_id=143108178&amp;post_id=13892&amp;origin=cordobanewsnet.wordpress.com&amp;obj_id=143108178-13892-69f0fa28625e1\" data-name=\"like-post-frame-143108178-13892-69f0fa28625e1\" data-title=\"Me gusta o Compartir\">\n<p><span class=\"button\"><span>Me gusta<\/span><\/span> <span class=\"loading\">Cargando&#8230;<\/span><\/p>\n<p><span class=\"sd-text-color\"><\/span><\/div>\n<p><h3 class=\"jp-relatedposts-headline\"><em>Relacionado<\/em><\/h3>\n<\/p>\n<\/div><\/div>\n<p><!--\/.post-content--> <\/p>\n<footer class=\"post-meta-container clear\" readability=\"0.3905325443787\">\n<div class=\"entry-author author-avatar-show\" readability=\"13.114754098361\">\n<div class=\"author-avatar\"> <img loading=\"lazy\" referrerpolicy=\"no-referrer\" alt=\"Avatar de Desconocido\" src=\"http:\/\/nuevacordoba.net\/wp-content\/uploads\/2026\/04\/cordoba-asi-es-el-cronograma-de-pago-de-abril-a-empleados-publicos-1.png\" srcset=\"http:\/\/nuevacordoba.net\/wp-content\/uploads\/2026\/04\/cordoba-asi-es-el-cronograma-de-pago-de-abril-a-empleados-publicos-1.png 1x, http:\/\/nuevacordoba.net\/wp-content\/uploads\/2026\/04\/cordoba-asi-es-el-cronograma-de-pago-de-abril-a-empleados-publicos-6.png 1.5x, http:\/\/nuevacordoba.net\/wp-content\/uploads\/2026\/04\/cordoba-asi-es-el-cronograma-de-pago-de-abril-a-empleados-publicos-7.png 2x, http:\/\/nuevacordoba.net\/wp-content\/uploads\/2026\/04\/cordoba-asi-es-el-cronograma-de-pago-de-abril-a-empleados-publicos-8.png 3x, http:\/\/nuevacordoba.net\/wp-content\/uploads\/2026\/04\/cordoba-asi-es-el-cronograma-de-pago-de-abril-a-empleados-publicos-9.png 4x\" class=\"avatar avatar-90\" height=\"90\" width=\"90\" decoding=\"async\"> <\/div>\n<p><!-- .author-avatar --> <\/p>\n<p><h2 class=\"author-title\"> Publicado por <span class=\"author-name\">Redacci\u00f3n<\/span> <\/h2>\n<\/p>\n<p><!-- .author-heading --> <\/p>\n<p class=\"author-bio\"> <a class=\"author-link\" href=\"https:\/\/cordobanewsnet.wordpress.com\/author\/prettomatias\/\" rel=\"author\"> Ver todas las entradas de Redacci\u00f3n <\/a> <\/p>\n<p><!-- .author-bio --> <\/div>\n<p><!-- .entry-auhtor --> <\/footer>\n<p> <!-- \/post-meta-container --> <!-- #respond --> <\/p>\n","protected":false},"excerpt":{"rendered":"<p>Dispuesto por la Secretar\u00eda de la Gobernaci\u00f3n, comienza este jueves 30, tambi\u00e9n con los haberes a jubilados. Qui\u00e9nes y cu\u00e1ndo cobran, jornada por jornada. Jueves 30 de abril Jubilados y pensionados provinciales.Polic\u00eda de la Provincia de Cba.Fuerza Policial Antinarcotr\u00e1ficoServicio Penitenciario Lunes 4 de mayo Ministerio de SaludMin. de Educaci\u00f3n: \u00c1rea Central, Nivel Inicial y Nivel [&hellip;]<\/p>\n","protected":false},"author":1,"featured_media":85116,"comment_status":"closed","ping_status":"closed","sticky":false,"template":"","format":"standard","meta":[],"categories":[14],"tags":[],"_links":{"self":[{"href":"http:\/\/nuevacordoba.net\/index.php\/wp-json\/wp\/v2\/posts\/85115"}],"collection":[{"href":"http:\/\/nuevacordoba.net\/index.php\/wp-json\/wp\/v2\/posts"}],"about":[{"href":"http:\/\/nuevacordoba.net\/index.php\/wp-json\/wp\/v2\/types\/post"}],"author":[{"embeddable":true,"href":"http:\/\/nuevacordoba.net\/index.php\/wp-json\/wp\/v2\/users\/1"}],"replies":[{"embeddable":true,"href":"http:\/\/nuevacordoba.net\/index.php\/wp-json\/wp\/v2\/comments?post=85115"}],"version-history":[{"count":0,"href":"http:\/\/nuevacordoba.net\/index.php\/wp-json\/wp\/v2\/posts\/85115\/revisions"}],"wp:featuredmedia":[{"embeddable":true,"href":"http:\/\/nuevacordoba.net\/index.php\/wp-json\/wp\/v2\/media\/85116"}],"wp:attachment":[{"href":"http:\/\/nuevacordoba.net\/index.php\/wp-json\/wp\/v2\/media?parent=85115"}],"wp:term":[{"taxonomy":"category","embeddable":true,"href":"http:\/\/nuevacordoba.net\/index.php\/wp-json\/wp\/v2\/categories?post=85115"},{"taxonomy":"post_tag","embeddable":true,"href":"http:\/\/nuevacordoba.net\/index.php\/wp-json\/wp\/v2\/tags?post=85115"}],"curies":[{"name":"wp","href":"https:\/\/api.w.org\/{rel}","templated":true}]}}