{"id":85177,"date":"2026-04-29T09:55:14","date_gmt":"2026-04-29T09:55:14","guid":{"rendered":"http:\/\/cordobanewsnet.wordpress.com\/?p=13900"},"modified":"2026-04-29T09:55:14","modified_gmt":"2026-04-29T09:55:14","slug":"dia-del-animal-vacunacion-contra-la-rabia-en-el-concejo-deliberante","status":"publish","type":"post","link":"http:\/\/nuevacordoba.net\/index.php\/2026\/04\/29\/dia-del-animal-vacunacion-contra-la-rabia-en-el-concejo-deliberante\/","title":{"rendered":"\u00a0*D\u00eda del Animal: vacunaci\u00f3n contra la rabia en el Concejo Deliberante*\u00a0"},"content":{"rendered":"<p><!-- \/featured-media --> <\/p>\n<div class=\"post-content clear\" readability=\"33.215942028986\">\n<p class=\"wp-block-paragraph\">El mi\u00e9rcoles 29 de abril, la Municipalidad de C\u00f3rdoba vacunar\u00e1 contra la rabia a animales de compa\u00f1\u00eda de manera _gratuita_.<\/p>\n<p class=\"wp-block-paragraph\">Los equipos estar\u00e1n presentes en los Centros Vecinales de _Alto Verde y Altos de Villa Cabrera_ por la ma\u00f1ana; y en la explanada del _Concejo Deliberante_ por la tarde.<\/p>\n<p class=\"wp-block-paragraph\">La vacuna es obligatoria tanto en caninos como felinos y debe aplicarse a partir de los 3 meses de edad, con refuerzos anuales para garantizar la inmunizaci\u00f3n.<\/p>\n<figure class=\"wp-block-image size-large\"><img loading=\"lazy\" data-attachment-id=\"13901\" data-permalink=\"https:\/\/cordobanewsnet.wordpress.com\/2026\/04\/29\/dia-del-animal-vacunacion-contra-la-rabia-en-el-concejo-deliberante\/fbf9ccfb-b873-4ead-965d-215892d22fc9\/\" data-orig-file=\"http:\/\/nuevacordoba.net\/wp-content\/uploads\/2026\/04\/dia-del-animal-vacunacion-contra-la-rabia-en-el-concejo-deliberante-5.jpg\" data-orig-size=\"1600,900\" data-comments-opened=\"1\" data-image-meta=\"{&quot;aperture&quot;:&quot;0&quot;,&quot;credit&quot;:&quot;&quot;,&quot;camera&quot;:&quot;&quot;,&quot;caption&quot;:&quot;&quot;,&quot;created_timestamp&quot;:&quot;0&quot;,&quot;copyright&quot;:&quot;&quot;,&quot;focal_length&quot;:&quot;0&quot;,&quot;iso&quot;:&quot;0&quot;,&quot;shutter_speed&quot;:&quot;0&quot;,&quot;title&quot;:&quot;&quot;,&quot;orientation&quot;:&quot;0&quot;,&quot;alt&quot;:&quot;&quot;}\" data-image-title=\"fbf9ccfb-b873-4ead-965d-215892d22fc9\" data-image-description data-image-caption data-large-file=\"http:\/\/nuevacordoba.net\/wp-content\/uploads\/2026\/04\/dia-del-animal-vacunacion-contra-la-rabia-en-el-concejo-deliberante-5.jpg?w=736\" width=\"1024\" height=\"576\" src=\"http:\/\/nuevacordoba.net\/wp-content\/uploads\/2026\/04\/dia-del-animal-vacunacion-contra-la-rabia-en-el-concejo-deliberante.jpg\" alt class=\"wp-image-13901\" srcset=\"http:\/\/nuevacordoba.net\/wp-content\/uploads\/2026\/04\/dia-del-animal-vacunacion-contra-la-rabia-en-el-concejo-deliberante.jpg 1024w, http:\/\/nuevacordoba.net\/wp-content\/uploads\/2026\/04\/dia-del-animal-vacunacion-contra-la-rabia-en-el-concejo-deliberante-1.jpg 150w, http:\/\/nuevacordoba.net\/wp-content\/uploads\/2026\/04\/dia-del-animal-vacunacion-contra-la-rabia-en-el-concejo-deliberante-2.jpg 300w, http:\/\/nuevacordoba.net\/wp-content\/uploads\/2026\/04\/dia-del-animal-vacunacion-contra-la-rabia-en-el-concejo-deliberante-3.jpg 768w, http:\/\/nuevacordoba.net\/wp-content\/uploads\/2026\/04\/dia-del-animal-vacunacion-contra-la-rabia-en-el-concejo-deliberante-4.jpg 1440w, http:\/\/nuevacordoba.net\/wp-content\/uploads\/2026\/04\/dia-del-animal-vacunacion-contra-la-rabia-en-el-concejo-deliberante-5.jpg 1600w\" sizes=\"(max-width: 1024px) 100vw, 1024px\"><\/figure>\n<figure class=\"wp-block-image\"><img src=\"http:\/\/nuevacordoba.net\/wp-content\/uploads\/2026\/04\/dia-del-animal-vacunacion-contra-la-rabia-en-el-concejo-deliberante.png\" alt=\"\ud83d\udcf2\"><\/figure>\n<p class=\"wp-block-paragraph\">&nbsp;M\u00e1s informaci\u00f3n:&nbsp;<a href=\"http:\/\/cordoba.gob.ar\/dia-del-animal-concejo-deliberante\/\" target=\"_blank\" rel=\"noreferrer noopener\">cordoba.gob.ar\/dia-del-animal-concejo-deliberante\/<\/a><\/p>\n<p><span id=\"wordads-inline-marker\"><\/span><\/p>\n<div id=\"jp-post-flair\" class=\"sharedaddy sd-like-enabled sd-sharing-enabled\">\n<div class=\"sharedaddy sd-sharing-enabled\">\n<div class=\"robots-nocontent sd-block sd-social sd-social-icon-text sd-sharing\">\n<h3 class=\"sd-title\">Comparte esto:<\/h3>\n<\/div>\n<\/div>\n<div class=\"sharedaddy sd-block sd-like jetpack-likes-widget-wrapper jetpack-likes-widget-unloaded\" id=\"like-post-wrapper-143108178-13900-69f1e1e0000c1\" data-src=\"\/\/widgets.wp.com\/likes\/index.html?ver=20260429#blog_id=143108178&amp;post_id=13900&amp;origin=cordobanewsnet.wordpress.com&amp;obj_id=143108178-13900-69f1e1e0000c1\" data-name=\"like-post-frame-143108178-13900-69f1e1e0000c1\" data-title=\"Me gusta o Compartir\">\n<p><span class=\"button\"><span>Me gusta<\/span><\/span> <span class=\"loading\">Cargando&#8230;<\/span><\/p>\n<p><span class=\"sd-text-color\"><\/span><\/div>\n<p><h3 class=\"jp-relatedposts-headline\"><em>Relacionado<\/em><\/h3>\n<\/p>\n<\/div><\/div>\n<p><!--\/.post-content--> <\/p>\n<footer class=\"post-meta-container clear\" readability=\"0.35483870967742\">\n<div class=\"entry-author author-avatar-show\" readability=\"13.114754098361\">\n<div class=\"author-avatar\"> <img loading=\"lazy\" referrerpolicy=\"no-referrer\" alt=\"Avatar de Desconocido\" src=\"http:\/\/nuevacordoba.net\/wp-content\/uploads\/2026\/04\/dia-del-animal-vacunacion-contra-la-rabia-en-el-concejo-deliberante-1.png\" srcset=\"http:\/\/nuevacordoba.net\/wp-content\/uploads\/2026\/04\/dia-del-animal-vacunacion-contra-la-rabia-en-el-concejo-deliberante-1.png 1x, http:\/\/nuevacordoba.net\/wp-content\/uploads\/2026\/04\/dia-del-animal-vacunacion-contra-la-rabia-en-el-concejo-deliberante-2.png 1.5x, http:\/\/nuevacordoba.net\/wp-content\/uploads\/2026\/04\/dia-del-animal-vacunacion-contra-la-rabia-en-el-concejo-deliberante-3.png 2x, http:\/\/nuevacordoba.net\/wp-content\/uploads\/2026\/04\/dia-del-animal-vacunacion-contra-la-rabia-en-el-concejo-deliberante-4.png 3x, http:\/\/nuevacordoba.net\/wp-content\/uploads\/2026\/04\/dia-del-animal-vacunacion-contra-la-rabia-en-el-concejo-deliberante-5.png 4x\" class=\"avatar avatar-90\" height=\"90\" width=\"90\" decoding=\"async\"> <\/div>\n<p><!-- .author-avatar --> <\/p>\n<p><h2 class=\"author-title\"> Publicado por <span class=\"author-name\">Redacci\u00f3n<\/span> <\/h2>\n<\/p>\n<p><!-- .author-heading --> <\/p>\n<p class=\"author-bio\"> <a class=\"author-link\" href=\"https:\/\/cordobanewsnet.wordpress.com\/author\/prettomatias\/\" rel=\"author\"> Ver todas las entradas de Redacci\u00f3n <\/a> <\/p>\n<p><!-- .author-bio --> <\/div>\n<p><!-- .entry-auhtor --> <\/footer>\n<p> <!-- \/post-meta-container --> <!-- #respond --> <\/p>\n","protected":false},"excerpt":{"rendered":"<p>El mi\u00e9rcoles 29 de abril, la Municipalidad de C\u00f3rdoba vacunar\u00e1 contra la rabia a animales de compa\u00f1\u00eda de manera _gratuita_. Los equipos estar\u00e1n presentes en los Centros Vecinales de _Alto Verde y Altos de Villa Cabrera_ por la ma\u00f1ana; y en la explanada del _Concejo Deliberante_ por la tarde. La vacuna es obligatoria tanto en [&hellip;]<\/p>\n","protected":false},"author":1,"featured_media":85178,"comment_status":"closed","ping_status":"closed","sticky":false,"template":"","format":"standard","meta":[],"categories":[14],"tags":[],"_links":{"self":[{"href":"http:\/\/nuevacordoba.net\/index.php\/wp-json\/wp\/v2\/posts\/85177"}],"collection":[{"href":"http:\/\/nuevacordoba.net\/index.php\/wp-json\/wp\/v2\/posts"}],"about":[{"href":"http:\/\/nuevacordoba.net\/index.php\/wp-json\/wp\/v2\/types\/post"}],"author":[{"embeddable":true,"href":"http:\/\/nuevacordoba.net\/index.php\/wp-json\/wp\/v2\/users\/1"}],"replies":[{"embeddable":true,"href":"http:\/\/nuevacordoba.net\/index.php\/wp-json\/wp\/v2\/comments?post=85177"}],"version-history":[{"count":0,"href":"http:\/\/nuevacordoba.net\/index.php\/wp-json\/wp\/v2\/posts\/85177\/revisions"}],"wp:featuredmedia":[{"embeddable":true,"href":"http:\/\/nuevacordoba.net\/index.php\/wp-json\/wp\/v2\/media\/85178"}],"wp:attachment":[{"href":"http:\/\/nuevacordoba.net\/index.php\/wp-json\/wp\/v2\/media?parent=85177"}],"wp:term":[{"taxonomy":"category","embeddable":true,"href":"http:\/\/nuevacordoba.net\/index.php\/wp-json\/wp\/v2\/categories?post=85177"},{"taxonomy":"post_tag","embeddable":true,"href":"http:\/\/nuevacordoba.net\/index.php\/wp-json\/wp\/v2\/tags?post=85177"}],"curies":[{"name":"wp","href":"https:\/\/api.w.org\/{rel}","templated":true}]}}