{"id":85179,"date":"2026-04-29T22:38:06","date_gmt":"2026-04-29T22:38:06","guid":{"rendered":"https:\/\/cordobaoutdoor.com.ar\/?p=8056"},"modified":"2026-04-29T22:38:06","modified_gmt":"2026-04-29T22:38:06","slug":"jornada-de-vacunacion-antirrabica-en-el-concejo-deliberante-de-cordoba-por-el-dia-del-animal","status":"publish","type":"post","link":"http:\/\/nuevacordoba.net\/index.php\/2026\/04\/29\/jornada-de-vacunacion-antirrabica-en-el-concejo-deliberante-de-cordoba-por-el-dia-del-animal\/","title":{"rendered":"Jornada de vacunaci\u00f3n antirr\u00e1bica en el Concejo Deliberante de C\u00f3rdoba por el D\u00eda del Animal"},"content":{"rendered":"<p data-start=\"164\" data-end=\"475\"><span>Con motivo del D\u00eda del Animal, la Municipalidad de la ciudad de <span class=\"hover:entity-accent entity-underline inline cursor-pointer align-baseline\"><span class=\"whitespace-normal\">C\u00f3rdoba<\/span><\/span> llev\u00f3 adelante operativos de vacunaci\u00f3n antirr\u00e1bica en diferentes puntos de la capital. El mi\u00e9rcoles 29 de abril se realizaron jornadas gratuitas destinadas a perros y gatos, con atenci\u00f3n por orden de llegada.<\/span><\/p>\n<p data-start=\"477\" data-end=\"888\"><span>Uno de los puestos funcion\u00f3 en la explanada del <span class=\"hover:entity-accent entity-underline inline cursor-pointer align-baseline\"><span class=\"whitespace-normal\">Concejo Deliberante de C\u00f3rdoba<\/span><\/span>, ubicado en Intendente Ram\u00f3n B. Mestre 55, en el horario de 14:00 a 18:00. En simult\u00e1neo, durante la ma\u00f1ana, de 9:00 a 12:00, el operativo se desarroll\u00f3 en el Centro Vecinal de Alto Verde y Altos de Villa Cabrera (Los Jag\u00fceles 3197), con la participaci\u00f3n del Programa de Zoonosis dependiente de la Direcci\u00f3n de Epidemiolog\u00eda.<\/span><\/p>\n<p data-start=\"477\" data-end=\"888\"><img loading=\"lazy\" decoding=\"async\" class=\"aligncenter wp-image-8060\" src=\"http:\/\/nuevacordoba.net\/wp-content\/uploads\/2026\/04\/jornada-de-vacunacion-antirrabica-en-el-concejo-deliberante-de-cordoba-por-el-dia-del-animal.jpg\" alt width=\"590\" height=\"332\" srcset=\"http:\/\/nuevacordoba.net\/wp-content\/uploads\/2026\/04\/jornada-de-vacunacion-antirrabica-en-el-concejo-deliberante-de-cordoba-por-el-dia-del-animal.jpg 1600w, http:\/\/nuevacordoba.net\/wp-content\/uploads\/2026\/04\/jornada-de-vacunacion-antirrabica-en-el-concejo-deliberante-de-cordoba-por-el-dia-del-animal-4.jpg 300w, http:\/\/nuevacordoba.net\/wp-content\/uploads\/2026\/04\/jornada-de-vacunacion-antirrabica-en-el-concejo-deliberante-de-cordoba-por-el-dia-del-animal-5.jpg 1024w, http:\/\/nuevacordoba.net\/wp-content\/uploads\/2026\/04\/jornada-de-vacunacion-antirrabica-en-el-concejo-deliberante-de-cordoba-por-el-dia-del-animal-6.jpg 768w, http:\/\/nuevacordoba.net\/wp-content\/uploads\/2026\/04\/jornada-de-vacunacion-antirrabica-en-el-concejo-deliberante-de-cordoba-por-el-dia-del-animal-7.jpg 1536w, http:\/\/nuevacordoba.net\/wp-content\/uploads\/2026\/04\/jornada-de-vacunacion-antirrabica-en-el-concejo-deliberante-de-cordoba-por-el-dia-del-animal-8.jpg 421w\" sizes=\"(max-width: 590px) 100vw, 590px\"><\/p>\n<p data-start=\"890\" data-end=\"1173\"><span>Durante la jornada, el viceintendente <span class=\"hover:entity-accent entity-underline inline cursor-pointer align-baseline\"><span class=\"whitespace-normal\">Javier Pretto<\/span><\/span> estuvo presente en el lugar, donde destac\u00f3 la importancia de este tipo de campa\u00f1as sanitarias y remarc\u00f3 la necesidad de seguir fortaleciendo la concientizaci\u00f3n sobre el cuidado responsable de perros y gatos.<\/span><\/p>\n<p data-start=\"1175\" data-end=\"1398\"><span>Adem\u00e1s, el evento cont\u00f3 con puestos de venta de distintos productos para mascotas, como ropa, pretales, correas y diversos accesorios de pet shop.<img loading=\"lazy\" decoding=\"async\" class=\"aligncenter wp-image-8063\" src=\"http:\/\/nuevacordoba.net\/wp-content\/uploads\/2026\/04\/jornada-de-vacunacion-antirrabica-en-el-concejo-deliberante-de-cordoba-por-el-dia-del-animal-1.jpg\" alt width=\"592\" height=\"333\" srcset=\"http:\/\/nuevacordoba.net\/wp-content\/uploads\/2026\/04\/jornada-de-vacunacion-antirrabica-en-el-concejo-deliberante-de-cordoba-por-el-dia-del-animal-1.jpg 1600w, http:\/\/nuevacordoba.net\/wp-content\/uploads\/2026\/04\/jornada-de-vacunacion-antirrabica-en-el-concejo-deliberante-de-cordoba-por-el-dia-del-animal-9.jpg 300w, http:\/\/nuevacordoba.net\/wp-content\/uploads\/2026\/04\/jornada-de-vacunacion-antirrabica-en-el-concejo-deliberante-de-cordoba-por-el-dia-del-animal-10.jpg 1024w, http:\/\/nuevacordoba.net\/wp-content\/uploads\/2026\/04\/jornada-de-vacunacion-antirrabica-en-el-concejo-deliberante-de-cordoba-por-el-dia-del-animal-11.jpg 768w, http:\/\/nuevacordoba.net\/wp-content\/uploads\/2026\/04\/jornada-de-vacunacion-antirrabica-en-el-concejo-deliberante-de-cordoba-por-el-dia-del-animal-12.jpg 1536w, http:\/\/nuevacordoba.net\/wp-content\/uploads\/2026\/04\/jornada-de-vacunacion-antirrabica-en-el-concejo-deliberante-de-cordoba-por-el-dia-del-animal-13.jpg 421w\" sizes=\"auto, (max-width: 592px) 100vw, 592px\"><\/span><\/p>\n<p data-start=\"1400\" data-end=\"1865\"><span>La campa\u00f1a, impulsada tambi\u00e9n por el Ente BioC\u00f3rdoba a trav\u00e9s de su Direcci\u00f3n de Gesti\u00f3n de Fauna Dom\u00e9stica, estuvo dirigida a perros y gatos y tuvo como objetivo reforzar la prevenci\u00f3n de la rabia, una enfermedad viral que afecta el sistema nervioso central de los mam\u00edferos, incluidos los seres humanos. La transmisi\u00f3n se produce principalmente por la saliva de animales infectados, por lo que la vacunaci\u00f3n constituye la herramienta m\u00e1s efectiva para su control.<\/span><\/p>\n<p data-start=\"1400\" data-end=\"1865\"><img loading=\"lazy\" decoding=\"async\" class=\"aligncenter wp-image-8061\" src=\"http:\/\/nuevacordoba.net\/wp-content\/uploads\/2026\/04\/jornada-de-vacunacion-antirrabica-en-el-concejo-deliberante-de-cordoba-por-el-dia-del-animal-2.jpg\" alt width=\"601\" height=\"338\" srcset=\"http:\/\/nuevacordoba.net\/wp-content\/uploads\/2026\/04\/jornada-de-vacunacion-antirrabica-en-el-concejo-deliberante-de-cordoba-por-el-dia-del-animal-2.jpg 1600w, http:\/\/nuevacordoba.net\/wp-content\/uploads\/2026\/04\/jornada-de-vacunacion-antirrabica-en-el-concejo-deliberante-de-cordoba-por-el-dia-del-animal-14.jpg 300w, http:\/\/nuevacordoba.net\/wp-content\/uploads\/2026\/04\/jornada-de-vacunacion-antirrabica-en-el-concejo-deliberante-de-cordoba-por-el-dia-del-animal-15.jpg 1024w, http:\/\/nuevacordoba.net\/wp-content\/uploads\/2026\/04\/jornada-de-vacunacion-antirrabica-en-el-concejo-deliberante-de-cordoba-por-el-dia-del-animal-16.jpg 768w, http:\/\/nuevacordoba.net\/wp-content\/uploads\/2026\/04\/jornada-de-vacunacion-antirrabica-en-el-concejo-deliberante-de-cordoba-por-el-dia-del-animal-17.jpg 1536w, http:\/\/nuevacordoba.net\/wp-content\/uploads\/2026\/04\/jornada-de-vacunacion-antirrabica-en-el-concejo-deliberante-de-cordoba-por-el-dia-del-animal-18.jpg 421w\" sizes=\"auto, (max-width: 601px) 100vw, 601px\"><\/p>\n<p data-start=\"1867\" data-end=\"2033\"><span>Desde el municipio recordaron que la vacuna es obligatoria para perros y gatos a partir de los tres meses de edad, con refuerzos anuales que aseguran la inmunizaci\u00f3n.<\/span><\/p>\n<p data-start=\"2035\" data-end=\"2358\"><span>Para asistir, se solicit\u00f3 a los vecinos trasladar a los gatos en transportador, bolso de red o canil, mientras que los perros debieron llevar collar y correa. En el caso de animales de m\u00e1s de 15 kilos, fue necesario el uso de bozal. Adem\u00e1s, se recomend\u00f3 concurrir con el carnet de vacunaci\u00f3n, en caso de disponer del mismo.<\/span><\/p>\n<p data-start=\"2035\" data-end=\"2358\"><img loading=\"lazy\" decoding=\"async\" class=\"aligncenter wp-image-8062\" src=\"http:\/\/nuevacordoba.net\/wp-content\/uploads\/2026\/04\/jornada-de-vacunacion-antirrabica-en-el-concejo-deliberante-de-cordoba-por-el-dia-del-animal-3.jpg\" alt width=\"457\" height=\"448\" srcset=\"http:\/\/nuevacordoba.net\/wp-content\/uploads\/2026\/04\/jornada-de-vacunacion-antirrabica-en-el-concejo-deliberante-de-cordoba-por-el-dia-del-animal-3.jpg 1292w, http:\/\/nuevacordoba.net\/wp-content\/uploads\/2026\/04\/jornada-de-vacunacion-antirrabica-en-el-concejo-deliberante-de-cordoba-por-el-dia-del-animal-19.jpg 300w, http:\/\/nuevacordoba.net\/wp-content\/uploads\/2026\/04\/jornada-de-vacunacion-antirrabica-en-el-concejo-deliberante-de-cordoba-por-el-dia-del-animal-20.jpg 1024w, http:\/\/nuevacordoba.net\/wp-content\/uploads\/2026\/04\/jornada-de-vacunacion-antirrabica-en-el-concejo-deliberante-de-cordoba-por-el-dia-del-animal-21.jpg 768w, http:\/\/nuevacordoba.net\/wp-content\/uploads\/2026\/04\/jornada-de-vacunacion-antirrabica-en-el-concejo-deliberante-de-cordoba-por-el-dia-del-animal-22.jpg 306w\" sizes=\"auto, (max-width: 457px) 100vw, 457px\"><\/p>\n<p data-start=\"2360\" data-end=\"2539\" data-is-last-node data-is-only-node><span>La iniciativa form\u00f3 parte de una pol\u00edtica sostenida de cuidado animal y salud p\u00fablica que promueve la tenencia responsable y la prevenci\u00f3n de enfermedades zoon\u00f3ticas en la ciudad.<\/span><\/p>\n","protected":false},"excerpt":{"rendered":"<p>Con motivo del D\u00eda del Animal, la Municipalidad de la ciudad de C\u00f3rdoba llev\u00f3 adelante operativos de vacunaci\u00f3n antirr\u00e1bica en diferentes puntos de la capital. El mi\u00e9rcoles 29 de abril se realizaron jornadas gratuitas destinadas a perros y gatos, con atenci\u00f3n por orden de llegada. Uno de los puestos funcion\u00f3 en la explanada del Concejo [&hellip;]<\/p>\n","protected":false},"author":1,"featured_media":85180,"comment_status":"closed","ping_status":"closed","sticky":false,"template":"","format":"standard","meta":[],"categories":[11],"tags":[],"_links":{"self":[{"href":"http:\/\/nuevacordoba.net\/index.php\/wp-json\/wp\/v2\/posts\/85179"}],"collection":[{"href":"http:\/\/nuevacordoba.net\/index.php\/wp-json\/wp\/v2\/posts"}],"about":[{"href":"http:\/\/nuevacordoba.net\/index.php\/wp-json\/wp\/v2\/types\/post"}],"author":[{"embeddable":true,"href":"http:\/\/nuevacordoba.net\/index.php\/wp-json\/wp\/v2\/users\/1"}],"replies":[{"embeddable":true,"href":"http:\/\/nuevacordoba.net\/index.php\/wp-json\/wp\/v2\/comments?post=85179"}],"version-history":[{"count":0,"href":"http:\/\/nuevacordoba.net\/index.php\/wp-json\/wp\/v2\/posts\/85179\/revisions"}],"wp:featuredmedia":[{"embeddable":true,"href":"http:\/\/nuevacordoba.net\/index.php\/wp-json\/wp\/v2\/media\/85180"}],"wp:attachment":[{"href":"http:\/\/nuevacordoba.net\/index.php\/wp-json\/wp\/v2\/media?parent=85179"}],"wp:term":[{"taxonomy":"category","embeddable":true,"href":"http:\/\/nuevacordoba.net\/index.php\/wp-json\/wp\/v2\/categories?post=85179"},{"taxonomy":"post_tag","embeddable":true,"href":"http:\/\/nuevacordoba.net\/index.php\/wp-json\/wp\/v2\/tags?post=85179"}],"curies":[{"name":"wp","href":"https:\/\/api.w.org\/{rel}","templated":true}]}}