{"id":85255,"date":"2026-04-30T10:16:50","date_gmt":"2026-04-30T10:16:50","guid":{"rendered":"http:\/\/cordobanewsnet.wordpress.com\/?p=13904"},"modified":"2026-04-30T10:16:50","modified_gmt":"2026-04-30T10:16:50","slug":"crece-la-tension-en-correo-argentino-cordoba-ya-suma-mas-de-100-despidos","status":"publish","type":"post","link":"http:\/\/nuevacordoba.net\/index.php\/2026\/04\/30\/crece-la-tension-en-correo-argentino-cordoba-ya-suma-mas-de-100-despidos\/","title":{"rendered":"Crece la tensi\u00f3n en Correo Argentino: C\u00f3rdoba ya suma m\u00e1s de 100 despidos"},"content":{"rendered":"<h2 class=\"wp-block-heading\">Los gremios denuncian cerca de 900 despidos en todo el pa\u00eds y un fuerte impacto operativo en C\u00f3rdoba.<\/h2>\n<p class=\"wp-block-paragraph\">El&nbsp;<strong>conflicto en Correo Argentino<\/strong>&nbsp;se profundiz\u00f3 en C\u00f3rdoba tras una<strong>&nbsp;nueva ola de despidos<\/strong>&nbsp;que, seg\u00fan denunciaron trabajadores y gremios, dej\u00f3 seriamente afectado el funcionamiento de distintas \u00e1reas del servicio postal en la provincia.<\/p>\n<p class=\"wp-block-paragraph\">En di\u00e1logo con&nbsp;<a href=\"https:\/\/hoydia.com.ar\/\" target=\"_blank\" rel=\"noreferrer noopener\"><strong><em>Hoy D\u00eda C\u00f3rdoba<\/em>,<\/strong>&nbsp;<\/a>empleados describieron un&nbsp;<strong>escenario de incertidumbre<\/strong>&nbsp;frente al avance de las desvinculaciones.&nbsp;<em>\u201cNo sabemos si ma\u00f1ana vamos a trabajar, si habr\u00e1 jornada reducida, paro o directamente no abriremos\u201d,<\/em>&nbsp;se\u00f1alaron.<\/p>\n<p class=\"wp-block-paragraph\">Los trabajadores tambi\u00e9n advirtieron sobre el impacto social de la situaci\u00f3n. \u201cCientos de familias viven la angustia de no saber qu\u00e9 va a pasar ma\u00f1ana\u201d, expresaron, al tiempo que denunciaron que los despidos fueron<strong>&nbsp;\u201cindiscriminados\u201d<\/strong>&nbsp;y comenzaron a resentir la atenci\u00f3n y la operatoria del correo.<\/p>\n<p class=\"wp-block-paragraph\">Seg\u00fan indicaron, la<strong>&nbsp;sucursal central<\/strong>&nbsp;ubicada en la esquina de Col\u00f3n y General Paz qued\u00f3 con apenas tres personas para sostener tareas de atenci\u00f3n y funcionamiento general tras los \u00faltimos despidos.<\/p>\n<p class=\"wp-block-paragraph\">La situaci\u00f3n se agrav\u00f3 este mi\u00e9rcoles con la llegada de nuevos telegramas. De acuerdo con el relevamiento realizado entre trabajadores del sector, el lunes comenzaron a recibirse alrededor de<strong>&nbsp;60 notificaciones de despido<\/strong>&nbsp;en C\u00f3rdoba y durante la jornada del&nbsp;<strong>mi\u00e9rcoles se sumaron cerca de 40 m\u00e1s.<\/strong><\/p>\n<p class=\"wp-block-paragraph\">En paralelo, distintas sucursales de la provincia comenzaron a exhibir carteles con reclamos por<strong>&nbsp;\u201cparitarias libres\u201d,<\/strong>&nbsp;en medio de un conflicto salarial que se intensific\u00f3 durante abril.<\/p>\n<h2 class=\"wp-block-heading\">Denuncias gremiales<\/h2>\n<p class=\"wp-block-paragraph\">Desde la&nbsp;<em>Asociaci\u00f3n Libre de Empleados de Correos y Telecomunicaciones<\/em><strong>&nbsp;(ALECYT)<\/strong>&nbsp;y la F<em>ederaci\u00f3n de Obreros y Empleados de Correos y Telecomunicaciones<\/em>&nbsp;<strong>(FOECyT)<\/strong>&nbsp;sostuvieron que las desvinculaciones est\u00e1n relacionadas con las asambleas y medidas gremiales impulsadas por los trabajadores.<\/p>\n<p class=\"wp-block-paragraph\"><strong>Marcelo D\u00edaz<\/strong>, secretario general de ALECYT C\u00f3rdoba, afirm\u00f3 que la empresa utiliz\u00f3 la figura de&nbsp;<strong>\u201cinjuria laboral\u201d<\/strong>&nbsp;para justificar los despidos. \u201cLos han echado por hacer asambleas, por concientizar a la gente y por reclamar paritarias dignas\u201d, asegur\u00f3 el dirigente sindical.<\/p>\n<p class=\"wp-block-paragraph\">El conflicto, sin embargo, se replica en distintas provincias. Seg\u00fan datos difundidos por FOECyT, los telegramas de despido ya alcanzaron a cientos de trabajadores en todo el pa\u00eds. Inicialmente, el gremio denunci\u00f3 alrededor de 400 despidos, aunque en las \u00faltimas horas advirti\u00f3 que la cifra podr\u00eda acercarse a los 900 si contin\u00faan las desvinculaciones.<\/p>\n<p class=\"wp-block-paragraph\">Por su parte,&nbsp;<strong>Alberto Cejas<\/strong>, secretario general de FOECyT, explic\u00f3 que el conflicto comenz\u00f3 tras los reclamos de reapertura de paritarias iniciados el pasado 7 de abril.<\/p>\n<p class=\"wp-block-paragraph\">Desde la organizaci\u00f3n sindical remarcaron adem\u00e1s que un trabajador postal percibe actualmente&nbsp;<strong>salarios cercanos a los $700.000<\/strong>&nbsp;y denunciaron que no existen \u201cparitarias libres\u201d desde fines de 2024.<\/p>\n<p class=\"wp-block-paragraph\">A esto se suma, una fuerte reducci\u00f3n de personal registrada durante el \u00faltimo a\u00f1o y medio. De acuerdo con sus estimaciones, la planta de Correo Argentino pas\u00f3 de aproximadamente 18.000 empleados a unos 11.000 trabajadores a nivel nacional entre retiros voluntarios y despidos.<\/p>\n<h2 class=\"wp-block-heading\">Marcha y paro nacional<\/h2>\n<p class=\"wp-block-paragraph\">En este contexto, trabajadores del Correo Argentino concentrar\u00e1n este<strong>&nbsp;jueves 30 de abril a las 10 en la sede de ALECYT,<\/strong>&nbsp;ubicada en 9 de Julio 975, para movilizarse \u201cen defensa de los salarios, la dignidad de las familias y la reincorporaci\u00f3n de los despedidos\u201d.<\/p>\n<p class=\"wp-block-paragraph\">Adem\u00e1s, desde FOECyT confirmaron un<strong>&nbsp;paro nacional<\/strong>&nbsp;de actividades para los d\u00edas&nbsp;<strong>4 y 5 de mayo,<\/strong>&nbsp;sin asistencia a los lugares de trabajo.<\/p>\n<figure class=\"wp-block-image size-large\"><img loading=\"lazy\" data-attachment-id=\"13905\" data-permalink=\"https:\/\/cordobanewsnet.wordpress.com\/2026\/04\/30\/crece-la-tension-en-correo-argentino-cordoba-ya-suma-mas-de-100-despidos\/image-896\/\" data-orig-file=\"http:\/\/nuevacordoba.net\/wp-content\/uploads\/2026\/04\/crece-la-tension-en-correo-argentino-cordoba-ya-suma-mas-de-100-despidos-1.png\" data-orig-size=\"1000,665\" data-comments-opened=\"1\" data-image-meta=\"{&quot;aperture&quot;:&quot;0&quot;,&quot;credit&quot;:&quot;&quot;,&quot;camera&quot;:&quot;&quot;,&quot;caption&quot;:&quot;&quot;,&quot;created_timestamp&quot;:&quot;0&quot;,&quot;copyright&quot;:&quot;&quot;,&quot;focal_length&quot;:&quot;0&quot;,&quot;iso&quot;:&quot;0&quot;,&quot;shutter_speed&quot;:&quot;0&quot;,&quot;title&quot;:&quot;&quot;,&quot;orientation&quot;:&quot;0&quot;,&quot;alt&quot;:&quot;&quot;}\" data-image-title=\"image\" data-image-description data-image-caption data-large-file=\"http:\/\/nuevacordoba.net\/wp-content\/uploads\/2026\/04\/crece-la-tension-en-correo-argentino-cordoba-ya-suma-mas-de-100-despidos-1.png?w=736\" width=\"1000\" height=\"665\" src=\"http:\/\/nuevacordoba.net\/wp-content\/uploads\/2026\/04\/crece-la-tension-en-correo-argentino-cordoba-ya-suma-mas-de-100-despidos.png\" alt class=\"wp-image-13905\" srcset=\"http:\/\/nuevacordoba.net\/wp-content\/uploads\/2026\/04\/crece-la-tension-en-correo-argentino-cordoba-ya-suma-mas-de-100-despidos-1.png 1000w, http:\/\/nuevacordoba.net\/wp-content\/uploads\/2026\/04\/crece-la-tension-en-correo-argentino-cordoba-ya-suma-mas-de-100-despidos-1.png?w=150 150w, http:\/\/nuevacordoba.net\/wp-content\/uploads\/2026\/04\/crece-la-tension-en-correo-argentino-cordoba-ya-suma-mas-de-100-despidos-1.png?w=300 300w, http:\/\/nuevacordoba.net\/wp-content\/uploads\/2026\/04\/crece-la-tension-en-correo-argentino-cordoba-ya-suma-mas-de-100-despidos-1.png?w=768 768w\" sizes=\"(max-width: 1000px) 100vw, 1000px\"><\/figure>\n<p class=\"wp-block-paragraph\">Fuente : Hoy D\u00eda C\u00f3rdoba Argentina<\/p>\n<p><span id=\"wordads-inline-marker\"><\/span><\/p>\n<div id=\"jp-post-flair\" class=\"sharedaddy sd-like-enabled sd-sharing-enabled\">\n<div class=\"sharedaddy sd-sharing-enabled\">\n<div class=\"robots-nocontent sd-block sd-social sd-social-icon-text sd-sharing\">\n<h3 class=\"sd-title\">Comparte esto:<\/h3>\n<\/div>\n<\/div>\n<div class=\"sharedaddy sd-block sd-like jetpack-likes-widget-wrapper jetpack-likes-widget-unloaded\" id=\"like-post-wrapper-143108178-13904-69f3b47aee5bd\" data-src=\"\/\/widgets.wp.com\/likes\/index.html?ver=20260430#blog_id=143108178&amp;post_id=13904&amp;origin=cordobanewsnet.wordpress.com&amp;obj_id=143108178-13904-69f3b47aee5bd\" data-name=\"like-post-frame-143108178-13904-69f3b47aee5bd\" data-title=\"Me gusta o Compartir\">\n<p><span class=\"button\"><span>Me gusta<\/span><\/span> <span class=\"loading\">Cargando&#8230;<\/span><\/p>\n<p><span class=\"sd-text-color\"><\/span><\/div>\n<p><h3 class=\"jp-relatedposts-headline\"><em>Relacionado<\/em><\/h3>\n<\/p>\n<\/div>\n","protected":false},"excerpt":{"rendered":"<p>Los gremios denuncian cerca de 900 despidos en todo el pa\u00eds y un fuerte impacto operativo en C\u00f3rdoba. El&nbsp;conflicto en Correo Argentino&nbsp;se profundiz\u00f3 en C\u00f3rdoba tras una&nbsp;nueva ola de despidos&nbsp;que, seg\u00fan denunciaron trabajadores y gremios, dej\u00f3 seriamente afectado el funcionamiento de distintas \u00e1reas del servicio postal en la provincia. En di\u00e1logo con&nbsp;Hoy D\u00eda C\u00f3rdoba,&nbsp;empleados describieron [&hellip;]<\/p>\n","protected":false},"author":1,"featured_media":85256,"comment_status":"closed","ping_status":"closed","sticky":false,"template":"","format":"standard","meta":[],"categories":[14],"tags":[],"_links":{"self":[{"href":"http:\/\/nuevacordoba.net\/index.php\/wp-json\/wp\/v2\/posts\/85255"}],"collection":[{"href":"http:\/\/nuevacordoba.net\/index.php\/wp-json\/wp\/v2\/posts"}],"about":[{"href":"http:\/\/nuevacordoba.net\/index.php\/wp-json\/wp\/v2\/types\/post"}],"author":[{"embeddable":true,"href":"http:\/\/nuevacordoba.net\/index.php\/wp-json\/wp\/v2\/users\/1"}],"replies":[{"embeddable":true,"href":"http:\/\/nuevacordoba.net\/index.php\/wp-json\/wp\/v2\/comments?post=85255"}],"version-history":[{"count":0,"href":"http:\/\/nuevacordoba.net\/index.php\/wp-json\/wp\/v2\/posts\/85255\/revisions"}],"wp:featuredmedia":[{"embeddable":true,"href":"http:\/\/nuevacordoba.net\/index.php\/wp-json\/wp\/v2\/media\/85256"}],"wp:attachment":[{"href":"http:\/\/nuevacordoba.net\/index.php\/wp-json\/wp\/v2\/media?parent=85255"}],"wp:term":[{"taxonomy":"category","embeddable":true,"href":"http:\/\/nuevacordoba.net\/index.php\/wp-json\/wp\/v2\/categories?post=85255"},{"taxonomy":"post_tag","embeddable":true,"href":"http:\/\/nuevacordoba.net\/index.php\/wp-json\/wp\/v2\/tags?post=85255"}],"curies":[{"name":"wp","href":"https:\/\/api.w.org\/{rel}","templated":true}]}}