{"id":8549,"date":"2021-08-19T16:15:43","date_gmt":"2021-08-19T16:15:43","guid":{"rendered":"http:\/\/estaciontrip.com.ar\/?p=6085"},"modified":"2021-08-19T16:15:43","modified_gmt":"2021-08-19T16:15:43","slug":"cordoba-gran-finde-largo-con-80-de-ocupacion","status":"publish","type":"post","link":"http:\/\/nuevacordoba.net\/index.php\/2021\/08\/19\/cordoba-gran-finde-largo-con-80-de-ocupacion\/","title":{"rendered":"C\u00f3rdoba: gran finde largo con 80% de ocupaci\u00f3n"},"content":{"rendered":"<p><em>Algunas localidades como Villa General Belgrano y Miramar de Ansenuza, alcanzaron el 100% de camas y debieron derivar a otros destinos cercanos. El presidente de C\u00f3rdoba Turismo dijo que es fruto del esfuerzo de todos los cordobeses.<\/em><\/p>\n<p>Como en los tiempos de prepandemia, el feriado de agosto volvi\u00f3 a ser de los elegidos por los turistas para hacer escapadas: C\u00f3rdoba registra una ocupaci\u00f3n promedio del 80 por ciento en sus principales destinos tur\u00edsticos.<\/p>\n<p>Seg\u00fan los datos relevados, Villa General Belgrano y Miramar tienen un porcentaje de ocupaci\u00f3n del 100% de sus plazas disponibles. <\/p>\n<div id=\"envira-gallery-wrap-6092\" class=\"envira-gallery-wrap envira-gallery-theme-base envira-lightbox-theme-base\" itemscope itemtype=\"https:\/\/schema.org\/ImageGallery\">\n<div data-row-height data-gallery-theme id=\"envira-gallery-6092\" class=\"envira-gallery-public envira-gallery-1-columns envira-clear enviratope envira-gallery-css-animations\" data-envira-columns=\"1\">\n<div id=\"envira-gallery-item-6093\" class=\"envira-gallery-item enviratope-item envira-gallery-item-1 envira-lazy-load\" itemscope itemtype=\"https:\/\/schema.org\/ImageObject\">\n<div class=\"envira-gallery-item-inner\"><a href=\"http:\/\/nuevacordoba.net\/wp-content\/uploads\/2021\/08\/cordoba-gran-finde-largo-con-80-de-ocupacion-1.jpg\" class=\"envira-gallery-6092 envira-gallery-link\" rel=\"enviragallery6092\" title=\"238327333_10224671157718394_75064449968876428_n\" data-envira-caption=\"238327333_10224671157718394_75064449968876428_n\" data-envira-retina data-thumbnail itemprop=\"contentUrl\"><\/p>\n<div class=\"envira-lazy\" data-test-width=\"640\" data-test-height=\"480\"><img id=\"envira-gallery-image-6093\" class=\"envira-gallery-image envira-gallery-image-1\" data-envira-index=\"1\" src=\"http:\/\/nuevacordoba.net\/wp-content\/uploads\/2021\/08\/cordoba-gran-finde-largo-con-80-de-ocupacion.jpg\" data-envira-src=\"http:\/\/nuevacordoba.net\/wp-content\/uploads\/2021\/08\/cordoba-gran-finde-largo-con-80-de-ocupacion.jpg\" data-envira-gallery-id=\"6092\" data-envira-item-id=\"6093\" data-envira-caption=\"238327333_10224671157718394_75064449968876428_n\" alt title=\"238327333_10224671157718394_75064449968876428_n\" itemprop=\"thumbnailUrl\" data-envira-srcset=\"http:\/\/nuevacordoba.net\/wp-content\/uploads\/2021\/08\/cordoba-gran-finde-largo-con-80-de-ocupacion.jpg 400w,http:\/\/nuevacordoba.net\/wp-content\/uploads\/2021\/08\/cordoba-gran-finde-largo-con-80-de-ocupacion.jpg 2x\" srcset=\"data:image\/gif;base64,R0lGODlhAQABAIAAAP\/\/\/\/\/\/\/yH5BAEKAAEALAAAAAABAAEAAAICTAEAOw==\"><\/div>\n<p><\/a><\/div>\n<\/div>\n<\/div>\n<\/div>\n<p><noscript><img src=\"http:\/\/nuevacordoba.net\/wp-content\/uploads\/2021\/08\/cordoba-gran-finde-largo-con-80-de-ocupacion-1.jpg\" alt><\/noscript> <\/p>\n<p>En el <strong>Valle de Punilla<\/strong>, La Falda tiene ocupadas el 80% de sus camas; en tanto Villa Carlos Paz registra un promedio de 74%, con ocupaci\u00f3n plena en los hoteles m\u00e1s categorizados;&nbsp; mientras que Capilla del Monte llega al 81 %; La Cumbre y Valle Hermoso tienen el 90%, vi\u00e9ndose una gran cantidad una afluencia e ingreso&nbsp;important\u00edsimo de turistas tanto en Camino del Cuadrado como en la Ruta Nacional 38.<\/p>\n<p>El <strong>Valle de Calamuchita<\/strong> est\u00e1 pr\u00e1cticamente a pleno con Villa General Belgrano al 100% y derivando turistas a localidades cercanas, Santa Rosa llega al 96% de ocupaci\u00f3n, Villa Yacanto 95% y Los Reartes tiene sus plazas al 98%; Villa Rumipal est\u00e1 con el 77%, Villa Ciudad Am\u00e9rica tiene ocupaci\u00f3n del&nbsp; 80% y Embalse el 70%.,<\/p>\n<p>En el <strong>Valle de Traslasierra<\/strong>, San Javier y Yacanto registra una ocupaci\u00f3n del 78%, mientras que Mina Clavero tiene un 60%.&nbsp;<br \/>Otras de las ciudades que destacan son <strong>Ciudad de C\u00f3rdoba<\/strong> que registra un 66% de ocupaci\u00f3n, Alta Gracia con un 85 %, Jes\u00fas Mar\u00eda un 90%, con picos en los alojamientos de mayor categor\u00eda.&nbsp;<\/p>\n<div id=\"envira-gallery-wrap-6094\" class=\"envira-gallery-wrap envira-gallery-theme-base envira-lightbox-theme-base\" itemscope itemtype=\"https:\/\/schema.org\/ImageGallery\">\n<div data-row-height data-gallery-theme id=\"envira-gallery-6094\" class=\"envira-gallery-public envira-gallery-1-columns envira-clear enviratope envira-gallery-css-animations\" data-envira-columns=\"1\">\n<div id=\"envira-gallery-item-6095\" class=\"envira-gallery-item enviratope-item envira-gallery-item-1 envira-lazy-load\" itemscope itemtype=\"https:\/\/schema.org\/ImageObject\">\n<div class=\"envira-gallery-item-inner\"><a href=\"http:\/\/nuevacordoba.net\/wp-content\/uploads\/2021\/08\/cordoba-gran-finde-largo-con-80-de-ocupacion-3.jpg\" class=\"envira-gallery-6094 envira-gallery-link\" rel=\"enviragallery6094\" title=\"165704254_197511821799285_2958227776652185671_n\" data-envira-caption=\"165704254_197511821799285_2958227776652185671_n\" data-envira-retina data-thumbnail itemprop=\"contentUrl\"><\/p>\n<div class=\"envira-lazy\" data-test-width=\"640\" data-test-height=\"480\"><img id=\"envira-gallery-image-6095\" class=\"envira-gallery-image envira-gallery-image-1\" data-envira-index=\"1\" src=\"http:\/\/nuevacordoba.net\/wp-content\/uploads\/2021\/08\/cordoba-gran-finde-largo-con-80-de-ocupacion-2.jpg\" data-envira-src=\"http:\/\/nuevacordoba.net\/wp-content\/uploads\/2021\/08\/cordoba-gran-finde-largo-con-80-de-ocupacion-2.jpg\" data-envira-gallery-id=\"6094\" data-envira-item-id=\"6095\" data-envira-caption=\"165704254_197511821799285_2958227776652185671_n\" alt title=\"165704254_197511821799285_2958227776652185671_n\" itemprop=\"thumbnailUrl\" data-envira-srcset=\"http:\/\/nuevacordoba.net\/wp-content\/uploads\/2021\/08\/cordoba-gran-finde-largo-con-80-de-ocupacion-2.jpg 400w,http:\/\/nuevacordoba.net\/wp-content\/uploads\/2021\/08\/cordoba-gran-finde-largo-con-80-de-ocupacion-2.jpg 2x\" srcset=\"data:image\/gif;base64,R0lGODlhAQABAIAAAP\/\/\/\/\/\/\/yH5BAEKAAEALAAAAAABAAEAAAICTAEAOw==\"><\/div>\n<p><\/a><\/div>\n<\/div>\n<\/div>\n<\/div>\n<p><noscript><img src=\"http:\/\/nuevacordoba.net\/wp-content\/uploads\/2021\/08\/cordoba-gran-finde-largo-con-80-de-ocupacion-3.jpg\" alt><\/noscript> <\/p>\n<p>De acuerdo a estas cifras el presidente de la Agencia C\u00f3rdoba Turismo, Esteban Avil\u00e9s, destac\u00f3 que \u00abestas cifras son muy positivas para nosotros. En t\u00e9rminos generales podemos decir que los n\u00fameros que tenemos hasta hoy, en las principales localidades, no distan mucho del mismo fin de semana previo a la pandemia. Una vez m\u00e1s nos eligen miles de turistas para disfrutar de nuestros paisajes, de nuestra naturaleza y de nuestra gastronom\u00eda. Hemos trabajado mucho, el sector p\u00fablico y privado para tener estos resultados. Esto es fruto de un esfuerzo de todos los cordobeses\u201d.<\/p>\n","protected":false},"excerpt":{"rendered":"<p>Algunas localidades como Villa General Belgrano y Miramar de Ansenuza, alcanzaron el 100% de camas y debieron derivar a otros destinos cercanos. El presidente de C\u00f3rdoba Turismo dijo que es fruto del esfuerzo de todos los cordobeses. Como en los tiempos de prepandemia, el feriado de agosto volvi\u00f3 a ser de los elegidos por los [&hellip;]<\/p>\n","protected":false},"author":1,"featured_media":8550,"comment_status":"closed","ping_status":"closed","sticky":false,"template":"","format":"standard","meta":[],"categories":[11],"tags":[],"_links":{"self":[{"href":"http:\/\/nuevacordoba.net\/index.php\/wp-json\/wp\/v2\/posts\/8549"}],"collection":[{"href":"http:\/\/nuevacordoba.net\/index.php\/wp-json\/wp\/v2\/posts"}],"about":[{"href":"http:\/\/nuevacordoba.net\/index.php\/wp-json\/wp\/v2\/types\/post"}],"author":[{"embeddable":true,"href":"http:\/\/nuevacordoba.net\/index.php\/wp-json\/wp\/v2\/users\/1"}],"replies":[{"embeddable":true,"href":"http:\/\/nuevacordoba.net\/index.php\/wp-json\/wp\/v2\/comments?post=8549"}],"version-history":[{"count":0,"href":"http:\/\/nuevacordoba.net\/index.php\/wp-json\/wp\/v2\/posts\/8549\/revisions"}],"wp:featuredmedia":[{"embeddable":true,"href":"http:\/\/nuevacordoba.net\/index.php\/wp-json\/wp\/v2\/media\/8550"}],"wp:attachment":[{"href":"http:\/\/nuevacordoba.net\/index.php\/wp-json\/wp\/v2\/media?parent=8549"}],"wp:term":[{"taxonomy":"category","embeddable":true,"href":"http:\/\/nuevacordoba.net\/index.php\/wp-json\/wp\/v2\/categories?post=8549"},{"taxonomy":"post_tag","embeddable":true,"href":"http:\/\/nuevacordoba.net\/index.php\/wp-json\/wp\/v2\/tags?post=8549"}],"curies":[{"name":"wp","href":"https:\/\/api.w.org\/{rel}","templated":true}]}}