{"id":8551,"date":"2021-08-19T16:57:42","date_gmt":"2021-08-19T16:57:42","guid":{"rendered":"http:\/\/nuevacordoba.net\/index.php\/2021\/08\/19\/venturin-de-la-fernandez-fierro-a-la-adversidad-le-tiramos-nuestra-terquedad-y-asi-vamos-yendo\/"},"modified":"2021-08-19T16:57:42","modified_gmt":"2021-08-19T16:57:42","slug":"venturin-de-la-fernandez-fierro-a-la-adversidad-le-tiramos-nuestra-terquedad-y-asi-vamos-yendo","status":"publish","type":"post","link":"http:\/\/nuevacordoba.net\/index.php\/2021\/08\/19\/venturin-de-la-fernandez-fierro-a-la-adversidad-le-tiramos-nuestra-terquedad-y-asi-vamos-yendo\/","title":{"rendered":"Ventur\u00edn, de la Fern\u00e1ndez Fierro: \u00abA la adversidad le tiramos nuestra terquedad, y as\u00ed vamos yendo\u00bb"},"content":{"rendered":"<div class=\"image\" id=\"image\" readability=\"11\"> <img src=\"http:\/\/nuevacordoba.net\/wp-content\/uploads\/2021\/08\/venturin-de-la-fernandez-fierro-a-la-adversidad-le-tiramos-nuestra-terquedad-y-asi-vamos-yendo.jpg\" alt=\"&quot;En silencio&quot;, &quot;Desierto&quot;, &quot;Comez\u00f3n&quot; &quot;Infierno porte\u00f1o&quot; y &quot;Ya fue&quot;, fueron algunos de los temas que Lagos cant\u00f3 empujada por una orquesta avasallante.Foto: Ramiro G\u00f3mez\" title=\"&quot;En silencio&quot;, &quot;Desierto&quot;, &quot;Comez\u00f3n&quot; &quot;Infierno porte\u00f1o&quot; y &quot;Ya fue&quot;, fueron algunos de los temas que Lagos cant\u00f3 empujada por una orquesta avasallante.Foto: Ramiro G\u00f3mez\"><\/p>\n<p>\u00abEn silencio\u00bb, \u00abDesierto\u00bb, \u00abComez\u00f3n\u00bb \u00abInfierno porte\u00f1o\u00bb y \u00abYa fue\u00bb, fueron algunos de los temas que Lagos cant\u00f3 empujada por una orquesta avasallante.Foto: Ramiro G\u00f3mez<\/p>\n<\/div>\n<p>&nbsp;La Fern\u00e1ndez Fierro, orquesta que se encuentra festejando sus 20 a\u00f1os de historia en el camino de la independencia art\u00edstica y se convirti\u00f3 en uno de los grandes referentes del tango actual, retom\u00f3 su cl\u00e1sico ciclo en su propia sala, el Caff, una experiencia que seg\u00fan cont\u00f3 a T\u00e9lam Yuri Ventur\u00edn \u2013director musical del grupo- los hace sentir \u00abvivos\u00bb de vuelta y \u00abcon ganas de seguir adelante\u00bb.<\/p>\n<p>Luego de realizar dos shows en el teatro Broadway, la poderosa agrupaci\u00f3n ofreci\u00f3 en la noche del mi\u00e9rcoles el segundo concierto de su ciclo de los mi\u00e9rcoles en el Club Fern\u00e1ndez Fierro, del barrio porte\u00f1o del Abasto, donde despleg\u00f3 todo su arsenal sonoro en el marco de un clima cargado de emoci\u00f3n, alegr\u00eda y cierta nostalgia.<\/p>\n<p><strong>\u00abVamos a dedicar toda esta presentaci\u00f3n a un gran artista; la orquesta no hubiera sido lo que es sin todo lo que aport\u00f3 a nuestra formaci\u00f3n musical: le dedicamos este show a Pil Trafa\u00bb<\/strong>, dijo al iniciar el show Yuri Ventur\u00edn, contrabajista y fundador de la formaci\u00f3n tanguera, en alusi\u00f3n al l\u00edder de la seminal banda de punk argentina Los Violadores, quien falleci\u00f3 a los 62 a\u00f1os el viernes pasado en Lima, Per\u00fa.<\/p>\n<p>Esas sentidas palabras marcaron de alg\u00fan modo el pulso de lo que ven\u00eda: un concierto aguerrido, denso e imponente desde lo musical y lo visual, en el que la Fierro \u2013integrada por 12 m\u00fasicos- toc\u00f3 con sentimiento y una energ\u00eda contagiosa 18 breves composiciones en poco m\u00e1s de una hora.<\/p>\n<blockquote readability=\"6\">\n<p>\u00abEl momento es muy feo para todos y tratamos de manejarlo como se puede. Pero a la adversidad le tiramos nuestra terquedad. Y as\u00ed vamos yendo\u00bb<span class=\"comilla\">\u201d<\/span><\/p>\n<p><span>Yuri Ventur\u00edn<\/span><\/p>\n<\/blockquote>\n<p><strong>La cantora Natalia Lagos<\/strong>, quien se incorpor\u00f3 al grupo en marzo de 2019 en reemplazo de Julieta Laso, se luci\u00f3 con una gran interpretaci\u00f3n, en una noche plagada de m\u00fasica, silencios y aplausos; marcada por el significado que tiene para la Fern\u00e1ndez Fierro el hecho de volver a tocar contando con la complicidad del p\u00fablico tras una pausa de un a\u00f1o y medio, por la celebraci\u00f3n de un nuevo aniversario y por la partida de Pil, amigo de la agrupaci\u00f3n tanguera.<\/p>\n<p>\u00abEl momento es muy feo para todos y tratamos de manejarlo como se puede. Pero a la adversidad le tiramos nuestra terquedad. Y as\u00ed vamos yendo\u00bb, expres\u00f3 en charla con T\u00e9lam Ventur\u00edn, con el mismo particular magnetismo que irradia desde el escenario, tocando y dirigiendo.<\/p>\n<div class=\"image\" id=\"image\" readability=\"8\"> <img src=\"http:\/\/nuevacordoba.net\/wp-content\/uploads\/2021\/08\/venturin-de-la-fernandez-fierro-a-la-adversidad-le-tiramos-nuestra-terquedad-y-asi-vamos-yendo-1.jpg\" alt=\"Uno de los grandes momentos del show lleg\u00f3 de la mano de piezas como &quot;Demolici\u00f3n&quot;. Foto: Ramiro G\u00f3mez\" title=\"Uno de los grandes momentos del show lleg\u00f3 de la mano de piezas como &quot;Demolici\u00f3n&quot;. Foto: Ramiro G\u00f3mez\"><\/p>\n<p>Uno de los grandes momentos del show lleg\u00f3 de la mano de piezas como \u00abDemolici\u00f3n\u00bb. Foto: Ramiro G\u00f3mez<\/p>\n<\/div>\n<p>\u00abEn silencio\u00bb, \u00abDesierto\u00bb, \u00abComez\u00f3n\u00bb \u00abInfierno porte\u00f1o\u00bb y \u00abYa fue\u00bb, fueron algunos de los temas que Lagos cant\u00f3 empujada por una orquesta avasallante, densa y oscura, que juega desde lo r\u00edtmico y el contraste t\u00edmbrico entre los instrumentos \u2013fila de bandoneones, cuerdas, piano y contrabajo-, todo a partir de una est\u00e9tica rockera y un lenguaje moderno y \u00e1spero.<\/p>\n<p>Uno de los grandes momentos del show lleg\u00f3 de la mano de piezas como \u00abDemolici\u00f3n\u00bb, que Ventur\u00edn present\u00f3 como una canci\u00f3n de amor, \u00abde cuando el amor se cae a pedazos\u00bb, a la que le sigui\u00f3 la infaltable y cruda \u00ab6:25\u00bb, de la cantautora Cintia Trigo.<\/p>\n<p>Tambi\u00e9n se destac\u00f3 \u00abMilongu\u00e9tica\u00bb, un tango de Alfredo Tape Rub\u00edn dedicado a Buenos Aires, \u00abque habla de la locura, de la desigualdad de esta ciudad\u00bb, describi\u00f3 el contrabajista en otro pasaje del show.<\/p>\n<p>La imponente puesta de luces potenci\u00f3 la belleza que se ve\u00eda en el escenario, en una especie de coreograf\u00eda que se armaba entre la gestualidad de los bandoneonistas y los movimientos de los violinistas.<\/p>\n<p><strong>\u00abDec\u00eda Troilo que el tango te espera, les agradecemos a ustedes por no esperar y salir a buscarlo\u00bb<\/strong>, dijo Ventur\u00edn en otro momento del recital en el que la Fern\u00e1ndez Fierro, que empez\u00f3 tocando en las calles de San Telmo y tom\u00f3 el sonido de la orquesta de Pugliese como punto de partida, volvi\u00f3 a demostrar su capacidad de reinventarse, de encarar al tango desde una propuesta original, que si bien coquetea con otros estilos, tiene el coraz\u00f3n y el pulso en la m\u00fasica de Buenos Aires.<\/p>\n<p>Acerca de lo que representa para el grupo retomar este ciclo tradicional de conciertos, que anoche se realiz\u00f3 a sala llena, cumpliendo con el aforo y los protocolos correspondiente, Yuri Ventur\u00edn enfatiz\u00f3: \u00abVolver a tocar en nuestra propia sala, el Caff, nos llen\u00f3 de energ\u00eda. Nos hizo sentir vivos, vivos de vuelta, y con ganas de seguir adelante\u00bb.<\/p>\n<div class=\"image\" id=\"image\" readability=\"9\"> <img src=\"http:\/\/nuevacordoba.net\/wp-content\/uploads\/2021\/08\/venturin-de-la-fernandez-fierro-a-la-adversidad-le-tiramos-nuestra-terquedad-y-asi-vamos-yendo-2.jpg\" alt=\"La orquesta ofreci\u00f3 un concierto aguerrido, denso e imponente desde lo musical y lo visual. Foto: Ramiro G\u00f3mez\" title=\"La orquesta ofreci\u00f3 un concierto aguerrido, denso e imponente desde lo musical y lo visual. Foto: Ramiro G\u00f3mez\"><\/p>\n<p>La orquesta ofreci\u00f3 un concierto aguerrido, denso e imponente desde lo musical y lo visual. Foto: Ramiro G\u00f3mez<\/p>\n<\/div>\n<p><strong>\u00abLa m\u00fasica es todo para nosotros\u00bb<\/strong>, manifest\u00f3, como para dimensionar cu\u00e1nto significa para la Fern\u00e1ndez Fierro volver a estar frente al p\u00fablico, en tanto que adelant\u00f3 que la orquesta est\u00e1 preparando el material para el pr\u00f3ximo \u00e1lbum que grabar\u00e1n el pr\u00f3ximo a\u00f1o: \u00abOjal\u00e1 podamos\u00bb, se esperanz\u00f3. <\/p>\n","protected":false},"excerpt":{"rendered":"<p>\u00abEn silencio\u00bb, \u00abDesierto\u00bb, \u00abComez\u00f3n\u00bb \u00abInfierno porte\u00f1o\u00bb y \u00abYa fue\u00bb, fueron algunos de los temas que Lagos cant\u00f3 empujada por una orquesta avasallante.Foto: Ramiro G\u00f3mez &nbsp;La Fern\u00e1ndez Fierro, orquesta que se encuentra festejando sus 20 a\u00f1os de historia en el camino de la independencia art\u00edstica y se convirti\u00f3 en uno de los grandes referentes del tango [&hellip;]<\/p>\n","protected":false},"author":1,"featured_media":8552,"comment_status":"closed","ping_status":"closed","sticky":false,"template":"","format":"standard","meta":[],"categories":[9],"tags":[],"_links":{"self":[{"href":"http:\/\/nuevacordoba.net\/index.php\/wp-json\/wp\/v2\/posts\/8551"}],"collection":[{"href":"http:\/\/nuevacordoba.net\/index.php\/wp-json\/wp\/v2\/posts"}],"about":[{"href":"http:\/\/nuevacordoba.net\/index.php\/wp-json\/wp\/v2\/types\/post"}],"author":[{"embeddable":true,"href":"http:\/\/nuevacordoba.net\/index.php\/wp-json\/wp\/v2\/users\/1"}],"replies":[{"embeddable":true,"href":"http:\/\/nuevacordoba.net\/index.php\/wp-json\/wp\/v2\/comments?post=8551"}],"version-history":[{"count":0,"href":"http:\/\/nuevacordoba.net\/index.php\/wp-json\/wp\/v2\/posts\/8551\/revisions"}],"wp:featuredmedia":[{"embeddable":true,"href":"http:\/\/nuevacordoba.net\/index.php\/wp-json\/wp\/v2\/media\/8552"}],"wp:attachment":[{"href":"http:\/\/nuevacordoba.net\/index.php\/wp-json\/wp\/v2\/media?parent=8551"}],"wp:term":[{"taxonomy":"category","embeddable":true,"href":"http:\/\/nuevacordoba.net\/index.php\/wp-json\/wp\/v2\/categories?post=8551"},{"taxonomy":"post_tag","embeddable":true,"href":"http:\/\/nuevacordoba.net\/index.php\/wp-json\/wp\/v2\/tags?post=8551"}],"curies":[{"name":"wp","href":"https:\/\/api.w.org\/{rel}","templated":true}]}}