{"id":8553,"date":"2021-08-19T14:38:29","date_gmt":"2021-08-19T14:38:29","guid":{"rendered":"http:\/\/cordobanewsnet.wordpress.com\/?p=6083"},"modified":"2021-08-19T14:38:29","modified_gmt":"2021-08-19T14:38:29","slug":"incendios-en-las-sierras-preocupacion-por-fuertes-vientos","status":"publish","type":"post","link":"http:\/\/nuevacordoba.net\/index.php\/2021\/08\/19\/incendios-en-las-sierras-preocupacion-por-fuertes-vientos\/","title":{"rendered":"Incendios en las sierras: preocupaci\u00f3n por fuertes vientos"},"content":{"rendered":"<p><!-- \/featured-media --> <\/p>\n<div class=\"post-content clear\" readability=\"52.252116650988\">\n<p>Los&nbsp;incendios forestales&nbsp;se convirtieron una verdadera preocupaci\u00f3n para las autoridades cordobesas durante este mi\u00e9rcoles. La jornada tuvo temperaturas por encima de los 34 grados con viento norte, lo cual complic\u00f3 mucho el trabajo de los agentes.<\/p>\n<p>Por el momento&nbsp;<strong>hay cuatro focos activos en las sierras de C\u00f3rdoba&nbsp;<\/strong>y todos esperan una ayuda climatol\u00f3gica para colaborar con los bomberos. Sin embargo,&nbsp;<strong>el pron\u00f3stico no resulta esperanzador para este jueves<\/strong>.<\/p>\n<p>Durante las primeras horas de la madrugada&nbsp;<strong>se prev\u00e9 que el viento rote hacia el sector sur<\/strong>.&nbsp;En la jornada se mantendr\u00e1 la circulaci\u00f3n de regular a fuerte intensidad, con r\u00e1fagas de hasta 70 kil\u00f3metros por hora.<\/p>\n<p>Adem\u00e1s, el escenario seco se afianzar\u00e1 y&nbsp;<strong>no se esperan lluvias durante todo el d\u00eda. Inclusive podr\u00eda presentarse como tormenta seca, con elevaci\u00f3n de polvillo y tierra<\/strong>. La rotaci\u00f3n del viento har\u00e1 que las m\u00e1ximas desciendan a comparaci\u00f3n del mi\u00e9rcoles, con registros de entre 22 y 25 grados.&nbsp;<\/p>\n<div id=\"jp-post-flair\" class=\"sharedaddy sd-like-enabled sd-sharing-enabled\">\n<div class=\"sharedaddy sd-sharing-enabled\">\n<div class=\"robots-nocontent sd-block sd-social sd-social-icon-text sd-sharing\">\n<h3 class=\"sd-title\">Share this:<\/h3>\n<\/div>\n<\/div>\n<div class=\"sharedaddy sd-block sd-like jetpack-likes-widget-wrapper jetpack-likes-widget-unloaded\" id=\"like-post-wrapper-143108178-6083-611eb3789fa06\" data-src=\"\/\/widgets.wp.com\/likes\/index.html?ver=20210818#blog_id=143108178&amp;post_id=6083&amp;origin=cordobanewsnet.wordpress.com&amp;obj_id=143108178-6083-611eb3789fa06\" data-name=\"like-post-frame-143108178-6083-611eb3789fa06\" data-title=\"Me gusta o Compartir\">\n<h3 class=\"sd-title\">Me gusta esto:<\/h3>\n<p><span class=\"button\"><span>Me gusta<\/span><\/span> <span class=\"loading\">Cargando&#8230;<\/span><\/p>\n<p><span class=\"sd-text-color\"><\/span><\/div>\n<p><h3 class=\"jp-relatedposts-headline\"><em>Relacionado<\/em><\/h3>\n<\/p>\n<\/div><\/div>\n<p><!--\/.post-content--> <\/p>\n<footer class=\"post-meta-container clear\" readability=\"0.40361445783133\">\n<div class=\"entry-author author-avatar-show\" readability=\"13.114754098361\">\n<div class=\"author-avatar\"> <img loading=\"lazy\" alt src=\"http:\/\/nuevacordoba.net\/wp-content\/uploads\/2021\/08\/incendios-en-las-sierras-preocupacion-por-fuertes-vientos.png\" class=\"avatar avatar-90\" height=\"90\" width=\"90\"> <\/div>\n<p><!-- .author-avatar --> <\/p>\n<p><h2 class=\"author-title\">Publicado por <span class=\"author-name\">Redacci\u00f3n<\/span><\/h2>\n<\/p>\n<p><!-- .author-heading --> <\/p>\n<p class=\"author-bio\"> <a class=\"author-link\" href=\"https:\/\/cordobanewsnet.wordpress.com\/author\/prettomatias\/\" rel=\"author\"> Ver todas las entradas de Redacci\u00f3n <\/a> <\/p>\n<p><!-- .author-bio --> <\/div>\n<p><!-- .entry-auhtor --> <\/footer>\n<p> <!-- \/post-meta-container --> <!-- #respond --> <\/p>\n","protected":false},"excerpt":{"rendered":"<p>Los&nbsp;incendios forestales&nbsp;se convirtieron una verdadera preocupaci\u00f3n para las autoridades cordobesas durante este mi\u00e9rcoles. La jornada tuvo temperaturas por encima de los 34 grados con viento norte, lo cual complic\u00f3 mucho el trabajo de los agentes. Por el momento&nbsp;hay cuatro focos activos en las sierras de C\u00f3rdoba&nbsp;y todos esperan una ayuda climatol\u00f3gica para colaborar con los [&hellip;]<\/p>\n","protected":false},"author":1,"featured_media":8554,"comment_status":"closed","ping_status":"closed","sticky":false,"template":"","format":"standard","meta":[],"categories":[14],"tags":[],"_links":{"self":[{"href":"http:\/\/nuevacordoba.net\/index.php\/wp-json\/wp\/v2\/posts\/8553"}],"collection":[{"href":"http:\/\/nuevacordoba.net\/index.php\/wp-json\/wp\/v2\/posts"}],"about":[{"href":"http:\/\/nuevacordoba.net\/index.php\/wp-json\/wp\/v2\/types\/post"}],"author":[{"embeddable":true,"href":"http:\/\/nuevacordoba.net\/index.php\/wp-json\/wp\/v2\/users\/1"}],"replies":[{"embeddable":true,"href":"http:\/\/nuevacordoba.net\/index.php\/wp-json\/wp\/v2\/comments?post=8553"}],"version-history":[{"count":0,"href":"http:\/\/nuevacordoba.net\/index.php\/wp-json\/wp\/v2\/posts\/8553\/revisions"}],"wp:featuredmedia":[{"embeddable":true,"href":"http:\/\/nuevacordoba.net\/index.php\/wp-json\/wp\/v2\/media\/8554"}],"wp:attachment":[{"href":"http:\/\/nuevacordoba.net\/index.php\/wp-json\/wp\/v2\/media?parent=8553"}],"wp:term":[{"taxonomy":"category","embeddable":true,"href":"http:\/\/nuevacordoba.net\/index.php\/wp-json\/wp\/v2\/categories?post=8553"},{"taxonomy":"post_tag","embeddable":true,"href":"http:\/\/nuevacordoba.net\/index.php\/wp-json\/wp\/v2\/tags?post=8553"}],"curies":[{"name":"wp","href":"https:\/\/api.w.org\/{rel}","templated":true}]}}