{"id":867,"date":"2021-02-11T14:55:55","date_gmt":"2021-02-11T14:55:55","guid":{"rendered":"http:\/\/nuevacordoba.net\/index.php\/2021\/02\/11\/el-titular-del-comite-tokio-2020-renuncio-luego-de-sus-comentarios-sexistas\/"},"modified":"2021-02-11T14:55:55","modified_gmt":"2021-02-11T14:55:55","slug":"el-titular-del-comite-tokio-2020-renuncio-luego-de-sus-comentarios-sexistas","status":"publish","type":"post","link":"http:\/\/nuevacordoba.net\/index.php\/2021\/02\/11\/el-titular-del-comite-tokio-2020-renuncio-luego-de-sus-comentarios-sexistas\/","title":{"rendered":"El titular del Comit\u00e9 Tokio 2020 renunci\u00f3 luego de sus comentarios sexistas"},"content":{"rendered":"<div class=\"image\" id=\"image\" readability=\"7\"> <img src=\"http:\/\/nuevacordoba.net\/wp-content\/uploads\/2021\/02\/el-titular-del-comite-tokio-2020-renuncio-luego-de-sus-comentarios-sexistas.jpg\" alt=\"La salida de Mori podr\u00eda hacerse oficial el viernes\" title=\"La salida de Mori podr\u00eda hacerse oficial el viernes\"><\/p>\n<p>La salida de Mori podr\u00eda hacerse oficial el viernes<\/p>\n<\/div>\n<p>El presidente del comit\u00e9 organizador de los Juegos Ol\u00edmpicos de Tokio 2020, reprogramados para el 24 de julio y hasta el 8 de agosto de este a\u00f1o, Yoshiro Mori, present\u00f3 este jueves su renuncia al cargo tras la pol\u00e9mica generada por sus cr\u00edticas a la presencia de mujeres en las reuniones de la organizaci\u00f3n.<\/p>\n<p>En ese sentido, seg\u00fan inform\u00f3 la cadena estatal NHK, Mori, de 83 a\u00f1os, hizo p\u00fablica su decisi\u00f3n de \u00abrenunciar al cargo\u00bb a personas pr\u00f3ximas a la organizaci\u00f3n, luego de las cr\u00edticas que recibi\u00f3 desde que saliera a la luz su intervenci\u00f3n realizada la semana pasada.<\/p>\n<p>El que fuera primer ministro nip\u00f3n, se pronunci\u00f3 sobre los supuestos inconvenientes que representa la presencia de mujeres en reuniones durante una junta del Comit\u00e9 Ol\u00edmpico de Jap\u00f3n, comentarios que causaron una catarata de protestas del mundo de la pol\u00edtica y del deporte tanto dentro como fuera de Jap\u00f3n, destac\u00f3 el diario catal\u00e1n Mundo Deportivo.<\/p>\n<blockquote readability=\"8\">\n<p>Entre las cr\u00edticas a Mor\u00ed por sus dichos se destacan las del Comit\u00e9 Ol\u00edmpico Internacional (COI), que calific\u00f3 los comentarios de \u00ababsolutamente inapropiados\u00bb y \u00aben contradicci\u00f3n\u00bb con la pol\u00edtica del este organismo<span class=\"comilla\">\u201d<\/span><\/p>\n<\/blockquote>\n<p>La salida de Mori, hasta ahora al frente de Tokio 2020, podr\u00eda hacerse oficial el viernes durante la reuni\u00f3n de la junta directiva que est\u00e1 programada con los consejeros del Comit\u00e9 organizador para evaluar los alcances de la pol\u00e9mica generada por sus palabras y sus posibles consecuencias.<\/p>\n<p>\u00abSent\u00ed a alguien decir que si aumentamos el n\u00famero de mujeres en la junta tenemos que regular el turno de palabra de alg\u00fan modo o si no, no terminaremos nunca\u00bb, dijo Mori durante la reuni\u00f3n de la semana pasada al ser consultado sobre los planes del Comit\u00e9 Ol\u00edmpico de Jap\u00f3n de aumentar el n\u00famero de mujeres miembros del 20 al 40%.<\/p>\n<p>Mori, tambi\u00e9n aludi\u00f3 al \u00abgran sentido de la rivalidad\u00bb de las mujeres, y debi\u00f3 comparecer ante los medios al d\u00eda siguiente de estallar la pol\u00e9mica para pedir disculpas y abog\u00f3 por permanecer en el cargo, pero eso no bast\u00f3 para acallar las cr\u00edticas en su contra.<\/p>\n<blockquote readability=\"6\">\n<p>Las palabras de Mori tambi\u00e9n han motivado la retirada de centenares de voluntarios nipones que estaban registrados para ayudar en la organizaci\u00f3n de los Juegos<span class=\"comilla\">\u201d<\/span><\/p>\n<\/blockquote>\n<p>Entre las cr\u00edticas a Mor\u00ed por sus dichos se destacan las del Comit\u00e9 Ol\u00edmpico Internacional (COI), que calific\u00f3 los comentarios de \u00ababsolutamente inapropiados\u00bb y \u00aben contradicci\u00f3n\u00bb con la pol\u00edtica del este organismo, en un comunicado.<\/p>\n<p>Las palabras de Mori tambi\u00e9n han motivado la retirada de centenares de voluntarios nipones que estaban registrados para ayudar en la organizaci\u00f3n de los Juegos y de corredores que iban a participar en el relevo de la antorcha de la llama ol\u00edmpica en Jap\u00f3n, cuyo recorrido est\u00e1 previsto para finales de marzo.<\/p>\n<p>El favorito para suceder a Mori es el exseleccionador nacional de f\u00fatbol de Jap\u00f3n y exjugador de la selecci\u00f3n nipona Saburo Kawabuchi, quien ocupa actualmente el cargo de consejero del Comit\u00e9 organizador y de responsable de la Villa Ol\u00edmpica de Tokio, seg\u00fan inform\u00f3 la cadena estatal NHK. <\/p>\n","protected":false},"excerpt":{"rendered":"<p>La salida de Mori podr\u00eda hacerse oficial el viernes El presidente del comit\u00e9 organizador de los Juegos Ol\u00edmpicos de Tokio 2020, reprogramados para el 24 de julio y hasta el 8 de agosto de este a\u00f1o, Yoshiro Mori, present\u00f3 este jueves su renuncia al cargo tras la pol\u00e9mica generada por sus cr\u00edticas a la presencia [&hellip;]<\/p>\n","protected":false},"author":1,"featured_media":868,"comment_status":"closed","ping_status":"closed","sticky":false,"template":"","format":"standard","meta":[],"categories":[10],"tags":[],"_links":{"self":[{"href":"http:\/\/nuevacordoba.net\/index.php\/wp-json\/wp\/v2\/posts\/867"}],"collection":[{"href":"http:\/\/nuevacordoba.net\/index.php\/wp-json\/wp\/v2\/posts"}],"about":[{"href":"http:\/\/nuevacordoba.net\/index.php\/wp-json\/wp\/v2\/types\/post"}],"author":[{"embeddable":true,"href":"http:\/\/nuevacordoba.net\/index.php\/wp-json\/wp\/v2\/users\/1"}],"replies":[{"embeddable":true,"href":"http:\/\/nuevacordoba.net\/index.php\/wp-json\/wp\/v2\/comments?post=867"}],"version-history":[{"count":0,"href":"http:\/\/nuevacordoba.net\/index.php\/wp-json\/wp\/v2\/posts\/867\/revisions"}],"wp:featuredmedia":[{"embeddable":true,"href":"http:\/\/nuevacordoba.net\/index.php\/wp-json\/wp\/v2\/media\/868"}],"wp:attachment":[{"href":"http:\/\/nuevacordoba.net\/index.php\/wp-json\/wp\/v2\/media?parent=867"}],"wp:term":[{"taxonomy":"category","embeddable":true,"href":"http:\/\/nuevacordoba.net\/index.php\/wp-json\/wp\/v2\/categories?post=867"},{"taxonomy":"post_tag","embeddable":true,"href":"http:\/\/nuevacordoba.net\/index.php\/wp-json\/wp\/v2\/tags?post=867"}],"curies":[{"name":"wp","href":"https:\/\/api.w.org\/{rel}","templated":true}]}}