{"id":8701,"date":"2021-08-22T21:57:26","date_gmt":"2021-08-22T21:57:26","guid":{"rendered":"https:\/\/prensa.cba.gov.ar\/?p=463640"},"modified":"2021-08-22T21:57:26","modified_gmt":"2021-08-22T21:57:26","slug":"desde-el-atelier-los-artistas-plasticos-muestran-sus-obras","status":"publish","type":"post","link":"http:\/\/nuevacordoba.net\/index.php\/2021\/08\/22\/desde-el-atelier-los-artistas-plasticos-muestran-sus-obras\/","title":{"rendered":"Desde el atelier, los artistas pl\u00e1sticos muestran sus obras"},"content":{"rendered":"<ul>\n<li><strong>Los creadores locales abren las puertas de sus talleres e invitan a pasar a quienes quieran saber sobre trabajo.<\/strong><\/li>\n<li><strong>Todos los mi\u00e9rcoles, a las 21, por los canales digitales de Cultura.Cba. <\/strong><\/li>\n<\/ul>\n<p>\u00ab<strong>Desde el atelier de<\/strong>\u00bb es un ciclo de la Agencia C\u00f3rdoba Cultura que propone un acercamiento a los artistas pl\u00e1sticos locales en el contexto donde producen sus obras.<\/p>\n<p>El material se emite los mi\u00e9rcoles, a las 21, a trav\u00e9s de las redes sociales Youtube CulturaCBA y&nbsp;<a href=\"http:\/\/facebook.com\/cba.cultura\" target=\"_blank\" rel=\"noreferrer noopener\">Facebook.com\/cba.cultura<\/a><\/p>\n<p>De este modo, los referentes de las artes pl\u00e1sticas se suman a la agenda de alternativas culturales, donde se revaloriza la virtualidad como canal de contacto con el p\u00fablico. El ciclo ahonda en la trayectoria de los artistas, con testimonios sobre su obra y sus b\u00fasquedas expresivas<\/p>\n<figure class=\"wp-block-image size-large\"><img loading=\"lazy\" width=\"993\" height=\"660\" src=\"http:\/\/nuevacordoba.net\/wp-content\/uploads\/2021\/08\/desde-el-atelier-los-artistas-plasticos-muestran-sus-obras.jpg\" alt class=\"wp-image-463641\"><figcaption>Detalle obra de Dante Montich<\/figcaption><\/figure>\n<h3><strong>Talento cordob\u00e9s<\/strong><\/h3>\n<p>Artistas residentes en C\u00f3rdoba de la talla de Dante Montich, Fabio Egea, Mario Sanzano, Alejandro Niz, Nancy de la Colina, In\u00e9s Darwich, Trinidad Caminos, Ricardo Vargas, Daniela C\u00f3rdoba, Jorge Cuello, Magdalena Audap Soubie, Sol Halabi y Candelaria Silvestro, entre otros, abrieron las puertas de sus lugares de trabajo pero tambi\u00e9n de sus vidas y compartiendo con la comunidad sus vivencias y testimonios en torno al arte y sus vivencias profesionales y cotidianas.<\/p>\n<figure class=\"wp-block-image size-large\"><img loading=\"lazy\" width=\"993\" height=\"660\" src=\"http:\/\/nuevacordoba.net\/wp-content\/uploads\/2021\/08\/desde-el-atelier-los-artistas-plasticos-muestran-sus-obras-1.jpg\" alt class=\"wp-image-463645\"><figcaption>Detalle obra Trinidad Caminos<\/figcaption><\/figure>\n<p>La mayor\u00eda de los participantes han expuesto en numerosos espacios privados y p\u00fablicos (como en los distintos museos de la provincia).<\/p>\n<figure class=\"wp-block-image size-large\"><img loading=\"lazy\" width=\"993\" height=\"660\" src=\"http:\/\/nuevacordoba.net\/wp-content\/uploads\/2021\/08\/desde-el-atelier-los-artistas-plasticos-muestran-sus-obras-2.jpg\" alt class=\"wp-image-463642\"><figcaption>Detalle obra Fabiana Rossi<\/figcaption><\/figure>\n<p>A muchos de ellos los une, adem\u00e1s de sus logros individuales, la posibilidad de estar al frente de talleres de trabajo desde los cuales transmiten sus conocimientos a alumnos y colegas.<\/p>\n<p>Artistas consagrados que ya han realizado exposiciones internacionales y otros con grandes trayectorias que crecen d\u00eda a d\u00eda se desnudan en estos encuentros contando cu\u00e1les han sido sus primeros pasos en el desarrollo de sus carreras, cu\u00e1les son sus t\u00e9cnicas preferidas, sus maestros, mentores y tambi\u00e9n sus referentes.<\/p>\n<figure class=\"wp-block-image size-large\"><img loading=\"lazy\" width=\"993\" height=\"660\" src=\"http:\/\/nuevacordoba.net\/wp-content\/uploads\/2021\/08\/desde-el-atelier-los-artistas-plasticos-muestran-sus-obras-3.jpg\" alt class=\"wp-image-463643\"><figcaption>Detalle obra Fabio Egea<\/figcaption><\/figure>\n<p>Estos videos, que ofician de encuentro virtuales, son una invitaci\u00f3n para conocer el lugar de trabajo y disfrutar algunas de las obras de los pintores y pintoras, escultores y escultoras, fot\u00f3grafos y fot\u00f3grafas y performancers pero, adem\u00e1s, ellos relatan y describen las tem\u00e1ticas que los motivan y los conmueven.<\/p>\n<p>El denominador com\u00fan de todos los participantes es la inmensa vocaci\u00f3n de expresarse a trav\u00e9s del arte.<\/p>\n","protected":false},"excerpt":{"rendered":"<p>Los creadores locales abren las puertas de sus talleres e invitan a pasar a quienes quieran saber sobre trabajo. Todos los mi\u00e9rcoles, a las 21, por los canales digitales de Cultura.Cba. \u00abDesde el atelier de\u00bb es un ciclo de la Agencia C\u00f3rdoba Cultura que propone un acercamiento a los artistas pl\u00e1sticos locales en el contexto [&hellip;]<\/p>\n","protected":false},"author":1,"featured_media":8702,"comment_status":"closed","ping_status":"closed","sticky":false,"template":"","format":"standard","meta":[],"categories":[14],"tags":[],"_links":{"self":[{"href":"http:\/\/nuevacordoba.net\/index.php\/wp-json\/wp\/v2\/posts\/8701"}],"collection":[{"href":"http:\/\/nuevacordoba.net\/index.php\/wp-json\/wp\/v2\/posts"}],"about":[{"href":"http:\/\/nuevacordoba.net\/index.php\/wp-json\/wp\/v2\/types\/post"}],"author":[{"embeddable":true,"href":"http:\/\/nuevacordoba.net\/index.php\/wp-json\/wp\/v2\/users\/1"}],"replies":[{"embeddable":true,"href":"http:\/\/nuevacordoba.net\/index.php\/wp-json\/wp\/v2\/comments?post=8701"}],"version-history":[{"count":0,"href":"http:\/\/nuevacordoba.net\/index.php\/wp-json\/wp\/v2\/posts\/8701\/revisions"}],"wp:featuredmedia":[{"embeddable":true,"href":"http:\/\/nuevacordoba.net\/index.php\/wp-json\/wp\/v2\/media\/8702"}],"wp:attachment":[{"href":"http:\/\/nuevacordoba.net\/index.php\/wp-json\/wp\/v2\/media?parent=8701"}],"wp:term":[{"taxonomy":"category","embeddable":true,"href":"http:\/\/nuevacordoba.net\/index.php\/wp-json\/wp\/v2\/categories?post=8701"},{"taxonomy":"post_tag","embeddable":true,"href":"http:\/\/nuevacordoba.net\/index.php\/wp-json\/wp\/v2\/tags?post=8701"}],"curies":[{"name":"wp","href":"https:\/\/api.w.org\/{rel}","templated":true}]}}