{"id":8707,"date":"2021-08-23T02:40:31","date_gmt":"2021-08-23T02:40:31","guid":{"rendered":"http:\/\/nuevacordoba.net\/index.php\/2021\/08\/23\/villa-volveria-de-colombia-antes-del-jueves-mientras-en-boca-esperan-nuevas-ofertas-por-el\/"},"modified":"2021-08-23T02:40:31","modified_gmt":"2021-08-23T02:40:31","slug":"villa-volveria-de-colombia-antes-del-jueves-mientras-en-boca-esperan-nuevas-ofertas-por-el","status":"publish","type":"post","link":"http:\/\/nuevacordoba.net\/index.php\/2021\/08\/23\/villa-volveria-de-colombia-antes-del-jueves-mientras-en-boca-esperan-nuevas-ofertas-por-el\/","title":{"rendered":"Villa volver\u00eda de Colombia antes del jueves mientras en Boca esperan nuevas ofertas por \u00e9l"},"content":{"rendered":"<div class=\"image\" id=\"image\" readability=\"7\"> <img src=\"http:\/\/nuevacordoba.net\/wp-content\/uploads\/2021\/08\/villa-volveria-de-colombia-antes-del-jueves-mientras-en-boca-esperan-nuevas-ofertas-por-el.jpg\" alt=\"Villa volver\u00eda de Colombia el pr\u00f3ximo mi\u00e9rcoles\" title=\"Villa volver\u00eda de Colombia el pr\u00f3ximo mi\u00e9rcoles\"><\/p>\n<p>Villa volver\u00eda de Colombia el pr\u00f3ximo mi\u00e9rcoles<\/p>\n<\/div>\n<p>El plazo solicitado por el jugador Sebasti\u00e1n Villa finaliza el jueves 26 y al solicitarlo ante la Justicia el jugador evita que pueda suscitarse un eventual \u00ababandono de trabajo\u00bb de su parte. El jugador se march\u00f3&nbsp;a su pa\u00eds natal por la enfermedad de su madre.&nbsp;Mientras que<strong> las autoridades boquenses esperan por estas horas un nuevo ofrecimiento de Brujas, de B\u00e9lgica, por el futbolista.<\/strong><\/p>\n<p>De llegar, ser\u00eda la cuarta, despu\u00e9s de que los belgas hayan enviado, seg\u00fan algunas fuentes, una primera por 5.500.000 de euros, una segunda por un mill\u00f3n m\u00e1s y una tercera por 7.000.000. Claro que si la cuarta no contiene ocho d\u00edgitos en vez de siete, tambi\u00e9n&nbsp; podr\u00eda ser rechazada.<\/p>\n<p>En tanto el resto del plantel de Boca, que el s\u00e1bado volvi\u00f3 al triunfo en el ag\u00f3nico y pol\u00e9mico 1 a 0 sobre Patronato, en la Bombonera, pero permanece alejado de los puestos de lucha por el t\u00edtulo de la actual Liga Profesional y, peor aun, de la Tabla Anual que otorga tres plazas para la Copa Libertadores 2022, trabajar\u00e1 desde ma\u00f1ana en pos de este objetivo.<\/p>\n<p>Si bien est\u00e1 clasificado para la Copa Sudamericana del a\u00f1o pr\u00f3ximo por haber ganado la Copa Diego Maradona, como su objetivo es la Libertadores, tendr\u00e1 que \u00abremar\u00bb mucho hasta fin de este 2021 para llegar al mismo.<\/p>\n<p><strong>Por el momento los dos caminos m\u00e1s \u00abtransitables\u00bb para Boca pasan por la Copa Argentina, en la que est\u00e1 clasificado a cuartos de final tras eliminar por penales a River<\/strong>, y la Tabla Anual, aunque al momento est\u00e1 seis puntos por debajo de Estudiantes de La Plata e Independiente, los dos \u00faltimos que est\u00e1n entrando con 35 unidades cada uno.<\/p>\n<p>Por encima de ellos est\u00e1 V\u00e9lez, pero arriba de todo se ubica Col\u00f3n, aunque los santafesinos ya est\u00e1n clasificados por haber ganado el anterior torneo de la Liga Profesional.<\/p>\n<p>Para avanzar por ese camino desparejo y bifurcado Boca estar\u00e1 entrenando el lunes buscando dar pasos cortos aunque inmediatos, y en ese recorrido el pr\u00f3ximo mi\u00e9rcoles estar\u00e1 visitando a Platense, por la octava fecha de la LPF.<\/p>\n<p>Despu\u00e9s, el pr\u00f3ximo domingo 29 ser\u00e1 anfitri\u00f3n de Racing, y all\u00ed, con un rival de fuste, se ver\u00e1 para que est\u00e1n realmente los \u00abpibes\u00bb de Sebasti\u00e1n Battaglia. <\/p>\n","protected":false},"excerpt":{"rendered":"<p>Villa volver\u00eda de Colombia el pr\u00f3ximo mi\u00e9rcoles El plazo solicitado por el jugador Sebasti\u00e1n Villa finaliza el jueves 26 y al solicitarlo ante la Justicia el jugador evita que pueda suscitarse un eventual \u00ababandono de trabajo\u00bb de su parte. El jugador se march\u00f3&nbsp;a su pa\u00eds natal por la enfermedad de su madre.&nbsp;Mientras que las autoridades [&hellip;]<\/p>\n","protected":false},"author":1,"featured_media":8708,"comment_status":"closed","ping_status":"closed","sticky":false,"template":"","format":"standard","meta":[],"categories":[10],"tags":[],"_links":{"self":[{"href":"http:\/\/nuevacordoba.net\/index.php\/wp-json\/wp\/v2\/posts\/8707"}],"collection":[{"href":"http:\/\/nuevacordoba.net\/index.php\/wp-json\/wp\/v2\/posts"}],"about":[{"href":"http:\/\/nuevacordoba.net\/index.php\/wp-json\/wp\/v2\/types\/post"}],"author":[{"embeddable":true,"href":"http:\/\/nuevacordoba.net\/index.php\/wp-json\/wp\/v2\/users\/1"}],"replies":[{"embeddable":true,"href":"http:\/\/nuevacordoba.net\/index.php\/wp-json\/wp\/v2\/comments?post=8707"}],"version-history":[{"count":0,"href":"http:\/\/nuevacordoba.net\/index.php\/wp-json\/wp\/v2\/posts\/8707\/revisions"}],"wp:featuredmedia":[{"embeddable":true,"href":"http:\/\/nuevacordoba.net\/index.php\/wp-json\/wp\/v2\/media\/8708"}],"wp:attachment":[{"href":"http:\/\/nuevacordoba.net\/index.php\/wp-json\/wp\/v2\/media?parent=8707"}],"wp:term":[{"taxonomy":"category","embeddable":true,"href":"http:\/\/nuevacordoba.net\/index.php\/wp-json\/wp\/v2\/categories?post=8707"},{"taxonomy":"post_tag","embeddable":true,"href":"http:\/\/nuevacordoba.net\/index.php\/wp-json\/wp\/v2\/tags?post=8707"}],"curies":[{"name":"wp","href":"https:\/\/api.w.org\/{rel}","templated":true}]}}