{"id":8744,"date":"2021-08-23T23:47:28","date_gmt":"2021-08-23T23:47:28","guid":{"rendered":"http:\/\/nuevacordoba.net\/index.php\/2021\/08\/23\/no-esta-en-los-planes-de-biden-hablar-con-el-movimiento-taliban\/"},"modified":"2021-08-23T23:47:28","modified_gmt":"2021-08-23T23:47:28","slug":"no-esta-en-los-planes-de-biden-hablar-con-el-movimiento-taliban","status":"publish","type":"post","link":"http:\/\/nuevacordoba.net\/index.php\/2021\/08\/23\/no-esta-en-los-planes-de-biden-hablar-con-el-movimiento-taliban\/","title":{"rendered":"No est\u00e1 en los planes de Biden hablar con el Movimiento Talib\u00e1n"},"content":{"rendered":"<div class=\"image\" id=\"image\" readability=\"10\"> <img src=\"http:\/\/nuevacordoba.net\/wp-content\/uploads\/2021\/08\/no-esta-en-los-planes-de-biden-hablar-con-el-movimiento-taliban.jpg\" alt=\"&quot;Que Biden hable con los l\u00edderes de los talibanes, eso no est\u00e1 contemplado en este momento&quot;, afirm\u00f3 Jake Sullivan\" title=\"&quot;Que Biden hable con los l\u00edderes de los talibanes, eso no est\u00e1 contemplado en este momento&quot;, afirm\u00f3 Jake Sullivan\"><\/p>\n<p>\u00abQue Biden hable con los l\u00edderes de los talibanes, eso no est\u00e1 contemplado en este momento\u00bb, afirm\u00f3 Jake Sullivan<\/p>\n<\/div>\n<p>El presidente de Estados Unidos, Joe Biden, no tiene pensado por el momento hablar con los representantes del Movimiento Talib\u00e1n, inform\u00f3 este lunes el asesor de seguridad nacional, Jake Sullivan, durante una conferencia de prensa en la Casa Blanca.<\/p>\n<p><strong>\u00abCon respecto a si es probable que el presidente Biden hable con los l\u00edderes de los talibanes, eso no est\u00e1 contemplado en este momento\u00bb, afirm\u00f3 Sullivan.<\/strong><\/p>\n<p>El asesor ratific\u00f3 tambi\u00e9n el objetivo de Estados Unidos de completar la evacuaci\u00f3n de sus ciudadanos de Afganist\u00e1n antes del 31 de agosto, conforme al acuerdo con los talibanes y a pesar de los pedidos de los aliados para prorrogar las operaciones en el aeropuerto de Kabul.<\/p>\n<p><strong>\u00abComo ya ha dicho el presidente, creemos que tenemos tiempo de aqu\u00ed al 31 (de agosto) para evacuar a todos los estadounidenses que lo deseen\u00bb<\/strong>, asegur\u00f3.<\/p>\n<p>Las declaraciones de Sullivan se produjeron luego del anuncio del vocero de los talibanes, Suhail Shaheen, quien inform\u00f3 m\u00e1s temprano que el movimiento tomar\u00eda represalias si Washington no conclu\u00eda la retirada de las tropas de Afganist\u00e1n antes de la fecha pactada.<\/p>\n<p><strong>\u00abSi Estados Unidos o el Reino Unido piden m\u00e1s tiempo para continuar con las evacuaciones, la respuesta es no. O habr\u00e1 consecuencias\u00bb, declar\u00f3 Shaheen<\/strong> al canal brit\u00e1nico Sky News.<\/p>\n<div class=\"image\" id=\"image\" readability=\"7\"> <img src=\"http:\/\/nuevacordoba.net\/wp-content\/uploads\/2021\/08\/no-esta-en-los-planes-de-biden-hablar-con-el-movimiento-taliban-1.jpg\" alt=\"Los talibanes tomaron el poder en Afganist\u00e1n el 15 de agosto\" title=\"Los talibanes tomaron el poder en Afganist\u00e1n el 15 de agosto\"><\/p>\n<p>Los talibanes tomaron el poder en Afganist\u00e1n el 15 de agosto<\/p>\n<\/div>\n<p><br open><br \/>\nBiden, presionado por sus aliados, hab\u00eda entreabierto ayer la posibilidad de mantener las tropas m\u00e1s all\u00e1 del 31 de agosto para seguir con la evacuaci\u00f3n, algo que para Shaheen significar\u00eda \u00abprolongar la ocupaci\u00f3n\u00bb, seg\u00fan replic\u00f3 la agencia de noticias AFP.<\/p>\n<p>Al mismo tiempo, <strong>el Pent\u00e1gono comunic\u00f3 que unas 16.000 personas fueron evacuadas en las \u00faltimas 24 horas de Afganist\u00e1n a trav\u00e9s del aeropuerto de Kabul, al acelerarse las operaciones de transporte a\u00e9reo internacional.<\/strong><\/p>\n<p>Seg\u00fan el general Hank Taylor, el n\u00famero de personas trasladadas desde julio en vuelos estadounidenses ascendi\u00f3 a 42.000, de las cuales 37.000 fueron evacuadas desde que se iniciaron las intensas operaciones de transporte a\u00e9reo el 14 de agosto.<\/p>\n<p>Desde que los talibanes tomaron el poder en Afganist\u00e1n el 15 de este mes, tras dos d\u00e9cadas de intervenci\u00f3n estadounidense, intentan convencer a la poblaci\u00f3n de que su r\u00e9gimen ser\u00e1 menos brutal que el precedente, entre 1996 y 2001, pero sus promesas no detienen la voluntad de miles de huir del pa\u00eds.<\/p>\n<p>En el aeropuerto de Kabul, protegido todav\u00eda por las tropas estadounidenses, miles de personas desesperadas aguardan una oportunidad para escapar del pa\u00eds. <\/p>\n","protected":false},"excerpt":{"rendered":"<p>\u00abQue Biden hable con los l\u00edderes de los talibanes, eso no est\u00e1 contemplado en este momento\u00bb, afirm\u00f3 Jake Sullivan El presidente de Estados Unidos, Joe Biden, no tiene pensado por el momento hablar con los representantes del Movimiento Talib\u00e1n, inform\u00f3 este lunes el asesor de seguridad nacional, Jake Sullivan, durante una conferencia de prensa en [&hellip;]<\/p>\n","protected":false},"author":1,"featured_media":8745,"comment_status":"closed","ping_status":"closed","sticky":false,"template":"","format":"standard","meta":[],"categories":[13],"tags":[],"_links":{"self":[{"href":"http:\/\/nuevacordoba.net\/index.php\/wp-json\/wp\/v2\/posts\/8744"}],"collection":[{"href":"http:\/\/nuevacordoba.net\/index.php\/wp-json\/wp\/v2\/posts"}],"about":[{"href":"http:\/\/nuevacordoba.net\/index.php\/wp-json\/wp\/v2\/types\/post"}],"author":[{"embeddable":true,"href":"http:\/\/nuevacordoba.net\/index.php\/wp-json\/wp\/v2\/users\/1"}],"replies":[{"embeddable":true,"href":"http:\/\/nuevacordoba.net\/index.php\/wp-json\/wp\/v2\/comments?post=8744"}],"version-history":[{"count":0,"href":"http:\/\/nuevacordoba.net\/index.php\/wp-json\/wp\/v2\/posts\/8744\/revisions"}],"wp:featuredmedia":[{"embeddable":true,"href":"http:\/\/nuevacordoba.net\/index.php\/wp-json\/wp\/v2\/media\/8745"}],"wp:attachment":[{"href":"http:\/\/nuevacordoba.net\/index.php\/wp-json\/wp\/v2\/media?parent=8744"}],"wp:term":[{"taxonomy":"category","embeddable":true,"href":"http:\/\/nuevacordoba.net\/index.php\/wp-json\/wp\/v2\/categories?post=8744"},{"taxonomy":"post_tag","embeddable":true,"href":"http:\/\/nuevacordoba.net\/index.php\/wp-json\/wp\/v2\/tags?post=8744"}],"curies":[{"name":"wp","href":"https:\/\/api.w.org\/{rel}","templated":true}]}}