{"id":8746,"date":"2021-08-23T21:35:36","date_gmt":"2021-08-23T21:35:36","guid":{"rendered":"https:\/\/prensa.cba.gov.ar\/?p=464092"},"modified":"2021-08-23T21:35:36","modified_gmt":"2021-08-23T21:35:36","slug":"comunicado-del-consejo-de-seguridad-deportiva-provincial","status":"publish","type":"post","link":"http:\/\/nuevacordoba.net\/index.php\/2021\/08\/23\/comunicado-del-consejo-de-seguridad-deportiva-provincial\/","title":{"rendered":"Comunicado del Consejo de Seguridad Deportiva Provincial"},"content":{"rendered":"<div><img src=\"http:\/\/nuevacordoba.net\/wp-content\/uploads\/2021\/08\/comunicado-del-consejo-de-seguridad-deportiva-provincial.jpg\" class=\"ff-og-image-inserted\"><\/div>\n<p>Ante la circulaci\u00f3n en redes sociales de un video en el que dos sujetos, presumiblemente simpatizantes del Club Atl\u00e9tico Bella Vista de esta ciudad, pronuncian amenazas contra la hinchada de All Boys y dem\u00e1s instituciones que disputan el torneo de la Categor\u00eda B de la Liga Cordobesa de F\u00fatbol, el presidente del Consejo de Seguridad Deportiva Provincial (COSEDEPRO), Marcelo Frossasco, afirm\u00f3 esta tarde que <em>\u201cvamos a ser inflexibles con estos hechos de violencia e implacables ante actitudes intimidatorias de individuos marginales por lo que propugnaremos ante la Justicia la m\u00e1s severa de las medidas\u201d<\/em>.<\/p>\n<p>En las im\u00e1genes difundidas durante la jornada de hoy, se observa a dos personas con sus rostros cubiertos, que adem\u00e1s de manifestar amenazas esgrimen un arma de fuego y balas.<\/p>\n<p>Frente a estos hechos, Frossasco, mantuvo contactos con autoridades de la Polic\u00eda y de la Liga Cordobesa de F\u00fatbol y en este sentido resalt\u00f3 el trabajo constante que en materia de seguridad deportiva viene llevando a cabo el organismo que preside junto a las fuerzas de seguridad e instituciones locales y del resto del pa\u00eds.<\/p>\n<p><em>\u201cC\u00f3rdoba tiene en materia de seguridad deportiva una pol\u00edtica de Estado reconocida en el pa\u00eds; hemos podido realizar encuentros multitudinarios con ambas parcialidades sin ning\u00fan tipo de incidentes y seremos custodios de ese logro colectivo alcanzado por el Estado, dirigentes, jugadores, parcialidades y comunicadores sociales, porque concebimos la seguridad como una construcci\u00f3n colectiva que no puede ser empa\u00f1ada por el accionar de sujetos marginales cuyo \u00fanico destino debe ser la c\u00e1rcel\u201d<\/em>, subray\u00f3 el funcionario.<\/p>\n","protected":false},"excerpt":{"rendered":"<p>Ante la circulaci\u00f3n en redes sociales de un video en el que dos sujetos, presumiblemente simpatizantes del Club Atl\u00e9tico Bella Vista de esta ciudad, pronuncian amenazas contra la hinchada de All Boys y dem\u00e1s instituciones que disputan el torneo de la Categor\u00eda B de la Liga Cordobesa de F\u00fatbol, el presidente del Consejo de Seguridad [&hellip;]<\/p>\n","protected":false},"author":1,"featured_media":8747,"comment_status":"closed","ping_status":"closed","sticky":false,"template":"","format":"standard","meta":[],"categories":[14],"tags":[],"_links":{"self":[{"href":"http:\/\/nuevacordoba.net\/index.php\/wp-json\/wp\/v2\/posts\/8746"}],"collection":[{"href":"http:\/\/nuevacordoba.net\/index.php\/wp-json\/wp\/v2\/posts"}],"about":[{"href":"http:\/\/nuevacordoba.net\/index.php\/wp-json\/wp\/v2\/types\/post"}],"author":[{"embeddable":true,"href":"http:\/\/nuevacordoba.net\/index.php\/wp-json\/wp\/v2\/users\/1"}],"replies":[{"embeddable":true,"href":"http:\/\/nuevacordoba.net\/index.php\/wp-json\/wp\/v2\/comments?post=8746"}],"version-history":[{"count":0,"href":"http:\/\/nuevacordoba.net\/index.php\/wp-json\/wp\/v2\/posts\/8746\/revisions"}],"wp:featuredmedia":[{"embeddable":true,"href":"http:\/\/nuevacordoba.net\/index.php\/wp-json\/wp\/v2\/media\/8747"}],"wp:attachment":[{"href":"http:\/\/nuevacordoba.net\/index.php\/wp-json\/wp\/v2\/media?parent=8746"}],"wp:term":[{"taxonomy":"category","embeddable":true,"href":"http:\/\/nuevacordoba.net\/index.php\/wp-json\/wp\/v2\/categories?post=8746"},{"taxonomy":"post_tag","embeddable":true,"href":"http:\/\/nuevacordoba.net\/index.php\/wp-json\/wp\/v2\/tags?post=8746"}],"curies":[{"name":"wp","href":"https:\/\/api.w.org\/{rel}","templated":true}]}}