{"id":8748,"date":"2021-08-23T18:10:31","date_gmt":"2021-08-23T18:10:31","guid":{"rendered":"https:\/\/puntoapunto.com.ar\/?p=315168"},"modified":"2021-08-23T18:10:31","modified_gmt":"2021-08-23T18:10:31","slug":"aragon-analiza-el-escenario-electoral-en-cordoba-a-20-dias-de-las-paso","status":"publish","type":"post","link":"http:\/\/nuevacordoba.net\/index.php\/2021\/08\/23\/aragon-analiza-el-escenario-electoral-en-cordoba-a-20-dias-de-las-paso\/","title":{"rendered":"Arag\u00f3n analiza el escenario electoral en C\u00f3rdoba a 20 d\u00edas de las PASO"},"content":{"rendered":"<p>El mundo pol\u00edtico toma cada vez m\u00e1s protagonismo a semanas de las elecciones primarias del 12 de septiembre. El consultor y analista de opini\u00f3n publica, Ra\u00fal Arag\u00f3n, pas\u00f3 por el &nbsp;programa <strong>Aunque Parezca Tarde<\/strong>, que se emite por<strong>&nbsp;Punto a Punto<\/strong>&nbsp;<strong>Radio 90.7&nbsp;<\/strong>y que conduce<strong> Gabriel Silva.<\/strong><\/p>\n<p>\u201cHay un clima electoral bastante complejo en la provincia de Buenos Aires, en C\u00f3rdoba y en Santa Fe, tres de los principales distritos\u201d afirma Arag\u00f3n.<\/p>\n<p>El consultor pol\u00edtico analiza la imagen de cada candidato y asegura que \u201cen C\u00f3rdoba hay una ruptura del peronismo. En el primer lugar la victoria del del PRO, que hizo muy buena elecci\u00f3n en C\u00f3rdoba\u201d.<\/p>\n<p><strong>C\u00f3mo est\u00e1n los n\u00fameros de los candidatos:<\/strong><\/p>\n<p><!--[if lt IE 9]><script>document.createElement('audio');<\/script><![endif]--><br \/>\n<audio class=\"wp-audio-shortcode\" id=\"audio-315168-1\" preload=\"none\" controls=\"controls\"><source type=\"audio\/mpeg\" src=\"https:\/\/s3.us-west-2.amazonaws.com\/puntoapunto.com.ar\/wp-content\/uploads\/2021\/08\/23134419\/20210817-183649-aqPRT-Raul-Aragon-PASO-2021.mp3?_=1\"><a href=\"https:\/\/s3.us-west-2.amazonaws.com\/puntoapunto.com.ar\/wp-content\/uploads\/2021\/08\/23134419\/20210817-183649-aqPRT-Raul-Aragon-PASO-2021.mp3\">https:\/\/s3.us-west-2.amazonaws.com\/puntoapunto.com.ar\/wp-content\/uploads\/2021\/08\/23134419\/20210817-183649-aqPRT-Raul-Aragon-PASO-2021.mp3<\/a><\/audio><\/p>\n<div class=\"saboxplugin-wrap\" itemtype=\"http:\/\/schema.org\/Person\" itemscope itemprop=\"author\">\n<div class=\"saboxplugin-tab\">\n<div class=\"saboxplugin-gravatar\"><img alt src=\"http:\/\/nuevacordoba.net\/wp-content\/uploads\/2021\/08\/aragon-analiza-el-escenario-electoral-en-cordoba-a-20-dias-de-las-paso.jpg\" srcset=\"http:\/\/nuevacordoba.net\/wp-content\/uploads\/2021\/08\/aragon-analiza-el-escenario-electoral-en-cordoba-a-20-dias-de-las-paso-1.jpg 2x\" class=\"avatar avatar-100 photo\" height=\"100\" width=\"100\" itemprop=\"image\" loading=\"lazy\"><\/div>\n<div class=\"saboxplugin-desc\" readability=\"6.5\">\n<div itemprop=\"description\" readability=\"8\">\n<p>Este articulo fue escrito por la redacci\u00f3n de Punto a Punto. Seguinos en todas nuestras redes sociales<\/p>\n<\/div>\n<\/div>\n<\/div>\n<\/div>\n","protected":false},"excerpt":{"rendered":"<p>El mundo pol\u00edtico toma cada vez m\u00e1s protagonismo a semanas de las elecciones primarias del 12 de septiembre. El consultor y analista de opini\u00f3n publica, Ra\u00fal Arag\u00f3n, pas\u00f3 por el &nbsp;programa Aunque Parezca Tarde, que se emite por&nbsp;Punto a Punto&nbsp;Radio 90.7&nbsp;y que conduce Gabriel Silva. \u201cHay un clima electoral bastante complejo en la provincia de [&hellip;]<\/p>\n","protected":false},"author":1,"featured_media":8749,"comment_status":"open","ping_status":"closed","sticky":false,"template":"","format":"standard","meta":[],"categories":[12,14],"tags":[],"_links":{"self":[{"href":"http:\/\/nuevacordoba.net\/index.php\/wp-json\/wp\/v2\/posts\/8748"}],"collection":[{"href":"http:\/\/nuevacordoba.net\/index.php\/wp-json\/wp\/v2\/posts"}],"about":[{"href":"http:\/\/nuevacordoba.net\/index.php\/wp-json\/wp\/v2\/types\/post"}],"author":[{"embeddable":true,"href":"http:\/\/nuevacordoba.net\/index.php\/wp-json\/wp\/v2\/users\/1"}],"replies":[{"embeddable":true,"href":"http:\/\/nuevacordoba.net\/index.php\/wp-json\/wp\/v2\/comments?post=8748"}],"version-history":[{"count":0,"href":"http:\/\/nuevacordoba.net\/index.php\/wp-json\/wp\/v2\/posts\/8748\/revisions"}],"wp:featuredmedia":[{"embeddable":true,"href":"http:\/\/nuevacordoba.net\/index.php\/wp-json\/wp\/v2\/media\/8749"}],"wp:attachment":[{"href":"http:\/\/nuevacordoba.net\/index.php\/wp-json\/wp\/v2\/media?parent=8748"}],"wp:term":[{"taxonomy":"category","embeddable":true,"href":"http:\/\/nuevacordoba.net\/index.php\/wp-json\/wp\/v2\/categories?post=8748"},{"taxonomy":"post_tag","embeddable":true,"href":"http:\/\/nuevacordoba.net\/index.php\/wp-json\/wp\/v2\/tags?post=8748"}],"curies":[{"name":"wp","href":"https:\/\/api.w.org\/{rel}","templated":true}]}}