{"id":8910,"date":"2021-08-27T10:07:02","date_gmt":"2021-08-27T10:07:02","guid":{"rendered":"https:\/\/www.bbc.com\/mundo\/noticias-internacional-58337686"},"modified":"2021-08-27T10:07:02","modified_gmt":"2021-08-27T10:07:02","slug":"afganistan-que-se-sabe-de-isis-k-el-grupo-de-estado-islamico-enemigo-de-los-talibanes-detras-de-los-ataques-al-aeropuerto-de-kabul","status":"publish","type":"post","link":"http:\/\/nuevacordoba.net\/index.php\/2021\/08\/27\/afganistan-que-se-sabe-de-isis-k-el-grupo-de-estado-islamico-enemigo-de-los-talibanes-detras-de-los-ataques-al-aeropuerto-de-kabul\/","title":{"rendered":"Afganist\u00e1n: qu\u00e9 se sabe de ISIS-K, el grupo de Estado Isl\u00e1mico enemigo de los talibanes detr\u00e1s de los ataques al aeropuerto de Kabul"},"content":{"rendered":"<div dir=\"ltr\" class=\"e1j2237y5 bbc-q4ibpr e57qer20\">\n<div class=\"bbc-1atl7vu e1c9i7u14\">\n<ul role=\"list\" class=\"bbc-cdrraw e1c9i7u12\">\n<li role=\"listitem\" class=\"bbc-1a3w4ok e1c9i7u11\">Redacci\u00f3n <\/li>\n<li role=\"listitem\" class=\"bbc-1p92jtu e1c9i7u10\">BBC News Mundo<\/li>\n<\/ul>\n<\/div>\n<\/div>\n<p><time datetime=\"2021-08-26\" class=\"bbc-14xtggo e4zesg50\">26 agosto 2021<\/time><\/p>\n<div dir=\"ltr\" class=\"bbc-1ka88fa e57qer20\">\n<figure class=\"bbc-1qdcvv9 e6bmn90\">\n<div dir=\"ltr\" class=\"bbc-172p16q e57qer20\">\n<div dir=\"ltr\" class=\"bbc-189y18v e57qer20\" readability=\"6.5\">\n<div data-e2e=\"image-placeholder\" class=\"bbc-1k5hvrj e1whu0\" readability=\"8\"><img loading=\"lazy\" srcset=\"http:\/\/nuevacordoba.net\/wp-content\/uploads\/2021\/08\/afganistan-que-se-sabe-de-isis-k-el-grupo-de-estado-islamico-enemigo-de-los-talibanes-detras-de-los-ataques-al-aeropuerto-de-kabul-6.jpg 240w, http:\/\/nuevacordoba.net\/wp-content\/uploads\/2021\/08\/afganistan-que-se-sabe-de-isis-k-el-grupo-de-estado-islamico-enemigo-de-los-talibanes-detras-de-los-ataques-al-aeropuerto-de-kabul-7.jpg 320w, http:\/\/nuevacordoba.net\/wp-content\/uploads\/2021\/08\/afganistan-que-se-sabe-de-isis-k-el-grupo-de-estado-islamico-enemigo-de-los-talibanes-detras-de-los-ataques-al-aeropuerto-de-kabul-8.jpg 480w, http:\/\/nuevacordoba.net\/wp-content\/uploads\/2021\/08\/afganistan-que-se-sabe-de-isis-k-el-grupo-de-estado-islamico-enemigo-de-los-talibanes-detras-de-los-ataques-al-aeropuerto-de-kabul-9.jpg 624w, http:\/\/nuevacordoba.net\/wp-content\/uploads\/2021\/08\/afganistan-que-se-sabe-de-isis-k-el-grupo-de-estado-islamico-enemigo-de-los-talibanes-detras-de-los-ataques-al-aeropuerto-de-kabul-10.jpg 800w\" alt=\"El grupo Isis-K tiene su base en la provincia de Nangarhar.\" src=\"http:\/\/nuevacordoba.net\/wp-content\/uploads\/2021\/08\/afganistan-que-se-sabe-de-isis-k-el-grupo-de-estado-islamico-enemigo-de-los-talibanes-detras-de-los-ataques-al-aeropuerto-de-kabul.jpg\" width=\"976\" height=\"549\" class=\"eehpdyc0 bbc-oabvne e1enwo3v0\"><\/p>\n<p role=\"text\" class=\"bbc-1s1cxbv etq3yw90\"><span class=\"bbc-1gnhmg2 e1yt7oin0\">Fuente de la imagen, <\/span><span lang=\"en-GB\">Getty Images<\/span><\/p>\n<\/div>\n<\/div>\n<div dir=\"ltr\" class=\"bbc-3edg7g e57qer20\" readability=\"6\"><figcaption dir=\"ltr\" class=\"bbc-1t9zlwf eede9f50\" readability=\"2\"><span class=\"bbc-1gnhmg2 e1yt7oin0\">Pie de foto, <\/span><\/p>\n<p>El grupo ISIS-K tiene su base en la provincia de Nangarhar.<\/p>\n<\/figcaption><\/div>\n<\/div>\n<\/figure>\n<\/div>\n<div dir=\"ltr\" class=\"bbc-19j92fr e57qer20\" readability=\"8\">\n<p dir=\"ltr\" class=\"bbc-bm53ic e1cc2ql70\"><b>Finalmente, este jueves las amenazas se concretaron.<\/b><\/p>\n<\/div>\n<div dir=\"ltr\" class=\"bbc-19j92fr e57qer20\" readability=\"12\">\n<p dir=\"ltr\" class=\"bbc-bm53ic e1cc2ql70\">Despu\u00e9s de que la Casa Blanca y pa\u00edses aliados alertaran de potenciales ataques en el aeropuerto de Kabul, dos explosiones dejaron este jueves al menos 90 muertos y m\u00e1s de 150 heridos en la capital de Afganist\u00e1n, incluidos ni\u00f1os, mujeres y personal militar de EE.UU. <\/p>\n<\/div>\n<div dir=\"ltr\" class=\"bbc-19j92fr e57qer20\" readability=\"9\">\n<p dir=\"ltr\" class=\"bbc-bm53ic e1cc2ql70\">El ataque tuvo lugar mientras contin\u00faan a contrarreloj las tareas de evacuaci\u00f3n, luego de que los talibanes recobraran el poder el pasado 15 de agosto.<\/p>\n<\/div>\n<div dir=\"ltr\" class=\"bbc-19j92fr e57qer20\" readability=\"10\">\n<p dir=\"ltr\" class=\"bbc-bm53ic e1cc2ql70\">Miles de personas, tanto afganos como extranjeros, se han reunido desde entonces en el aeropuerto con la esperanza de poder escapar del pa\u00eds.<\/p>\n<\/div>\n<div dir=\"ltr\" class=\"bbc-19j92fr e57qer20\" readability=\"9\">\n<p dir=\"ltr\" class=\"bbc-bm53ic e1cc2ql70\">Sin embargo, diferentes embajadas pidieron esta semana a sus ciudadanos alejarse de la terminal <b>por temor a potenciales ataques<\/b> que se materializaron finalmente este jueves.<\/p>\n<\/div>\n<div dir=\"ltr\" class=\"bbc-19j92fr e57qer20\" readability=\"14\">\n<p dir=\"ltr\" class=\"bbc-bm53ic e1cc2ql70\">Detr\u00e1s de ellos, seg\u00fan las agencias de inteligencia de Estados Unidos, estuvo EI-K (<b>ISIS<\/b><b>-K<\/b>, por sus siglas en ingl\u00e9s) o <b>Provincia del Estado Isl\u00e1mico de Khorasan<\/b>, la filial regional del autodenominado Estado Isl\u00e1mico (EI) que est\u00e1 activo en Afganist\u00e1n y Pakist\u00e1n y que son enemigos de los talibanes.<\/p>\n<\/div>\n<div dir=\"ltr\" class=\"bbc-19j92fr e57qer20\" readability=\"10\">\n<p dir=\"ltr\" class=\"bbc-bm53ic e1cc2ql70\">El propio grupo se atribuy\u00f3 la autor\u00eda del ataque y celebr\u00f3 al atacante suicida que, seg\u00fan su versi\u00f3n, deton\u00f3 un chaleco bomba a la entrada del aeropuerto. <\/p>\n<\/div>\n<div dir=\"ltr\" class=\"bbc-19j92fr e57qer20\" readability=\"11\">\n<p dir=\"ltr\" class=\"bbc-bm53ic e1cc2ql70\">Las explosiones tuvieron lugar poco m\u00e1s de una semana despu\u00e9s de que el presidente estadounidense, <b>Joe<\/b><b>Biden,<\/b> asegurara que su pa\u00eds hab\u00eda cumplido su misi\u00f3n en Afganist\u00e1n tras vencer \u00abel terrorismo\u00bb en el pa\u00eds.<\/p>\n<\/div>\n<div dir=\"ltr\" class=\"bbc-19j92fr e57qer20\" readability=\"12\">\n<p dir=\"ltr\" class=\"bbc-bm53ic e1cc2ql70\">Sin embargo, las fuerzas estadounidenses fueron objeto este jueves de un ataque de la rama afgana de EI, mientras Afganist\u00e1n est\u00e1 otra vez en control de los talibanes (aliados de al Qaeda, el grupo detr\u00e1s de los ataques del 11 de septiembre de 2001 en EE.UU.).<\/p>\n<\/div>\n<p><h2 id=\"Qu\u00e9-se-sabe-de-ISISK\" tabindex=\"-1\" class=\"bbc-l3e97o e14hemmw0\">\u00bfQu\u00e9 se sabe de ISIS-K?<\/h2>\n<\/p>\n<div dir=\"ltr\" class=\"bbc-19j92fr e57qer20\" readability=\"10\">\n<p dir=\"ltr\" class=\"bbc-bm53ic e1cc2ql70\">Seg\u00fan explica Frank Gardner, corresponsal de Seguridad de la BBC, ISIS-K es <b>el m\u00e1s extremo y violento<\/b> de todos los grupos militantes yihadistas que operan en Afganist\u00e1n.<\/p>\n<\/div>\n<div dir=\"ltr\" class=\"bbc-19j92fr e57qer20\" readability=\"9\">\n<p dir=\"ltr\" class=\"bbc-bm53ic e1cc2ql70\">Fue creado en enero de 2015 en el apogeo del poder de EI en Irak y Siria, antes de que su autoproclamado califato fuera derrotado y desmantelado por una coalici\u00f3n liderada por EE.UU.<\/p>\n<\/div>\n<div dir=\"ltr\" class=\"bbc-1ka88fa e57qer20\">\n<figure class=\"bbc-1qdcvv9 e6bmn90\">\n<div dir=\"ltr\" class=\"bbc-172p16q e57qer20\">\n<div dir=\"ltr\" class=\"bbc-189y18v e57qer20\">\n<div data-e2e=\"image-placeholder\" class=\"bbc-1k5hvrj e1whu0\"><noscript><img loading=\"lazy\" srcset=\"http:\/\/nuevacordoba.net\/wp-content\/uploads\/2021\/08\/afganistan-que-se-sabe-de-isis-k-el-grupo-de-estado-islamico-enemigo-de-los-talibanes-detras-de-los-ataques-al-aeropuerto-de-kabul-11.jpg 240w, http:\/\/nuevacordoba.net\/wp-content\/uploads\/2021\/08\/afganistan-que-se-sabe-de-isis-k-el-grupo-de-estado-islamico-enemigo-de-los-talibanes-detras-de-los-ataques-al-aeropuerto-de-kabul-12.jpg 320w, http:\/\/nuevacordoba.net\/wp-content\/uploads\/2021\/08\/afganistan-que-se-sabe-de-isis-k-el-grupo-de-estado-islamico-enemigo-de-los-talibanes-detras-de-los-ataques-al-aeropuerto-de-kabul-13.jpg 480w, http:\/\/nuevacordoba.net\/wp-content\/uploads\/2021\/08\/afganistan-que-se-sabe-de-isis-k-el-grupo-de-estado-islamico-enemigo-de-los-talibanes-detras-de-los-ataques-al-aeropuerto-de-kabul-14.jpg 624w, http:\/\/nuevacordoba.net\/wp-content\/uploads\/2021\/08\/afganistan-que-se-sabe-de-isis-k-el-grupo-de-estado-islamico-enemigo-de-los-talibanes-detras-de-los-ataques-al-aeropuerto-de-kabul-15.jpg 800w\" alt=\"El grupo ha sido responsabilizado de varios ataques en fechas recientes.\" src=\"http:\/\/nuevacordoba.net\/wp-content\/uploads\/2021\/08\/afganistan-que-se-sabe-de-isis-k-el-grupo-de-estado-islamico-enemigo-de-los-talibanes-detras-de-los-ataques-al-aeropuerto-de-kabul-1.jpg\" width=\"976\" height=\"549\" class=\"eehpdyc0 bbc-oabvne e1enwo3v0\"><\/noscript><\/p>\n<p role=\"text\" class=\"bbc-1s1cxbv etq3yw90\"><span class=\"bbc-1gnhmg2 e1yt7oin0\">Fuente de la imagen, <\/span><span lang=\"en-GB\">AFP<\/span><\/p>\n<\/div>\n<\/div>\n<div dir=\"ltr\" class=\"bbc-3edg7g e57qer20\" readability=\"6\"><figcaption dir=\"ltr\" class=\"bbc-1t9zlwf eede9f50\" readability=\"2\"><span class=\"bbc-1gnhmg2 e1yt7oin0\">Pie de foto, <\/span><\/p>\n<p>El grupo ha sido responsabilizado de varios ataques en fechas recientes.<\/p>\n<\/figcaption><\/div>\n<\/div>\n<\/figure>\n<\/div>\n<div dir=\"ltr\" class=\"bbc-19j92fr e57qer20\" readability=\"9\">\n<p dir=\"ltr\" class=\"bbc-bm53ic e1cc2ql70\">El grupo recluta tanto a yihadistas afganos como paquistan\u00edes, especialmente miembros desertores de los talibanes afganos que no ven su propia organizaci\u00f3n como \u00absuficientemente extremista\u00bb.<\/p>\n<\/div>\n<div dir=\"ltr\" class=\"bbc-19j92fr e57qer20\" readability=\"13\">\n<p dir=\"ltr\" class=\"bbc-bm53ic e1cc2ql70\">Fuentes de inteligencia han atribuido al grupo algunas<b> de las peores atrocidades que han tenido lugar en Afganist\u00e1n <\/b>en los \u00faltimos a\u00f1os como ataques dirigidos a escuelas de ni\u00f1as, hospitales e incluso una sala de maternidad donde, seg\u00fan informes, mataron a tiros a mujeres embarazadas y enfermeras.<\/p>\n<\/div>\n<div dir=\"ltr\" class=\"bbc-19j92fr e57qer20\" readability=\"12\">\n<p dir=\"ltr\" class=\"bbc-bm53ic e1cc2ql70\">A diferencia de los talibanes, cuyo inter\u00e9s se limita a Afganist\u00e1n, ISIS-K es parte de la red global de EI que busca llevar a cabo ataques contra objetivos<b> occidentales, internacionales y humanitarios donde sea que puedan alcanzarlos.<\/b><\/p>\n<\/div>\n<p><h2 id=\"D\u00f3nde-est\u00e1n-ubicados\" tabindex=\"-1\" class=\"bbc-l3e97o e14hemmw0\">\u00bfD\u00f3nde est\u00e1n ubicados?<\/h2>\n<\/p>\n<div dir=\"ltr\" class=\"bbc-19j92fr e57qer20\" readability=\"9\">\n<p dir=\"ltr\" class=\"bbc-bm53ic e1cc2ql70\">ISIS-K tiene su sede en la provincia oriental de Nangarhar en Afganist\u00e1n, cerca de las rutas de tr\u00e1fico de drogas y personas que entran y salen de Pakist\u00e1n.<\/p>\n<\/div>\n<div dir=\"ltr\" class=\"bbc-19j92fr e57qer20\" readability=\"12\">\n<p dir=\"ltr\" class=\"bbc-bm53ic e1cc2ql70\">En su momento de m\u00e1ximo poder, el grupo contaba con unos <b>3.000 combatientes<\/b>, pero ha sufrido bajas significativas en enfrentamientos con las fuerzas de seguridad estadounidenses y afganas, y tambi\u00e9n con los talibanes.<\/p>\n<\/div>\n<div dir=\"ltr\" class=\"bbc-1ka88fa e57qer20\">\n<figure class=\"bbc-1qdcvv9 e6bmn90\">\n<div dir=\"ltr\" class=\"bbc-172p16q e57qer20\">\n<div dir=\"ltr\" class=\"bbc-189y18v e57qer20\">\n<div data-e2e=\"image-placeholder\" class=\"bbc-pb5k92 e1whu0\"><noscript><img loading=\"lazy\" srcset=\"http:\/\/nuevacordoba.net\/wp-content\/uploads\/2021\/08\/afganistan-que-se-sabe-de-isis-k-el-grupo-de-estado-islamico-enemigo-de-los-talibanes-detras-de-los-ataques-al-aeropuerto-de-kabul-16.jpg 240w, http:\/\/nuevacordoba.net\/wp-content\/uploads\/2021\/08\/afganistan-que-se-sabe-de-isis-k-el-grupo-de-estado-islamico-enemigo-de-los-talibanes-detras-de-los-ataques-al-aeropuerto-de-kabul-17.jpg 320w, http:\/\/nuevacordoba.net\/wp-content\/uploads\/2021\/08\/afganistan-que-se-sabe-de-isis-k-el-grupo-de-estado-islamico-enemigo-de-los-talibanes-detras-de-los-ataques-al-aeropuerto-de-kabul-18.jpg 480w, http:\/\/nuevacordoba.net\/wp-content\/uploads\/2021\/08\/afganistan-que-se-sabe-de-isis-k-el-grupo-de-estado-islamico-enemigo-de-los-talibanes-detras-de-los-ataques-al-aeropuerto-de-kabul-19.jpg 624w, http:\/\/nuevacordoba.net\/wp-content\/uploads\/2021\/08\/afganistan-que-se-sabe-de-isis-k-el-grupo-de-estado-islamico-enemigo-de-los-talibanes-detras-de-los-ataques-al-aeropuerto-de-kabul-20.jpg 800w\" alt=\"Mapa\" src=\"http:\/\/nuevacordoba.net\/wp-content\/uploads\/2021\/08\/afganistan-que-se-sabe-de-isis-k-el-grupo-de-estado-islamico-enemigo-de-los-talibanes-detras-de-los-ataques-al-aeropuerto-de-kabul-2.jpg\" width=\"1670\" height=\"940\" class=\"eehpdyc0 bbc-oabvne e1enwo3v0\"><\/noscript><\/div>\n<\/div>\n<\/div>\n<\/figure>\n<\/div>\n<p><h2 id=\"C\u00f3mo-es-su-relaci\u00f3n-con-los-talibanes\" tabindex=\"-1\" class=\"bbc-l3e97o e14hemmw0\">\u00bfC\u00f3mo es su relaci\u00f3n con los talibanes?<\/h2>\n<\/p>\n<div dir=\"ltr\" class=\"bbc-19j92fr e57qer20\" readability=\"11\">\n<p dir=\"ltr\" class=\"bbc-bm53ic e1cc2ql70\">ISIS-K tiene grandes diferencias con los talibanes, a los que acusa de abandonar la yihad y el campo de batalla a favor de un acuerdo de paz con EE.UU. negociado en \u00abhoteles elegantes\u00bb en Doha, Qatar.<\/p>\n<\/div>\n<div dir=\"ltr\" class=\"bbc-19j92fr e57qer20\" readability=\"9\">\n<p dir=\"ltr\" class=\"bbc-bm53ic e1cc2ql70\">En su comunicado en el que se atribuyeron el ataque de este jueves, acusaron a los talibanes de<b> \u00abcolaborar\u00bb con las fuerzas estadounidenses para evacuar \u00abesp\u00edas\u00bb. <\/b><\/p>\n<\/div>\n<div dir=\"ltr\" class=\"bbc-19j92fr e57qer20\" readability=\"8\">\n<p dir=\"ltr\" class=\"bbc-bm53ic e1cc2ql70\">Sin embargo, perif\u00e9ricamente est\u00e1n conectados a los talibanes a trav\u00e9s de un tercer grupo.<\/p>\n<\/div>\n<div dir=\"ltr\" class=\"bbc-19j92fr e57qer20\" readability=\"10\">\n<p dir=\"ltr\" class=\"bbc-bm53ic e1cc2ql70\">Seg\u00fan los investigadores,<b> existen fuertes v\u00ednculos entre <\/b><b>ISIS<\/b><b>-K y la <\/b><b>llamada <\/b><b>red Haqqani<\/b>, que a su vez est\u00e1 estrechamente vinculada a los talibanes.<\/p>\n<\/div>\n<div dir=\"ltr\" class=\"bbc-1ka88fa e57qer20\">\n<figure class=\"bbc-1qdcvv9 e6bmn90\">\n<div dir=\"ltr\" class=\"bbc-172p16q e57qer20\">\n<div dir=\"ltr\" class=\"bbc-189y18v e57qer20\" readability=\"6.5\">\n<div data-e2e=\"image-placeholder\" class=\"bbc-1k5hvrj e1whu0\" readability=\"8\"><noscript><img loading=\"lazy\" srcset=\"http:\/\/nuevacordoba.net\/wp-content\/uploads\/2021\/08\/afganistan-que-se-sabe-de-isis-k-el-grupo-de-estado-islamico-enemigo-de-los-talibanes-detras-de-los-ataques-al-aeropuerto-de-kabul-21.jpg 240w, http:\/\/nuevacordoba.net\/wp-content\/uploads\/2021\/08\/afganistan-que-se-sabe-de-isis-k-el-grupo-de-estado-islamico-enemigo-de-los-talibanes-detras-de-los-ataques-al-aeropuerto-de-kabul-22.jpg 320w, http:\/\/nuevacordoba.net\/wp-content\/uploads\/2021\/08\/afganistan-que-se-sabe-de-isis-k-el-grupo-de-estado-islamico-enemigo-de-los-talibanes-detras-de-los-ataques-al-aeropuerto-de-kabul-23.jpg 480w, http:\/\/nuevacordoba.net\/wp-content\/uploads\/2021\/08\/afganistan-que-se-sabe-de-isis-k-el-grupo-de-estado-islamico-enemigo-de-los-talibanes-detras-de-los-ataques-al-aeropuerto-de-kabul-24.jpg 624w, http:\/\/nuevacordoba.net\/wp-content\/uploads\/2021\/08\/afganistan-que-se-sabe-de-isis-k-el-grupo-de-estado-islamico-enemigo-de-los-talibanes-detras-de-los-ataques-al-aeropuerto-de-kabul-25.jpg 800w\" alt=\"Heridos llegan al hospital.\" src=\"http:\/\/nuevacordoba.net\/wp-content\/uploads\/2021\/08\/afganistan-que-se-sabe-de-isis-k-el-grupo-de-estado-islamico-enemigo-de-los-talibanes-detras-de-los-ataques-al-aeropuerto-de-kabul-3.jpg\" width=\"976\" height=\"549\" class=\"eehpdyc0 bbc-oabvne e1enwo3v0\"><\/noscript><\/p>\n<p role=\"text\" class=\"bbc-1s1cxbv etq3yw90\"><span class=\"bbc-1gnhmg2 e1yt7oin0\">Fuente de la imagen, <\/span><span lang=\"en-GB\">Getty Images<\/span><\/p>\n<\/div>\n<\/div>\n<div dir=\"ltr\" class=\"bbc-3edg7g e57qer20\" readability=\"6\"><figcaption dir=\"ltr\" class=\"bbc-1t9zlwf eede9f50\" readability=\"2\"><span class=\"bbc-1gnhmg2 e1yt7oin0\">Pie de foto, <\/span><\/p>\n<p>Heridos y fallecidos tras el ataque fueron transportados al hospital.<\/p>\n<\/figcaption><\/div>\n<\/div>\n<\/figure>\n<\/div>\n<div dir=\"ltr\" class=\"bbc-19j92fr e57qer20\" readability=\"9\">\n<p dir=\"ltr\" class=\"bbc-bm53ic e1cc2ql70\">El l\u00edder de esa red, Khalil Haqqani, est\u00e1 ahora a cargo de la seguridad en Kabul.<\/p>\n<\/div>\n<div dir=\"ltr\" class=\"bbc-19j92fr e57qer20\" readability=\"10\">\n<p dir=\"ltr\" class=\"bbc-bm53ic e1cc2ql70\"><b>Sajjan Gohel,<\/b> de la Fundaci\u00f3n Asia Pac\u00edfico, ha estado monitoreando las redes militantes en Afganist\u00e1n durante a\u00f1os.<\/p>\n<\/div>\n<div dir=\"ltr\" class=\"bbc-19j92fr e57qer20\" readability=\"9\">\n<p dir=\"ltr\" class=\"bbc-bm53ic e1cc2ql70\">El experto cree que \u00abvarios ataques importantes entre 2019 y 2021 involucraron la colaboraci\u00f3n entre ISIS-K, la red Haqqani de los talibanes y otros grupos terroristas con sede en Pakist\u00e1n\u00bb.<\/p>\n<\/div>\n<div dir=\"ltr\" class=\"bbc-19j92fr e57qer20\" readability=\"12\">\n<p dir=\"ltr\" class=\"bbc-bm53ic e1cc2ql70\">Cuando los talibanes se apoderaron de Kabul el 15 de agosto, el grupo liber\u00f3 a un gran n\u00famero de prisioneros de la c\u00e1rcel de Pul-e-Charki entre los que, seg\u00fan los informes, se encontraban militantes del Estado Isl\u00e1mico y de Al Qaeda. <b>Estas personas ahora est\u00e1n en libertad.<\/b><\/p>\n<\/div>\n<div dir=\"ltr\" class=\"bbc-19j92fr e57qer20\" readability=\"9\">\n<p dir=\"ltr\" class=\"bbc-bm53ic e1cc2ql70\">Los militantes de EI representan ahora un gran desaf\u00edo de seguridad para el gobierno talib\u00e1n entrante, una preocupaci\u00f3n que comparte con las agencias de inteligencia occidentales.<\/p>\n<\/div>\n<div dir=\"ltr\" class=\"bbc-1ka88fa e57qer20\">\n<figure class=\"bbc-1qdcvv9 e6bmn90\">\n<div dir=\"ltr\" class=\"bbc-172p16q e57qer20\">\n<div dir=\"ltr\" class=\"bbc-189y18v e57qer20\" readability=\"6.5\">\n<div data-e2e=\"image-placeholder\" class=\"bbc-1k5hvrj e1whu0\" readability=\"8\"><noscript><img loading=\"lazy\" srcset=\"http:\/\/nuevacordoba.net\/wp-content\/uploads\/2021\/08\/afganistan-que-se-sabe-de-isis-k-el-grupo-de-estado-islamico-enemigo-de-los-talibanes-detras-de-los-ataques-al-aeropuerto-de-kabul-26.jpg 240w, http:\/\/nuevacordoba.net\/wp-content\/uploads\/2021\/08\/afganistan-que-se-sabe-de-isis-k-el-grupo-de-estado-islamico-enemigo-de-los-talibanes-detras-de-los-ataques-al-aeropuerto-de-kabul-27.jpg 320w, http:\/\/nuevacordoba.net\/wp-content\/uploads\/2021\/08\/afganistan-que-se-sabe-de-isis-k-el-grupo-de-estado-islamico-enemigo-de-los-talibanes-detras-de-los-ataques-al-aeropuerto-de-kabul-28.jpg 480w, http:\/\/nuevacordoba.net\/wp-content\/uploads\/2021\/08\/afganistan-que-se-sabe-de-isis-k-el-grupo-de-estado-islamico-enemigo-de-los-talibanes-detras-de-los-ataques-al-aeropuerto-de-kabul-29.jpg 624w, http:\/\/nuevacordoba.net\/wp-content\/uploads\/2021\/08\/afganistan-que-se-sabe-de-isis-k-el-grupo-de-estado-islamico-enemigo-de-los-talibanes-detras-de-los-ataques-al-aeropuerto-de-kabul-30.jpg 800w\" alt=\"Heridos llegan al hospital.\" src=\"http:\/\/nuevacordoba.net\/wp-content\/uploads\/2021\/08\/afganistan-que-se-sabe-de-isis-k-el-grupo-de-estado-islamico-enemigo-de-los-talibanes-detras-de-los-ataques-al-aeropuerto-de-kabul-4.jpg\" width=\"976\" height=\"549\" class=\"eehpdyc0 bbc-oabvne e1enwo3v0\"><\/noscript><\/p>\n<p role=\"text\" class=\"bbc-1s1cxbv etq3yw90\"><span class=\"bbc-1gnhmg2 e1yt7oin0\">Fuente de la imagen, <\/span><span lang=\"en-GB\">Getty Images<\/span><\/p>\n<\/div>\n<\/div>\n<\/div>\n<\/figure>\n<\/div>\n<p><h2 id=\"Una-amenaza-muy-real\" tabindex=\"-1\" class=\"bbc-l3e97o e14hemmw0\">Una amenaza \u00abmuy real\u00bb<\/h2>\n<\/p>\n<div dir=\"ltr\" class=\"bbc-19j92fr e57qer20\" readability=\"12\">\n<p dir=\"ltr\" class=\"bbc-bm53ic e1cc2ql70\">\u00abLa amenaza a nuestras fuerzas, particularmente por parte de ISIS-K, es muy real como hemos visto hoy\u00bb, dijo este jueves el general Kenneth McKenzie, comandante de Comando Central de Estados Unidos.<\/p>\n<\/div>\n<div dir=\"ltr\" class=\"bbc-19j92fr e57qer20\" readability=\"9\">\n<p dir=\"ltr\" class=\"bbc-bm53ic e1cc2ql70\">En un mensaje a la naci\u00f3n tras los ataques, el presidente Biden asegur\u00f3 que \u00abestos terroristas de EI no ganar\u00e1n\u00bb y prometi\u00f3 una respuesta con \u00abfuerza y precisi\u00f3n\u00bb.<\/p>\n<\/div>\n<div dir=\"ltr\" class=\"bbc-19j92fr e57qer20\" readability=\"12\">\n<p dir=\"ltr\" class=\"bbc-bm53ic e1cc2ql70\">\u00abNo perdonaremos, no olvidaremos. Los cazaremos y les haremos pagar\u00bb, dijo el mandatario, a la vez que inform\u00f3 que orden\u00f3 a sus comandantes <b>desarro<\/b><b>l<\/b><b>lar planes para atacar objetivos y l\u00edderes de ISIS-K.<\/b><\/p>\n<\/div>\n<div dir=\"ltr\" class=\"bbc-19j92fr e57qer20\" readability=\"9\">\n<p dir=\"ltr\" class=\"bbc-bm53ic e1cc2ql70\">\u00abCreemos saber qui\u00e9nes son y realizaremos la operaci\u00f3n para alcanzarlos donde quiera que est\u00e9n\u00bb, agreg\u00f3.<\/p>\n<\/div>\n<div dir=\"ltr\" class=\"bbc-1ka88fa e57qer20\">\n<figure class=\"bbc-1qdcvv9 e6bmn90\">\n<div dir=\"ltr\" class=\"bbc-172p16q e57qer20\">\n<div dir=\"ltr\" class=\"bbc-189y18v e57qer20\">\n<div data-e2e=\"image-placeholder\" class=\"bbc-367mqz e1whu0\"><noscript><img loading=\"lazy\" srcset=\"http:\/\/nuevacordoba.net\/wp-content\/uploads\/2021\/08\/afganistan-que-se-sabe-de-isis-k-el-grupo-de-estado-islamico-enemigo-de-los-talibanes-detras-de-los-ataques-al-aeropuerto-de-kabul-31.jpg 240w, http:\/\/nuevacordoba.net\/wp-content\/uploads\/2021\/08\/afganistan-que-se-sabe-de-isis-k-el-grupo-de-estado-islamico-enemigo-de-los-talibanes-detras-de-los-ataques-al-aeropuerto-de-kabul-32.jpg 320w, http:\/\/nuevacordoba.net\/wp-content\/uploads\/2021\/08\/afganistan-que-se-sabe-de-isis-k-el-grupo-de-estado-islamico-enemigo-de-los-talibanes-detras-de-los-ataques-al-aeropuerto-de-kabul-33.jpg 464w\" alt=\"L\u00ednea\" src=\"http:\/\/nuevacordoba.net\/wp-content\/uploads\/2021\/08\/afganistan-que-se-sabe-de-isis-k-el-grupo-de-estado-islamico-enemigo-de-los-talibanes-detras-de-los-ataques-al-aeropuerto-de-kabul-5.jpg\" width=\"464\" height=\"2\" class=\"eehpdyc0 bbc-oabvne e1enwo3v0\"><\/noscript><\/div>\n<\/div>\n<\/div>\n<\/figure>\n<\/div>\n<div dir=\"ltr\" class=\"bbc-19j92fr e57qer20\" readability=\"8\">\n<p dir=\"ltr\" class=\"bbc-bm53ic e1cc2ql70\"><i class=\"bbc-h1y5j7 ewc4zcb0\">Ahora puedes recibir notificaciones de BBC Mundo. Descarga la nueva versi\u00f3n de nuestra app y act\u00edvalas para no perderte nuestro mejor contenido.<\/i><\/p>\n<\/div>\n","protected":false},"excerpt":{"rendered":"<p>Redacci\u00f3n BBC News Mundo 26 agosto 2021 Fuente de la imagen, Getty Images Pie de foto, El grupo ISIS-K tiene su base en la provincia de Nangarhar. Finalmente, este jueves las amenazas se concretaron. Despu\u00e9s de que la Casa Blanca y pa\u00edses aliados alertaran de potenciales ataques en el aeropuerto de Kabul, dos explosiones dejaron [&hellip;]<\/p>\n","protected":false},"author":1,"featured_media":8911,"comment_status":"closed","ping_status":"closed","sticky":false,"template":"","format":"standard","meta":[],"categories":[13],"tags":[],"_links":{"self":[{"href":"http:\/\/nuevacordoba.net\/index.php\/wp-json\/wp\/v2\/posts\/8910"}],"collection":[{"href":"http:\/\/nuevacordoba.net\/index.php\/wp-json\/wp\/v2\/posts"}],"about":[{"href":"http:\/\/nuevacordoba.net\/index.php\/wp-json\/wp\/v2\/types\/post"}],"author":[{"embeddable":true,"href":"http:\/\/nuevacordoba.net\/index.php\/wp-json\/wp\/v2\/users\/1"}],"replies":[{"embeddable":true,"href":"http:\/\/nuevacordoba.net\/index.php\/wp-json\/wp\/v2\/comments?post=8910"}],"version-history":[{"count":0,"href":"http:\/\/nuevacordoba.net\/index.php\/wp-json\/wp\/v2\/posts\/8910\/revisions"}],"wp:featuredmedia":[{"embeddable":true,"href":"http:\/\/nuevacordoba.net\/index.php\/wp-json\/wp\/v2\/media\/8911"}],"wp:attachment":[{"href":"http:\/\/nuevacordoba.net\/index.php\/wp-json\/wp\/v2\/media?parent=8910"}],"wp:term":[{"taxonomy":"category","embeddable":true,"href":"http:\/\/nuevacordoba.net\/index.php\/wp-json\/wp\/v2\/categories?post=8910"},{"taxonomy":"post_tag","embeddable":true,"href":"http:\/\/nuevacordoba.net\/index.php\/wp-json\/wp\/v2\/tags?post=8910"}],"curies":[{"name":"wp","href":"https:\/\/api.w.org\/{rel}","templated":true}]}}