{"id":8914,"date":"2021-08-27T13:56:11","date_gmt":"2021-08-27T13:56:11","guid":{"rendered":"http:\/\/nuevacordoba.net\/index.php\/2021\/08\/27\/se-cumplen-30-anos-de-la-muerte-de-martin-karadagian-protagonista-de-titanes-en-el-ring\/"},"modified":"2021-08-27T13:56:11","modified_gmt":"2021-08-27T13:56:11","slug":"se-cumplen-30-anos-de-la-muerte-de-martin-karadagian-protagonista-de-titanes-en-el-ring","status":"publish","type":"post","link":"http:\/\/nuevacordoba.net\/index.php\/2021\/08\/27\/se-cumplen-30-anos-de-la-muerte-de-martin-karadagian-protagonista-de-titanes-en-el-ring\/","title":{"rendered":"Se cumplen 30 a\u00f1os de la muerte de Mart\u00edn Karadagi\u00e1n, protagonista de \u00abTitanes en el Ring\u00bb"},"content":{"rendered":"<div class=\"image\" id=\"image\" readability=\"10\"> <img src=\"http:\/\/nuevacordoba.net\/wp-content\/uploads\/2021\/08\/se-cumplen-30-anos-de-la-muerte-de-martin-karadagian-protagonista-de-titanes-en-el-ring.jpg\" alt=\" Mart\u00edn Karadagi\u00e1n, creador y protagonista de &quot;Titanes en el ring&quot;, el primer show televisivo y cinematogr\u00e1fico de lucha libre del pa\u00eds\" title=\" Mart\u00edn Karadagi\u00e1n, creador y protagonista de &quot;Titanes en el ring&quot;, el primer show televisivo y cinematogr\u00e1fico de lucha libre del pa\u00eds\"><\/p>\n<p> Mart\u00edn Karadagi\u00e1n, creador y protagonista de \u00abTitanes en el ring\u00bb, el primer show televisivo y cinematogr\u00e1fico de lucha libre del pa\u00eds<\/p>\n<\/div>\n<p>Se cumplen tres d\u00e9cadas del fallecimiento de <strong>Mart\u00edn Karadagi\u00e1n<\/strong>, el humilde porte\u00f1o de ascendencia armenia que a fuerza de imaginaci\u00f3n e inventiva <strong>trascendi\u00f3 para siempre en la cultura popular argentina como el creador y protagonista de \u00abTitanes en el ring\u00bb<\/strong>, el primer show televisivo y cinematogr\u00e1fico de lucha libre del pa\u00eds que se convirti\u00f3 en su legado y en un \u00e9xito comercial hasta entonces sin precedentes.<\/p>\n<p> <iframe width=\"560\" height=\"315\" src=\"https:\/\/www.youtube.com\/embed\/mRHpkqbLERI?wmode=transparent&amp;showinfo=0&amp;autohide=1&amp;rel=0\" frameborder=\"0\" allowfullscreen>[embedded content]<\/iframe> <\/p>\n<p>\u00abFragmento de la pel\u00edcula \u00abTitanes en el Ring\u00bb de Leo Fleider: Mart\u00edn Karadagi\u00e1n vs la Momia.<\/p>\n<p>Una variopinta y exc\u00e9ntrica compa\u00f1\u00eda de personajes, mucho histrionismo arriba del cuadril\u00e1tero, estadios colmados por ni\u00f1os y adultos, juguetes, golosinas, figuritas y hasta \u00e1lbumes musicales: su nombre es el sello de un fen\u00f3meno que goz\u00f3 de 26 a\u00f1os de aire desde que se emiti\u00f3 por primera vez en 1962 por Canal 9, y que, luego de algunos intentos fallidos por reflotarlo, regres\u00f3 con un formato actual que promete no abandonar su esencia.<\/p>\n<p>Es que hace tres a\u00f1os, Paulina, la hija de Karadiyijan -tal su verdadero apellido, tras su nacimiento en un conventillo de San Telmo en 1922-, decidi\u00f3 homenajear a su padre con una reedici\u00f3n de la \u00abtroupe\u00bb en el Buenos Aires celebra Armenia, que tuvo lugar en la palermitana plaza Seeber de las avenidas Libertador y Sarmiento.<\/p>\n<p>Y aunque la pandemia de coronavirus tambi\u00e9n impuso un freno a su nuevo proyecto, <a href=\"https:\/\/www.telam.com.ar\/notas\/202107\/555681-regreso-titanes-en-el-ring.html\" target=\"_blank\" rel=\"noopener\">la heredera cont\u00f3 en distintas declaraciones a la prensa que la resurrecci\u00f3n de \u00abTitanes&#8230;\u00bb<\/a>, en colaboraci\u00f3n con Sergio Ventrone (tambi\u00e9n conocido como el \u00abS\u00faper Pibe\u00bb y \u00abBilly Jim\u00bb del programa original), sigue en pie y coquetea con un <strong>posible retorno a la pantalla chica<\/strong>, donde intentar\u00e1 reavivar con nostalgia y mucha diversi\u00f3n una historia que comenz\u00f3 hace casi 60 a\u00f1os.<\/p>\n<div class=\"image\" id=\"image\" readability=\"7\"> <img src=\"http:\/\/nuevacordoba.net\/wp-content\/uploads\/2021\/08\/se-cumplen-30-anos-de-la-muerte-de-martin-karadagian-protagonista-de-titanes-en-el-ring-1.jpg\" alt=\"A fuerza de imaginaci\u00f3n e inventiva trascendi\u00f3 para siempre en la cultura popular argentina.\" title=\"A fuerza de imaginaci\u00f3n e inventiva trascendi\u00f3 para siempre en la cultura popular argentina.\"><\/p>\n<p>A fuerza de imaginaci\u00f3n e inventiva trascendi\u00f3 para siempre en la cultura popular argentina.<\/p>\n<\/div>\n<p>El camino de Karadagi\u00e1n hacia su condici\u00f3n de \u00eddolo se remonta a la d\u00e9cada del 40, cuando despu\u00e9s de a\u00f1os de hacer changas y trabajar en una carnicer\u00eda del barrio para aportar lo suyo a un hogar empobrecido que compart\u00eda con su padre armenio y su madre espa\u00f1ola, puso un pie dentro del ic\u00f3nico estadio <strong>Luna Park<\/strong> del bajo porte\u00f1o.<\/p>\n<p>All\u00ed, con su contextura inesperada pero llamativamente peque\u00f1a en relaci\u00f3n a sus colegas pero dejando salir sus dotes actorales, logr\u00f3 hacerse un lugar entre el equipo de \u00abcatch\u00bb que entrenaba en el lugar, liderado por \u00abEl Hombre Monta\u00f1a\u00bb y el polaco Karol Nowina, y en cuesti\u00f3n de a\u00f1os se transform\u00f3 en uno de los m\u00e1s reconocidos de ese circo impostado de lucha.<\/p>\n<p>Mientras dur\u00f3 esa experiencia, el \u00abTit\u00e1n\u00bb no solamente empez\u00f3 a fascinarse y so\u00f1ar con los primeros esbozos de lo que ser\u00eda su espect\u00e1culo definitivo, sino que en 1957 traslad\u00f3 su interpretaci\u00f3n al cine, con el drama de <strong>Iv\u00e1n Grondona<\/strong> \u00abReencuentro con la gloria\u00bb, en el que encarnaba a un luchador en plena decadencia.<\/p>\n<div class=\"image\" id=\"image\" readability=\"9\"> <img src=\"http:\/\/nuevacordoba.net\/wp-content\/uploads\/2021\/08\/se-cumplen-30-anos-de-la-muerte-de-martin-karadagian-protagonista-de-titanes-en-el-ring-2.jpg\" alt=\"Paulina, su hija, decidi\u00f3 homenajear a su padre con una reedici\u00f3n de la &quot;troupe&quot;. \" title=\"Paulina, su hija, decidi\u00f3 homenajear a su padre con una reedici\u00f3n de la &quot;troupe&quot;. \"><\/p>\n<p>Paulina, su hija, decidi\u00f3 homenajear a su padre con una reedici\u00f3n de la \u00abtroupe\u00bb. <\/p>\n<\/div>\n<p>Pero adem\u00e1s, en 1961 le llegar\u00eda una oportunidad que signific\u00f3 el puntapi\u00e9 del resto de su carrera: <strong>Alberto Olmedo<\/strong> y su entra\u00f1able, famoso y entonces reci\u00e9n llegado Capit\u00e1n Piluso lo desafiaba para combatir en el ring en la \u00abPelea del Siglo\u00bb.<\/p>\n<p>El evento, que tuvo lugar el 12 de noviembre y tuvo como ganador a Olmedo con la ayuda de su compa\u00f1ero, Coquito, goz\u00f3 de una amplia difusi\u00f3n en la televisi\u00f3n argentina y finaliz\u00f3 con un ofrecimiento de contrato para Karadagi\u00e1n, que un a\u00f1o m\u00e1s tarde ver\u00eda condensado en la concreci\u00f3n de su gran idea, con la primera emisi\u00f3n de \u00abTitanes en el ring\u00bb.<\/p>\n<p>As\u00ed, \u00e9l mismo, <strong>la \u00abMomia Blanca\u00bb, el \u00abCaballero Rojo\u00bb, el \u00abAncho\u00bb Rub\u00e9n Peucella y el \u00abHombre Vegetal\u00bb<\/strong>, por nombrar solo algunos del listado, tomaron los roles protagonistas de un show que, a pesar de su concepci\u00f3n como un programa para adultos que se transmit\u00eda los s\u00e1bados a la noche, se volvi\u00f3 r\u00e1pidamente atractivo para el p\u00fablico infantil, maravillado por las m\u00e1scaras, los disfraces y la narrativa bizarra de buenos contra malos.<\/p>\n<p>\u00ab<strong>Todo esto es tongo, pero del bueno<\/strong>\u00ab, hab\u00eda dicho alguna vez el frontman en los primeros tiempos de esa estrafalaria propuesta que contaba con los relatos de <strong>Rodolfo Di Sarli<\/strong> y m\u00e1s tarde de <strong>Jorge Bocacci<\/strong>, y que consigui\u00f3 lo que ninguna otra antes: <strong>mezclar la lucha, el \u00abcatch\u00bb reinante de la \u00e9poca, con lo teatral y la ficci\u00f3n total<\/strong>.<\/p>\n<p>Con un carisma implacable y recordada profesionalidad, Karadagi\u00e1n llev\u00f3 adelante su ciclo saltando tambi\u00e9n al Canal 11 y al 13, y con la mentalidad de quien no disfrut\u00f3 de privilegios pero con el talento comercial suficiente para hacerse cargo de su empresa aunque fuera de una manera casi artesanal.<\/p>\n<p>Hasta su \u00faltima emisi\u00f3n en 1988, el programa tambi\u00e9n tuvo sus adaptaciones en el cine con las comedias \u00abTitanes en el ring\u00bb (1973), de <strong>Leo Fleider<\/strong>, y \u00abTitanes en el ring contraataca\u00bb (1984), de <strong>M\u00e1ximo Berrondo<\/strong>; y llev\u00f3 a su creador a recorrer Am\u00e9rica y hasta a pelear contra el boxeador italiano <strong>Primo Carnera<\/strong> y contra el <strong>\u00abMono\u00bb Gatica<\/strong>, \u00eddolo popular local de ese deporte.<\/p>\n<p>Pero para ese momento, la salud de Karadagi\u00e1n ya comenzaba a debilitarse luego de que en 1983 comenzara a sufrir desmayos producto del estr\u00e9s laboral, y un a\u00f1o m\u00e1s tarde debi\u00f3 someterse a la amputaci\u00f3n de su pierna derecha a ra\u00edz de un infarto<\/p>\n<p>Ayudado por un tr\u00edpode y oficiando de jurado, el \u00abTit\u00e1n\u00bb se neg\u00f3 a rendirse y abandonar su creaci\u00f3n, y tres a\u00f1os m\u00e1s tarde, en 1991, muri\u00f3 a los 69 a\u00f1os v\u00edctima de un edema pulmonar.<\/p>\n<div class=\"image\" id=\"image\" readability=\"9\"> <img src=\"http:\/\/nuevacordoba.net\/wp-content\/uploads\/2021\/08\/se-cumplen-30-anos-de-la-muerte-de-martin-karadagian-protagonista-de-titanes-en-el-ring-3.jpg\" alt=\"La hija de Mart\u00edn Karadagi\u00e1n espera confirmar pronto el regreso a la pantalla de &quot;Titanes en el ring&quot; con un giro contempor\u00e1neo en el que las mujeres y la comunidad LGBTIQ+ tambi\u00e9n tienen un lugar.\" title=\"La hija de Mart\u00edn Karadagi\u00e1n espera confirmar pronto el regreso a la pantalla de &quot;Titanes en el ring&quot; con un giro contempor\u00e1neo en el que las mujeres y la comunidad LGBTIQ+ tambi\u00e9n tienen un lugar.\"><\/p>\n<p>La hija de Mart\u00edn Karadagi\u00e1n espera confirmar pronto el regreso a la pantalla de \u00abTitanes en el ring\u00bb con un giro contempor\u00e1neo en el que las mujeres y la comunidad LGBTIQ+ tambi\u00e9n tienen un lugar.<\/p>\n<\/div>\n<p>Sus restos descansan en el Cementerio de la Recoleta y su memoria y esp\u00edritu, intactos, en su hija Paulina, que tras algunos intentos fallidos de reflotar el programa, espera confirmar pronto <strong>el regreso a la pantalla de \u00abTitanes en el ring\u00bb con un giro contempor\u00e1neo en el que las mujeres y la comunidad LGBTIQ+<\/strong> tambi\u00e9n tienen un lugar en el futuro de este \u00edcono de la cultura popular argentina.<\/p>\n","protected":false},"excerpt":{"rendered":"<p>Mart\u00edn Karadagi\u00e1n, creador y protagonista de \u00abTitanes en el ring\u00bb, el primer show televisivo y cinematogr\u00e1fico de lucha libre del pa\u00eds Se cumplen tres d\u00e9cadas del fallecimiento de Mart\u00edn Karadagi\u00e1n, el humilde porte\u00f1o de ascendencia armenia que a fuerza de imaginaci\u00f3n e inventiva trascendi\u00f3 para siempre en la cultura popular argentina como el creador y [&hellip;]<\/p>\n","protected":false},"author":1,"featured_media":8915,"comment_status":"closed","ping_status":"closed","sticky":false,"template":"","format":"standard","meta":[],"categories":[9],"tags":[],"_links":{"self":[{"href":"http:\/\/nuevacordoba.net\/index.php\/wp-json\/wp\/v2\/posts\/8914"}],"collection":[{"href":"http:\/\/nuevacordoba.net\/index.php\/wp-json\/wp\/v2\/posts"}],"about":[{"href":"http:\/\/nuevacordoba.net\/index.php\/wp-json\/wp\/v2\/types\/post"}],"author":[{"embeddable":true,"href":"http:\/\/nuevacordoba.net\/index.php\/wp-json\/wp\/v2\/users\/1"}],"replies":[{"embeddable":true,"href":"http:\/\/nuevacordoba.net\/index.php\/wp-json\/wp\/v2\/comments?post=8914"}],"version-history":[{"count":0,"href":"http:\/\/nuevacordoba.net\/index.php\/wp-json\/wp\/v2\/posts\/8914\/revisions"}],"wp:featuredmedia":[{"embeddable":true,"href":"http:\/\/nuevacordoba.net\/index.php\/wp-json\/wp\/v2\/media\/8915"}],"wp:attachment":[{"href":"http:\/\/nuevacordoba.net\/index.php\/wp-json\/wp\/v2\/media?parent=8914"}],"wp:term":[{"taxonomy":"category","embeddable":true,"href":"http:\/\/nuevacordoba.net\/index.php\/wp-json\/wp\/v2\/categories?post=8914"},{"taxonomy":"post_tag","embeddable":true,"href":"http:\/\/nuevacordoba.net\/index.php\/wp-json\/wp\/v2\/tags?post=8914"}],"curies":[{"name":"wp","href":"https:\/\/api.w.org\/{rel}","templated":true}]}}