{"id":8926,"date":"2021-08-27T20:15:18","date_gmt":"2021-08-27T20:15:18","guid":{"rendered":"http:\/\/cordobanewsnet.wordpress.com\/?p=6118"},"modified":"2021-08-27T20:15:18","modified_gmt":"2021-08-27T20:15:18","slug":"tremendo-choque-en-cadena-en-la-cabina-del-peaje-de-ruta-e53","status":"publish","type":"post","link":"http:\/\/nuevacordoba.net\/index.php\/2021\/08\/27\/tremendo-choque-en-cadena-en-la-cabina-del-peaje-de-ruta-e53\/","title":{"rendered":"Tremendo choque en cadena en la cabina del peaje de ruta E53"},"content":{"rendered":"<p><!-- \/featured-media --> <\/p>\n<div class=\"post-content clear\" readability=\"53.194831013916\">\n<p>Pasado el mediod\u00eda, un&nbsp;<strong>violento choque en cadena<\/strong>&nbsp;tuvo lugar en la&nbsp;<strong>autopista E53<\/strong>&nbsp;frente al Aeropuerto de C\u00f3rdoba, en direcci\u00f3n hacia la localidad de Villa Allende.&nbsp;<\/p>\n<p>Un auto a toda velocidad embisti\u00f3 a otro que estaba en la fila del peaje, provocando un accidente m\u00faltiple. Un tercer veh\u00edculo y una moto se vieron afectados.&nbsp;El Mercedes termin\u00f3 impactando contra la cabija de peajes.&nbsp;<\/p>\n<p>De acuero a la informaci\u00f3n a la que pudo acceder&nbsp;<em><strong>El Doce<\/strong><\/em>, la moto estaba pagando y detr\u00e1s esperaban su turno un Fiat Regata y Toyota Corolla.&nbsp;Cuando la moto fue habilitada a pasar, el Mercedes no fren\u00f3 y los choc\u00f3 brutalmente<\/p>\n<figure class=\"wp-block-image\"><img src=\"http:\/\/nuevacordoba.net\/wp-content\/uploads\/2021\/08\/tremendo-choque-en-cadena-en-la-cabina-del-peaje-de-ruta-e53.jpg\" alt=\"Un auto embisti\u00f3 a otros dos veh\u00edculos y a una moto en el peaje a la altura del aeropuerto. \/ Foto: Paula Fern\u00e1ndez El Doce\" title=\"Un auto embisti\u00f3 a otros dos veh\u00edculos y a una moto en el peaje a la altura del aeropuerto. \/ Foto: Paula Fern\u00e1ndez El Doce\"><\/figure>\n<p>Un auto embisti\u00f3 a otros dos veh\u00edculos y a una moto en el peaje a la altura del aeropuerto. \/ Foto: Paula Fern\u00e1ndez El Doce<\/p>\n<p>No hubo heridos de gravedad. Solo tres personas, entre ellas, el conductor del auto que provoc\u00f3 el choque y los ocupantes del Regata fueron trasladados al hospital de Unquillo.<\/p>\n<div id=\"jp-post-flair\" class=\"sharedaddy sd-like-enabled sd-sharing-enabled\">\n<div class=\"sharedaddy sd-sharing-enabled\">\n<div class=\"robots-nocontent sd-block sd-social sd-social-icon-text sd-sharing\">\n<h3 class=\"sd-title\">Share this:<\/h3>\n<\/div>\n<\/div>\n<div class=\"sharedaddy sd-block sd-like jetpack-likes-widget-wrapper jetpack-likes-widget-unloaded\" id=\"like-post-wrapper-143108178-6118-6129871ace081\" data-src=\"\/\/widgets.wp.com\/likes\/index.html?ver=20210818#blog_id=143108178&amp;post_id=6118&amp;origin=cordobanewsnet.wordpress.com&amp;obj_id=143108178-6118-6129871ace081\" data-name=\"like-post-frame-143108178-6118-6129871ace081\" data-title=\"Me gusta o Compartir\">\n<h3 class=\"sd-title\">Me gusta esto:<\/h3>\n<p><span class=\"button\"><span>Me gusta<\/span><\/span> <span class=\"loading\">Cargando&#8230;<\/span><\/p>\n<p><span class=\"sd-text-color\"><\/span><\/div>\n<p><h3 class=\"jp-relatedposts-headline\"><em>Relacionado<\/em><\/h3>\n<\/p>\n<\/div><\/div>\n<p><!--\/.post-content--> <\/p>\n<footer class=\"post-meta-container clear\" readability=\"0.37016574585635\">\n<div class=\"entry-author author-avatar-show\" readability=\"13.114754098361\">\n<div class=\"author-avatar\"> <img loading=\"lazy\" alt src=\"http:\/\/nuevacordoba.net\/wp-content\/uploads\/2021\/08\/tremendo-choque-en-cadena-en-la-cabina-del-peaje-de-ruta-e53.png\" class=\"avatar avatar-90\" height=\"90\" width=\"90\"> <\/div>\n<p><!-- .author-avatar --> <\/p>\n<p><h2 class=\"author-title\">Publicado por <span class=\"author-name\">Redacci\u00f3n<\/span><\/h2>\n<\/p>\n<p><!-- .author-heading --> <\/p>\n<p class=\"author-bio\"> <a class=\"author-link\" href=\"https:\/\/cordobanewsnet.wordpress.com\/author\/prettomatias\/\" rel=\"author\"> Ver todas las entradas de Redacci\u00f3n <\/a> <\/p>\n<p><!-- .author-bio --> <\/div>\n<p><!-- .entry-auhtor --> <\/footer>\n<p> <!-- \/post-meta-container --> <!-- #respond --> <\/p>\n","protected":false},"excerpt":{"rendered":"<p>Pasado el mediod\u00eda, un&nbsp;violento choque en cadena&nbsp;tuvo lugar en la&nbsp;autopista E53&nbsp;frente al Aeropuerto de C\u00f3rdoba, en direcci\u00f3n hacia la localidad de Villa Allende.&nbsp; Un auto a toda velocidad embisti\u00f3 a otro que estaba en la fila del peaje, provocando un accidente m\u00faltiple. Un tercer veh\u00edculo y una moto se vieron afectados.&nbsp;El Mercedes termin\u00f3 impactando contra [&hellip;]<\/p>\n","protected":false},"author":1,"featured_media":8927,"comment_status":"closed","ping_status":"closed","sticky":false,"template":"","format":"standard","meta":[],"categories":[14],"tags":[],"_links":{"self":[{"href":"http:\/\/nuevacordoba.net\/index.php\/wp-json\/wp\/v2\/posts\/8926"}],"collection":[{"href":"http:\/\/nuevacordoba.net\/index.php\/wp-json\/wp\/v2\/posts"}],"about":[{"href":"http:\/\/nuevacordoba.net\/index.php\/wp-json\/wp\/v2\/types\/post"}],"author":[{"embeddable":true,"href":"http:\/\/nuevacordoba.net\/index.php\/wp-json\/wp\/v2\/users\/1"}],"replies":[{"embeddable":true,"href":"http:\/\/nuevacordoba.net\/index.php\/wp-json\/wp\/v2\/comments?post=8926"}],"version-history":[{"count":0,"href":"http:\/\/nuevacordoba.net\/index.php\/wp-json\/wp\/v2\/posts\/8926\/revisions"}],"wp:featuredmedia":[{"embeddable":true,"href":"http:\/\/nuevacordoba.net\/index.php\/wp-json\/wp\/v2\/media\/8927"}],"wp:attachment":[{"href":"http:\/\/nuevacordoba.net\/index.php\/wp-json\/wp\/v2\/media?parent=8926"}],"wp:term":[{"taxonomy":"category","embeddable":true,"href":"http:\/\/nuevacordoba.net\/index.php\/wp-json\/wp\/v2\/categories?post=8926"},{"taxonomy":"post_tag","embeddable":true,"href":"http:\/\/nuevacordoba.net\/index.php\/wp-json\/wp\/v2\/tags?post=8926"}],"curies":[{"name":"wp","href":"https:\/\/api.w.org\/{rel}","templated":true}]}}