{"id":895,"date":"2021-02-11T18:49:01","date_gmt":"2021-02-11T18:49:01","guid":{"rendered":"http:\/\/cordobanewsnet.wordpress.com\/?p=4977"},"modified":"2021-02-11T18:49:01","modified_gmt":"2021-02-11T18:49:01","slug":"medico-trucho-del-coe-lo-acusan-de-una-muerte-y-de-recomendar-marihuana-a-un-joven","status":"publish","type":"post","link":"http:\/\/nuevacordoba.net\/index.php\/2021\/02\/11\/medico-trucho-del-coe-lo-acusan-de-una-muerte-y-de-recomendar-marihuana-a-un-joven\/","title":{"rendered":"M\u00e9dico trucho del COE: Lo acusan de una muerte y de recomendar marihuana a un joven"},"content":{"rendered":"<div><img src=\"http:\/\/nuevacordoba.net\/wp-content\/uploads\/2021\/02\/medico-trucho-del-coe-lo-acusan-de-una-muerte-y-de-recomendar-marihuana-a-un-joven.jpg\" class=\"ff-og-image-inserted\"><\/div>\n<p>Ignacio Martin de 19 a\u00f1os qued\u00f3 detenido&nbsp;el pasado 4 de febrero. Est\u00e1 imputado por&nbsp;<strong>\u201cfalsificaci\u00f3n y uso de documento p\u00fablico, ejercicio ilegal del arte de curar y de una profesi\u00f3n\u201d<\/strong>. Durante los meses m\u00e1s cr\u00edticos de la pandemia del coronavirus en 2020,&nbsp;&nbsp;lleg\u00f3 a tener un alto cargo en el COE de R\u00edo Cuarto.<\/p>\n<p>El falso profesional contin\u00faa sumando denuncias. El primer caso de mala praxis fue en la capital alterna:<strong>&nbsp;un joven de 29 a\u00f1os muri\u00f3 tras recibir su asistencia domiciliaria<\/strong>. Seg\u00fan denunci\u00f3 la familia, Mart\u00edn no sab\u00eda hacer RCP (Reanimaci\u00f3n Cardiopulmonar). Tambi\u00e9n lo acusaron de diagnosticarle coronavirus a un hombre cuando en realidad<strong>&nbsp;ten\u00eda un problema card\u00edaco<\/strong>.&nbsp;<\/p>\n<p>Otra historia lamentable se conoci\u00f3 y el m\u00e9dico trucho del COE vuelve a quedar involucrado. Seg\u00fan cont\u00f3 Mar\u00eda Fern\u00e1ndez, su mam\u00e1 de 84 a\u00f1os falleci\u00f3 despu\u00e9s de ser atendida por \u00e9l, quien<strong>&nbsp;la canaliz\u00f3 para ponerle suero, la medic\u00f3 y deriv\u00f3 a una cl\u00ednica donde finalmente ocurri\u00f3 del triste desenlace<\/strong>.<\/p>\n<p>La anciana se descompens\u00f3 cuando estaba velando a su marido. En un primer momento fue atendido por un servicio de emergencia privado. Pero otro familiar solicit\u00f3 al ayuda del COE de R\u00edo Cuarto. Fue en ese momento que lleg\u00f3 Ignacio Mart\u00edn junto a una enfermera.<\/p>\n<p>\u201cBaj\u00f3 un malet\u00edn, sac\u00f3 ampollas, y&nbsp;<strong>comenz\u00f3 a darle medicaci\u00f3n. Me asust\u00e9 porque no s\u00e9 qu\u00e9 le dio<\/strong>\u201c, relat\u00f3 la hija de la v\u00edctima a&nbsp;<em>Telediario Digital<\/em>. \u201cRomp\u00edan ampollas y la inyectaban en su brazo.&nbsp;<strong>Se le reventaban todas las venas&nbsp;<\/strong>y lo \u00fanico que le dec\u00edan era: \u2018Perd\u00f3n se\u00f1ora, no queremos hacerle doler\u201d\u2018.<\/p>\n<p>El m\u00e9dico trucho decidi\u00f3 derivarla a una cl\u00ednica privada. Acompa\u00f1\u00f3 a la mujer de 84 a\u00f1os en ambulancia y al llegar al centro de salud, le dijo a Mar\u00eda Fern\u00e1ndez:&nbsp;<strong>\u201cHasta ac\u00e1 llegu\u00e9, m\u00e1s no puedo hacer\u201d<\/strong>.<\/p>\n<div id=\"jp-post-flair\" class=\"sharedaddy sd-like-enabled sd-sharing-enabled\">\n<div class=\"sharedaddy sd-sharing-enabled\">\n<div class=\"robots-nocontent sd-block sd-social sd-social-icon-text sd-sharing\">\n<h3 class=\"sd-title\">Share this:<\/h3>\n<\/div>\n<\/div>\n<div class=\"sharedaddy sd-block sd-like jetpack-likes-widget-wrapper jetpack-likes-widget-unloaded\" id=\"like-post-wrapper-143108178-4977-6025be6441afb\" data-src=\"\/\/widgets.wp.com\/likes\/index.html?ver=20200826#blog_id=143108178&amp;post_id=4977&amp;origin=cordobanewsnet.wordpress.com&amp;obj_id=143108178-4977-6025be6441afb\" data-name=\"like-post-frame-143108178-4977-6025be6441afb\">\n<h3 class=\"sd-title\">Me gusta esto:<\/h3>\n<p><span class=\"button\"><span>Me gusta<\/span><\/span> <span class=\"loading\">Cargando&#8230;<\/span><\/p>\n<p><span class=\"sd-text-color\"><\/span><\/div>\n<p><h3 class=\"jp-relatedposts-headline\"><em>Relacionado<\/em><\/h3>\n<\/p>\n<\/div>\n","protected":false},"excerpt":{"rendered":"<p>Ignacio Martin de 19 a\u00f1os qued\u00f3 detenido&nbsp;el pasado 4 de febrero. Est\u00e1 imputado por&nbsp;\u201cfalsificaci\u00f3n y uso de documento p\u00fablico, ejercicio ilegal del arte de curar y de una profesi\u00f3n\u201d. Durante los meses m\u00e1s cr\u00edticos de la pandemia del coronavirus en 2020,&nbsp;&nbsp;lleg\u00f3 a tener un alto cargo en el COE de R\u00edo Cuarto. El falso profesional [&hellip;]<\/p>\n","protected":false},"author":1,"featured_media":896,"comment_status":"closed","ping_status":"closed","sticky":false,"template":"","format":"standard","meta":[],"categories":[14],"tags":[],"_links":{"self":[{"href":"http:\/\/nuevacordoba.net\/index.php\/wp-json\/wp\/v2\/posts\/895"}],"collection":[{"href":"http:\/\/nuevacordoba.net\/index.php\/wp-json\/wp\/v2\/posts"}],"about":[{"href":"http:\/\/nuevacordoba.net\/index.php\/wp-json\/wp\/v2\/types\/post"}],"author":[{"embeddable":true,"href":"http:\/\/nuevacordoba.net\/index.php\/wp-json\/wp\/v2\/users\/1"}],"replies":[{"embeddable":true,"href":"http:\/\/nuevacordoba.net\/index.php\/wp-json\/wp\/v2\/comments?post=895"}],"version-history":[{"count":0,"href":"http:\/\/nuevacordoba.net\/index.php\/wp-json\/wp\/v2\/posts\/895\/revisions"}],"wp:featuredmedia":[{"embeddable":true,"href":"http:\/\/nuevacordoba.net\/index.php\/wp-json\/wp\/v2\/media\/896"}],"wp:attachment":[{"href":"http:\/\/nuevacordoba.net\/index.php\/wp-json\/wp\/v2\/media?parent=895"}],"wp:term":[{"taxonomy":"category","embeddable":true,"href":"http:\/\/nuevacordoba.net\/index.php\/wp-json\/wp\/v2\/categories?post=895"},{"taxonomy":"post_tag","embeddable":true,"href":"http:\/\/nuevacordoba.net\/index.php\/wp-json\/wp\/v2\/tags?post=895"}],"curies":[{"name":"wp","href":"https:\/\/api.w.org\/{rel}","templated":true}]}}