{"id":8957,"date":"2021-08-28T08:38:07","date_gmt":"2021-08-28T08:38:07","guid":{"rendered":"https:\/\/www.bbc.com\/mundo\/noticias-internacional-58263319"},"modified":"2021-08-28T08:38:07","modified_gmt":"2021-08-28T08:38:07","slug":"que-significa-que-el-taliban-defina-a-afganistan-como-un-emirato-islamico","status":"publish","type":"post","link":"http:\/\/nuevacordoba.net\/index.php\/2021\/08\/28\/que-significa-que-el-taliban-defina-a-afganistan-como-un-emirato-islamico\/","title":{"rendered":"Qu\u00e9 significa que el Talib\u00e1n defina a Afganist\u00e1n como un Emirato Isl\u00e1mico"},"content":{"rendered":"<div dir=\"ltr\" class=\"e1j2237y5 bbc-q4ibpr e57qer20\">\n<div class=\"bbc-1atl7vu e1c9i7u14\">\n<ul role=\"list\" class=\"bbc-cdrraw e1c9i7u12\">\n<li role=\"listitem\" class=\"bbc-1a3w4ok e1c9i7u11\">Guillermo D. Olmo @BBCgolmo<\/li>\n<li role=\"listitem\" class=\"bbc-1p92jtu e1c9i7u10\">BBC News Mundo<\/li>\n<\/ul>\n<\/div>\n<\/div>\n<p><time datetime=\"2021-08-28\" class=\"bbc-14xtggo e4zesg50\">4 horas<\/time><\/p>\n<div dir=\"ltr\" class=\"bbc-1ka88fa e57qer20\">\n<figure class=\"bbc-1qdcvv9 e6bmn90\">\n<div dir=\"ltr\" class=\"bbc-172p16q e57qer20\">\n<div dir=\"ltr\" class=\"bbc-189y18v e57qer20\" readability=\"6.5\">\n<div data-e2e=\"image-placeholder\" class=\"bbc-1k5hvrj e1whu0\" readability=\"8\"><img loading=\"lazy\" srcset=\"http:\/\/nuevacordoba.net\/wp-content\/uploads\/2021\/08\/que-significa-que-el-taliban-defina-a-afganistan-como-un-emirato-islamico-5.jpg 240w, http:\/\/nuevacordoba.net\/wp-content\/uploads\/2021\/08\/que-significa-que-el-taliban-defina-a-afganistan-como-un-emirato-islamico-6.jpg 320w, http:\/\/nuevacordoba.net\/wp-content\/uploads\/2021\/08\/que-significa-que-el-taliban-defina-a-afganistan-como-un-emirato-islamico-7.jpg 480w, http:\/\/nuevacordoba.net\/wp-content\/uploads\/2021\/08\/que-significa-que-el-taliban-defina-a-afganistan-como-un-emirato-islamico-8.jpg 624w, http:\/\/nuevacordoba.net\/wp-content\/uploads\/2021\/08\/que-significa-que-el-taliban-defina-a-afganistan-como-un-emirato-islamico-9.jpg 800w\" alt=\"Dos talibanes instalan una bandera en Kabul.\" src=\"http:\/\/nuevacordoba.net\/wp-content\/uploads\/2021\/08\/que-significa-que-el-taliban-defina-a-afganistan-como-un-emirato-islamico.jpg\" width=\"976\" height=\"549\" class=\"eehpdyc0 bbc-oabvne e1enwo3v0\"><\/p>\n<p role=\"text\" class=\"bbc-1s1cxbv etq3yw90\"><span class=\"bbc-1gnhmg2 e1yt7oin0\">Fuente de la imagen, <\/span><span lang=\"en-GB\">Getty Images<\/span><\/p>\n<\/div>\n<\/div>\n<div dir=\"ltr\" class=\"bbc-3edg7g e57qer20\" readability=\"6\"><figcaption dir=\"ltr\" class=\"bbc-1t9zlwf eede9f50\" readability=\"2\"><span class=\"bbc-1gnhmg2 e1yt7oin0\">Pie de foto, <\/span><\/p>\n<p>Los talibanes izaron su propia bandera en los edificios oficiales del pa\u00eds.<\/p>\n<\/figcaption><\/div>\n<\/div>\n<\/figure>\n<\/div>\n<div dir=\"ltr\" class=\"bbc-19j92fr e57qer20\" readability=\"7\">\n<p dir=\"ltr\" class=\"bbc-bm53ic e1cc2ql70\"><b>Afganist\u00e1n cambi\u00f3 radicalmente en solo unos d\u00edas. <\/b><\/p>\n<\/div>\n<div dir=\"ltr\" class=\"bbc-19j92fr e57qer20\" readability=\"10\">\n<p dir=\"ltr\" class=\"bbc-bm53ic e1cc2ql70\">Aunque a\u00fan son muchas las inc\u00f3gnitas sobre el r\u00e9gimen que quieren implantar los talibanes ahora que han recuperado el control del pa\u00eds y las tropas estadounidenses aceleran su ca\u00f3tica retirada, una cosa est\u00e1 clara: la Rep\u00fablica Isl\u00e1mica de Afganist\u00e1n pas\u00f3 a la historia. <\/p>\n<\/div>\n<div dir=\"ltr\" class=\"bbc-19j92fr e57qer20\" readability=\"12\">\n<p dir=\"ltr\" class=\"bbc-bm53ic e1cc2ql70\">La salida del pa\u00eds de su presidente, Ashraf Ghani, y la ca\u00edda de Kabul en manos del talib\u00e1n son ya el primer cap\u00edtulo de una nueva era, la del emirato isl\u00e1mico que los insurgentes planean implantar en Afganist\u00e1n. <\/p>\n<\/div>\n<div dir=\"ltr\" class=\"bbc-19j92fr e57qer20\" readability=\"11\">\n<p dir=\"ltr\" class=\"bbc-bm53ic e1cc2ql70\">De hecho los talibanes se definen a s\u00ed mismos como <b>el Emirato Isl\u00e1mico de Afganist\u00e1n<\/b>. Bajo esa denominaci\u00f3n firmaron el Acuerdo de Doha de 2020, que supuso el pre\u00e1mbulo para la retirada de Estados Unidos, y sus portavoces la han repetido en los \u00faltimos d\u00edas.<\/p>\n<\/div>\n<div dir=\"ltr\" class=\"bbc-19j92fr e57qer20\" readability=\"8\">\n<p dir=\"ltr\" class=\"bbc-bm53ic e1cc2ql70\">Y as\u00ed ha llamado al pa\u00eds en sus ruedas de prensa el portavoz de los talibanes, Zabihullah Mujahid<\/p>\n<\/div>\n<div dir=\"ltr\" class=\"bbc-19j92fr e57qer20\" readability=\"13\">\n<p dir=\"ltr\" class=\"bbc-bm53ic e1cc2ql70\">El nuevo r\u00e9gimen ya ha encontrado contestaci\u00f3n, como ya han dejado claro las protestas en ciudades como Kabul, Jalalabad y Asadabad, donde los manifestantes fueron reprimidos a tiros mientras enarbolaban la bandera de la Rep\u00fablica, que los talibanes han decidido sustituir por la suya propia. <\/p>\n<\/div>\n<div dir=\"ltr\" class=\"bbc-19j92fr e57qer20\" readability=\"10\">\n<p dir=\"ltr\" class=\"bbc-bm53ic e1cc2ql70\">El cambio de nombre encierra implicaciones pol\u00edticas, ideol\u00f3gicas y religiosas que podr\u00edan tener <b>profundas consecuencias<\/b> para los afganos y para las relaciones de su pa\u00eds con el resto del mundo isl\u00e1mico y la comunidad internacional en general. <\/p>\n<\/div>\n<p><h2 id=\"Qu\u00e9-es-un-emirato-y-qu\u00e9-significa\" tabindex=\"-1\" class=\"bbc-l3e97o e14hemmw0\">Qu\u00e9 es un emirato y qu\u00e9 significa<\/h2>\n<\/p>\n<div dir=\"ltr\" class=\"bbc-19j92fr e57qer20\" readability=\"10\">\n<p dir=\"ltr\" class=\"bbc-bm53ic e1cc2ql70\">Este tipo de Estado se concentra en la zona del Golfo P\u00e9rsico. Qatar y Kuwait son emiratos. Emiratos \u00c1rabes Unidos, como su propio nombre indica, una federaci\u00f3n de ellos. <\/p>\n<\/div>\n<div dir=\"ltr\" class=\"bbc-19j92fr e57qer20\" readability=\"14\">\n<p dir=\"ltr\" class=\"bbc-bm53ic e1cc2ql70\">Al contrario de lo que sucede en las rep\u00fablicas, donde el presidente no ostenta el liderazgo religioso, en el emirato \u00ab<b>el poder pol\u00edtico y el religioso est\u00e1n vinculados en la figura del emir<\/b>\u00ab, explica en conversaci\u00f3n con BBC Mundo Javier Guirado, investigador del Centro de Estudios sobre Oriente Medio de la Georgia State University. <\/p>\n<\/div>\n<div dir=\"ltr\" class=\"bbc-19j92fr e57qer20\" readability=\"8\">\n<p dir=\"ltr\" class=\"bbc-bm53ic e1cc2ql70\">La imbricaci\u00f3n entre el poder pol\u00edtico y el poder religioso son habituales en muchos pa\u00edses musulmanes. <\/p>\n<\/div>\n<div dir=\"ltr\" class=\"bbc-19j92fr e57qer20\" readability=\"13\">\n<p dir=\"ltr\" class=\"bbc-bm53ic e1cc2ql70\">Thomas Barfield, antrop\u00f3logo especializado en Afganist\u00e1n de la Universidad de Boston, explica que \u00ablos or\u00edgenes del t\u00edtulo de emir se remontan al de <b>am\u012br almu&#8217;min\u012bn\u00bb<\/b>, que pas\u00f3 al espa\u00f1ol como miramamol\u00edn o comandante de los fieles. El t\u00edtulo ya fue utilizado por algunos l\u00edderes militares en vida del profeta Mahoma (570-632). <\/p>\n<\/div>\n<div dir=\"ltr\" class=\"bbc-19j92fr e57qer20\" readability=\"11\">\n<p dir=\"ltr\" class=\"bbc-bm53ic e1cc2ql70\">Barfield explica que el emirato tambi\u00e9n implica diferencias respecto al califato, que es lo que reivindica ser el Estado Isl\u00e1mico, organizaci\u00f3n considerada terrorista por Estados Unidos y la Uni\u00f3n Europea.<\/p>\n<\/div>\n<div dir=\"ltr\" class=\"bbc-19j92fr e57qer20\" readability=\"9\">\n<p dir=\"ltr\" class=\"bbc-bm53ic e1cc2ql70\">\u00abEl Estado Isl\u00e1mico dice que tiene un plan para conquistar el mundo y asegura que su califa ejerce el poder sobre todos los musulmanes all\u00ed donde se encuentren. Los talibanes se consideran una unidad pol\u00edtica independiente que <b>comprende solo a quienes viven en el territorio<\/b> de Afganist\u00e1n\u00bb.<\/p>\n<\/div>\n<div dir=\"ltr\" class=\"bbc-19j92fr e57qer20\" readability=\"10\">\n<p dir=\"ltr\" class=\"bbc-bm53ic e1cc2ql70\">De hecho, explica Guirado \u00abel califato viene del periodo de los llamados cuatro califas ortodoxos, cuando el islam estuvo regido por los descendientes directos del profeta Mahoma\u00bb en el siglo VII. <\/p>\n<\/div>\n<div dir=\"ltr\" class=\"bbc-1ka88fa e57qer20\">\n<figure class=\"bbc-1qdcvv9 e6bmn90\">\n<div dir=\"ltr\" class=\"bbc-172p16q e57qer20\">\n<div dir=\"ltr\" class=\"bbc-189y18v e57qer20\" readability=\"6.5\">\n<div data-e2e=\"image-placeholder\" class=\"bbc-1k5hvrj e1whu0\" readability=\"8\"><noscript><img loading=\"lazy\" srcset=\"http:\/\/nuevacordoba.net\/wp-content\/uploads\/2021\/08\/que-significa-que-el-taliban-defina-a-afganistan-como-un-emirato-islamico-10.jpg 240w, http:\/\/nuevacordoba.net\/wp-content\/uploads\/2021\/08\/que-significa-que-el-taliban-defina-a-afganistan-como-un-emirato-islamico-11.jpg 320w, http:\/\/nuevacordoba.net\/wp-content\/uploads\/2021\/08\/que-significa-que-el-taliban-defina-a-afganistan-como-un-emirato-islamico-12.jpg 480w, http:\/\/nuevacordoba.net\/wp-content\/uploads\/2021\/08\/que-significa-que-el-taliban-defina-a-afganistan-como-un-emirato-islamico-13.jpg 624w, http:\/\/nuevacordoba.net\/wp-content\/uploads\/2021\/08\/que-significa-que-el-taliban-defina-a-afganistan-como-un-emirato-islamico-14.jpg 800w\" alt=\"El l\u00edder de Estado Isl\u00e1mico, Abu Bakr al Baghdadi.\" src=\"http:\/\/nuevacordoba.net\/wp-content\/uploads\/2021\/08\/que-significa-que-el-taliban-defina-a-afganistan-como-un-emirato-islamico-1.jpg\" width=\"976\" height=\"549\" class=\"eehpdyc0 bbc-oabvne e1enwo3v0\"><\/noscript><\/p>\n<p role=\"text\" class=\"bbc-1s1cxbv etq3yw90\"><span class=\"bbc-1gnhmg2 e1yt7oin0\">Fuente de la imagen, <\/span><span lang=\"en-GB\">Getty Images<\/span><\/p>\n<\/div>\n<\/div>\n<div dir=\"ltr\" class=\"bbc-3edg7g e57qer20\" readability=\"7\"><figcaption dir=\"ltr\" class=\"bbc-1t9zlwf eede9f50\" readability=\"4\"><span class=\"bbc-1gnhmg2 e1yt7oin0\">Pie de foto, <\/span><\/p>\n<p>El l\u00edder de Estado Isl\u00e1mico, Abu Bakr al Baghdadi, define a su organizaci\u00f3n como un califato.<\/p>\n<\/figcaption><\/div>\n<\/div>\n<\/figure>\n<\/div>\n<div dir=\"ltr\" class=\"bbc-19j92fr e57qer20\" readability=\"12\">\n<p dir=\"ltr\" class=\"bbc-bm53ic e1cc2ql70\">Cuando ese califato unificado se disgreg\u00f3, empezaron a surgir emiratos y tambi\u00e9n sultanatos. El de sult\u00e1n, explica Barfield, \u00abes un t\u00edtulo que tiende a privilegiar el aspecto militar del liderazgo\u00bb. <\/p>\n<\/div>\n<div dir=\"ltr\" class=\"bbc-19j92fr e57qer20\" readability=\"8\">\n<p dir=\"ltr\" class=\"bbc-bm53ic e1cc2ql70\">\u00bfC\u00f3mo se llevar\u00e1 entonces el emirato de los talibanes en Afganist\u00e1n con el califato universal que sue\u00f1an construir los yihadistas de Estado Isl\u00e1mico?<\/p>\n<\/div>\n<div dir=\"ltr\" class=\"bbc-19j92fr e57qer20\" readability=\"8\">\n<p dir=\"ltr\" class=\"bbc-bm53ic e1cc2ql70\">Barfield responde: \u00ab<b>Ambos grupos se ven como rivales<\/b> y ser\u00e1 interesante ver si ahora empiezan a explotar bombas de Estado Isl\u00e1mico en Kabul\u00bb.<\/p>\n<\/div>\n<div dir=\"ltr\" class=\"bbc-19j92fr e57qer20\" readability=\"7\">\n<p dir=\"ltr\" class=\"bbc-bm53ic e1cc2ql70\">Algo que ocurri\u00f3 el jueves 25 de agosto en el aeropuerto de Kabul.<\/p>\n<\/div>\n<div dir=\"ltr\" class=\"bbc-19j92fr e57qer20\" readability=\"9\">\n<p dir=\"ltr\" class=\"bbc-bm53ic e1cc2ql70\">Esa rivalidad es una de las esperanzas a las que se aferra la diplomacia estadounidense para creer en la promesa talib\u00e1n de que impedir\u00e1n que el territorio afgano se utilice para lanzar ataques contra intereses occidentales. <\/p>\n<\/div>\n<p><h2 id=\"Por-qu\u00e9-un-emirato\" tabindex=\"-1\" class=\"bbc-l3e97o e14hemmw0\">Por qu\u00e9 un emirato<\/h2>\n<\/p>\n<div dir=\"ltr\" class=\"bbc-19j92fr e57qer20\" readability=\"9\">\n<p dir=\"ltr\" class=\"bbc-bm53ic e1cc2ql70\">\u00abLa elecci\u00f3n de un modelo como el emirato <b>hunde sus ra\u00edces en la propia tradici\u00f3n pol\u00edtica de los talibanes<\/b>\u00ab, explica Guirado. <\/p>\n<\/div>\n<div dir=\"ltr\" class=\"bbc-19j92fr e57qer20\" readability=\"10\">\n<p dir=\"ltr\" class=\"bbc-bm53ic e1cc2ql70\">De hecho, el Mul\u00e1 Omar, l\u00edder del r\u00e9gimen talib\u00e1n hasta que la invasi\u00f3n estadounidense provoc\u00f3 su ca\u00edda en 2001 ostentaba el t\u00edtulo de emir. <\/p>\n<\/div>\n<div dir=\"ltr\" class=\"bbc-19j92fr e57qer20\" readability=\"7\">\n<p dir=\"ltr\" class=\"bbc-bm53ic e1cc2ql70\">Pero la tradici\u00f3n del emirato en Afganist\u00e1n <b>es mucho m\u00e1s antigua<\/b> que el movimiento talib\u00e1n. <\/p>\n<\/div>\n<div dir=\"ltr\" class=\"bbc-19j92fr e57qer20\" readability=\"14\">\n<p dir=\"ltr\" class=\"bbc-bm53ic e1cc2ql70\">Barfield explica que \u00abel t\u00edtulo se utiliz\u00f3 por primera vez en Afganist\u00e1n en el siglo XIX. Hasta entonces, los l\u00edderes hab\u00edan recibido el t\u00edtulo de sha, pero surgi\u00f3 una disputa pol\u00edtica, porque para ser sha se requer\u00eda ser descendiente de Ahmad Sha Durrani\u00bb (1722-1772) , fundador del imperio afgano y considerado el padre del Afganist\u00e1n moderno. <\/p>\n<\/div>\n<div dir=\"ltr\" class=\"bbc-1ka88fa e57qer20\">\n<figure class=\"bbc-1qdcvv9 e6bmn90\">\n<div dir=\"ltr\" class=\"bbc-172p16q e57qer20\">\n<div dir=\"ltr\" class=\"bbc-189y18v e57qer20\" readability=\"6.5\">\n<div data-e2e=\"image-placeholder\" class=\"bbc-1k5hvrj e1whu0\" readability=\"8\"><noscript><img loading=\"lazy\" srcset=\"http:\/\/nuevacordoba.net\/wp-content\/uploads\/2021\/08\/que-significa-que-el-taliban-defina-a-afganistan-como-un-emirato-islamico-15.jpg 240w, http:\/\/nuevacordoba.net\/wp-content\/uploads\/2021\/08\/que-significa-que-el-taliban-defina-a-afganistan-como-un-emirato-islamico-16.jpg 320w, http:\/\/nuevacordoba.net\/wp-content\/uploads\/2021\/08\/que-significa-que-el-taliban-defina-a-afganistan-como-un-emirato-islamico-17.jpg 480w, http:\/\/nuevacordoba.net\/wp-content\/uploads\/2021\/08\/que-significa-que-el-taliban-defina-a-afganistan-como-un-emirato-islamico-18.jpg 624w, http:\/\/nuevacordoba.net\/wp-content\/uploads\/2021\/08\/que-significa-que-el-taliban-defina-a-afganistan-como-un-emirato-islamico-19.jpg 800w\" alt=\"El \u00faltimo rey de Afganist\u00e1n, Mohamed Zahir Shah\" src=\"http:\/\/nuevacordoba.net\/wp-content\/uploads\/2021\/08\/que-significa-que-el-taliban-defina-a-afganistan-como-un-emirato-islamico-2.jpg\" width=\"976\" height=\"549\" class=\"eehpdyc0 bbc-oabvne e1enwo3v0\"><\/noscript><\/p>\n<p role=\"text\" class=\"bbc-1s1cxbv etq3yw90\"><span class=\"bbc-1gnhmg2 e1yt7oin0\">Fuente de la imagen, <\/span><span lang=\"en-GB\">Getty Images<\/span><\/p>\n<\/div>\n<\/div>\n<div dir=\"ltr\" class=\"bbc-3edg7g e57qer20\" readability=\"7\"><figcaption dir=\"ltr\" class=\"bbc-1t9zlwf eede9f50\" readability=\"4\"><span class=\"bbc-1gnhmg2 e1yt7oin0\">Pie de foto, <\/span><\/p>\n<p>El \u00faltimo rey de Afganist\u00e1n, Mohamed Zahir Shah, fue derrocado en un golpe de estado en 1973.<\/p>\n<\/figcaption><\/div>\n<\/div>\n<\/figure>\n<\/div>\n<div dir=\"ltr\" class=\"bbc-19j92fr e57qer20\" readability=\"10\">\n<p dir=\"ltr\" class=\"bbc-bm53ic e1cc2ql70\">\u00abCuando un nuevo grupo procedente de un linaje diferente se hizo con el poder, empez\u00f3 a adoptar el t\u00edtulo de emir <b>como manera de conseguir un estatus pol\u00edtico<\/b>\u00ab, resume el experto. <\/p>\n<\/div>\n<div dir=\"ltr\" class=\"bbc-19j92fr e57qer20\" readability=\"14\">\n<p dir=\"ltr\" class=\"bbc-bm53ic e1cc2ql70\">Afganist\u00e1n tuvo despu\u00e9s otros reg\u00edmenes pol\u00edticos, como la monarqu\u00eda constitucional de Mohamed Zahir Shah, derrocada por un golpe de estado en 1973, y la rep\u00fablica isl\u00e1mica instaurada tras la invasi\u00f3n estadounidense de 2001, pero los talibanes siempre so\u00f1aron con restaurar el viejo emirato.<\/p>\n<\/div>\n<div dir=\"ltr\" class=\"bbc-19j92fr e57qer20\" readability=\"9\">\n<p dir=\"ltr\" class=\"bbc-bm53ic e1cc2ql70\">Ahora es inevitable que lo consigan, aunque muchos afganos teman que eso signifique el regreso al r\u00e9gimen violento y opresor de las mujeres que sufrieron en la d\u00e9cada de 1990. <\/p>\n<\/div>\n<p><h2 id=\"C\u00f3mo-ser\u00e1-el-nuevo-emirato\" tabindex=\"-1\" class=\"bbc-l3e97o e14hemmw0\">C\u00f3mo ser\u00e1 el nuevo emirato<\/h2>\n<\/p>\n<div dir=\"ltr\" class=\"bbc-19j92fr e57qer20\" readability=\"7\">\n<p dir=\"ltr\" class=\"bbc-bm53ic e1cc2ql70\">Una de las preguntas que todo el mundo se hace ahora es <b>c\u00f3mo ser\u00e1 el nuevo emirato.<\/b><\/p>\n<\/div>\n<div dir=\"ltr\" class=\"bbc-19j92fr e57qer20\" readability=\"8\">\n<p dir=\"ltr\" class=\"bbc-bm53ic e1cc2ql70\">Los talibanes ya han mostrado su intenci\u00f3n de cambiar la bandera del pa\u00eds y dan por fundado el emirato. <\/p>\n<\/div>\n<div dir=\"ltr\" class=\"bbc-19j92fr e57qer20\" readability=\"12\">\n<p dir=\"ltr\" class=\"bbc-bm53ic e1cc2ql70\">La Constituci\u00f3n aprobada en 2004, bajo la ocupaci\u00f3n occidental, que declara a Afganist\u00e1n como una \u00abRep\u00fablica Isl\u00e1mica\u00bb y establece un \u00aborden basado en la voluntad popular y la democracia\u00bb, ya es papel mojado. <\/p>\n<\/div>\n<div dir=\"ltr\" class=\"bbc-19j92fr e57qer20\" readability=\"15\">\n<p dir=\"ltr\" class=\"bbc-bm53ic e1cc2ql70\">\u00abSeguramente <b>no van a redactar una nueva Constituci\u00f3n<\/b>, porque para ellos basta con la shar\u00eda o ley isl\u00e1mica, pero en Afganist\u00e1n no va haber m\u00e1s elecciones, porque para los talibanes la legitimidad del gobierno no nace de la voluntad del pueblo, sino de la voluntad de Dios\u00bb, pronostica Barfield. <\/p>\n<\/div>\n<div dir=\"ltr\" class=\"bbc-19j92fr e57qer20\" readability=\"9\">\n<p dir=\"ltr\" class=\"bbc-bm53ic e1cc2ql70\">El emir tendr\u00e1 previsiblemente poderes pol\u00edticos y judiciales, as\u00ed como autoridad religiosa. Pero \u00bfmandar\u00e1 para siempre?<\/p>\n<\/div>\n<div dir=\"ltr\" class=\"bbc-19j92fr e57qer20\" readability=\"10\">\n<p dir=\"ltr\" class=\"bbc-bm53ic e1cc2ql70\">\u00abSi uno mira al pasado afgano, se da cuenta de que <b>la mayor\u00eda de l\u00edderes solo dejaron el poder muertos o exiliados<\/b>\u00ab, indica Barfield.<\/p>\n<\/div>\n<div dir=\"ltr\" class=\"bbc-19j92fr e57qer20\" readability=\"9\">\n<p dir=\"ltr\" class=\"bbc-bm53ic e1cc2ql70\">Sin embargo, eso no significa que el emir vaya a tener un poder absoluto ni que pueda imponerse sin negociaci\u00f3n.<\/p>\n<\/div>\n<div dir=\"ltr\" class=\"bbc-19j92fr e57qer20\" readability=\"9\">\n<p dir=\"ltr\" class=\"bbc-bm53ic e1cc2ql70\">\u00abAfganist\u00e1n tiene una gran diversidad \u00e9tnica y es probable que veamos una elecci\u00f3n a trav\u00e9s de comit\u00e9s de notables\u00bb que representen a las diferentes tribus del pa\u00eds, se\u00f1ala Guirado.<\/p>\n<\/div>\n<div dir=\"ltr\" class=\"bbc-19j92fr e57qer20\" readability=\"12\">\n<p dir=\"ltr\" class=\"bbc-bm53ic e1cc2ql70\">Los pron\u00f3sticos apuntan al Mul\u00e1 Abdul Ghani Baradar, lugarteniente del Mul\u00e1 Omar y quien encabez\u00f3 la negociaci\u00f3n del Acuerdo de Doha con Estados Unidos, como el probable elegido, pero esa es una de las muchas inc\u00f3gnitas a\u00fan por despejar.<\/p>\n<\/div>\n<div dir=\"ltr\" class=\"bbc-1ka88fa e57qer20\">\n<figure class=\"bbc-1qdcvv9 e6bmn90\">\n<div dir=\"ltr\" class=\"bbc-172p16q e57qer20\">\n<div dir=\"ltr\" class=\"bbc-189y18v e57qer20\" readability=\"6.5\">\n<div data-e2e=\"image-placeholder\" class=\"bbc-1k5hvrj e1whu0\" readability=\"8\"><noscript><img loading=\"lazy\" srcset=\"http:\/\/nuevacordoba.net\/wp-content\/uploads\/2021\/08\/que-significa-que-el-taliban-defina-a-afganistan-como-un-emirato-islamico-20.jpg 240w, http:\/\/nuevacordoba.net\/wp-content\/uploads\/2021\/08\/que-significa-que-el-taliban-defina-a-afganistan-como-un-emirato-islamico-21.jpg 320w, http:\/\/nuevacordoba.net\/wp-content\/uploads\/2021\/08\/que-significa-que-el-taliban-defina-a-afganistan-como-un-emirato-islamico-22.jpg 480w, http:\/\/nuevacordoba.net\/wp-content\/uploads\/2021\/08\/que-significa-que-el-taliban-defina-a-afganistan-como-un-emirato-islamico-23.jpg 624w, http:\/\/nuevacordoba.net\/wp-content\/uploads\/2021\/08\/que-significa-que-el-taliban-defina-a-afganistan-como-un-emirato-islamico-24.jpg 800w\" alt=\"Abdul Ghani Baradar\" src=\"http:\/\/nuevacordoba.net\/wp-content\/uploads\/2021\/08\/que-significa-que-el-taliban-defina-a-afganistan-como-un-emirato-islamico-3.jpg\" width=\"976\" height=\"549\" class=\"eehpdyc0 bbc-oabvne e1enwo3v0\"><\/noscript><\/p>\n<p role=\"text\" class=\"bbc-1s1cxbv etq3yw90\"><span class=\"bbc-1gnhmg2 e1yt7oin0\">Fuente de la imagen, <\/span><span lang=\"en-GB\">Getty Images<\/span><\/p>\n<\/div>\n<\/div>\n<div dir=\"ltr\" class=\"bbc-3edg7g e57qer20\" readability=\"6\"><figcaption dir=\"ltr\" class=\"bbc-1t9zlwf eede9f50\" readability=\"2\"><span class=\"bbc-1gnhmg2 e1yt7oin0\">Pie de foto, <\/span><\/p>\n<p>Abdul Ghani Baradar es uno de los l\u00edderes que podr\u00eda ser elegido emir.<\/p>\n<\/figcaption><\/div>\n<\/div>\n<\/figure>\n<\/div>\n<div dir=\"ltr\" class=\"bbc-19j92fr e57qer20\" readability=\"11\">\n<p dir=\"ltr\" class=\"bbc-bm53ic e1cc2ql70\">Los portavoces talibanes repiten que quieren \u00abun gobierno inclusivo\u00bb y Barfield recuerda que \u00aben Afganist\u00e1n impera el islam sunita, <b>mucho menos jer\u00e1rquico que el ch\u00edita<\/b>, por lo que las facciones siempre tienden a buscar compromisos y acuerdos\u00bb. <\/p>\n<\/div>\n<div dir=\"ltr\" class=\"bbc-19j92fr e57qer20\" readability=\"10\">\n<p dir=\"ltr\" class=\"bbc-bm53ic e1cc2ql70\">\u00bfJugar\u00e1n alg\u00fan papel las mujeres en esa negociaci\u00f3n por el poder? De momento no se las ha visto en ninguna mesa y el pasado da pocos motivos para pensar que vaya a ser as\u00ed. Solo con que se permita a las ni\u00f1as estudiar y a las adultas trabajar ya supondr\u00e1 un cambio respecto al periodo talib\u00e1n anterior.<\/p>\n<\/div>\n<div dir=\"ltr\" class=\"bbc-19j92fr e57qer20\" readability=\"11\">\n<p dir=\"ltr\" class=\"bbc-bm53ic e1cc2ql70\">Pero, <b>p<\/b><b>ese a las escenas de caos <\/b><b>de<\/b><b> la retirada<\/b><b>,<\/b><b>los<\/b><b> 20 a\u00f1os de intervenci\u00f3n liderada por Estados Unidos podr\u00eda<\/b><b>n haber inducido cambios duraderos en el pa\u00eds<\/b> con los que el nuevo poder talib\u00e1n tendr\u00e1 que lidiar.<\/p>\n<\/div>\n<div dir=\"ltr\" class=\"bbc-19j92fr e57qer20\" readability=\"13\">\n<p dir=\"ltr\" class=\"bbc-bm53ic e1cc2ql70\">\u00abAhora hay una poblaci\u00f3n formada, sobre todo en las ciudades, que tiene acceso a las redes y se ha acostumbrado a votar, por lo que quiz\u00e1 los talibanes no puedan imponer un r\u00e9gimen tan cerrado como el los 90\u00bb, advierte Guirado. <\/p>\n<\/div>\n<div dir=\"ltr\" class=\"bbc-19j92fr e57qer20\" readability=\"9\">\n<p dir=\"ltr\" class=\"bbc-bm53ic e1cc2ql70\">De hecho, ya se han visto algunas movilizaciones urbanas que indican que ahora hay una sociedad distinta. <\/p>\n<\/div>\n<div dir=\"ltr\" class=\"bbc-19j92fr e57qer20\" readability=\"10\">\n<p dir=\"ltr\" class=\"bbc-bm53ic e1cc2ql70\">Si los talibanes vuelven al machismo y la brutalidad integrista que horrorizaron al mundo antes de 2001 ser\u00e1 dif\u00edcil que obtengan el reconocimiento internacional que parecen estar buscando, y eso tendr\u00eda consecuencias diplom\u00e1ticas y econ\u00f3micas para su r\u00e9gimen.<\/p>\n<\/div>\n<div dir=\"ltr\" class=\"bbc-19j92fr e57qer20\" readability=\"9\">\n<p dir=\"ltr\" class=\"bbc-bm53ic e1cc2ql70\">\u00abLa pregunta es <b>si los talibanes han aprendido la lecci\u00f3n<\/b> de que para gobernar el pa\u00eds tienen que reconciliarse con sus enemigos\u00bb, se\u00f1ala Barfield. <\/p>\n<\/div>\n<div dir=\"ltr\" class=\"bbc-19j92fr e57qer20\" readability=\"13\">\n<p dir=\"ltr\" class=\"bbc-bm53ic e1cc2ql70\">Las noticias de disparos contra manifestantes, y persecuci\u00f3n y amenazas contra los colaboradores del antiguo gobierno afgano no invitan al optimismo, pero esa respuesta, como la de la identidad del nuevo emir, solo la dar\u00e1 el tiempo. <\/p>\n<\/div>\n<div dir=\"ltr\" class=\"bbc-1ka88fa e57qer20\">\n<figure class=\"bbc-1qdcvv9 e6bmn90\">\n<div dir=\"ltr\" class=\"bbc-172p16q e57qer20\">\n<div dir=\"ltr\" class=\"bbc-189y18v e57qer20\">\n<div data-e2e=\"image-placeholder\" class=\"bbc-367mqz e1whu0\"><noscript><img loading=\"lazy\" srcset=\"http:\/\/nuevacordoba.net\/wp-content\/uploads\/2021\/08\/que-significa-que-el-taliban-defina-a-afganistan-como-un-emirato-islamico-25.jpg 240w, http:\/\/nuevacordoba.net\/wp-content\/uploads\/2021\/08\/que-significa-que-el-taliban-defina-a-afganistan-como-un-emirato-islamico-26.jpg 320w, http:\/\/nuevacordoba.net\/wp-content\/uploads\/2021\/08\/que-significa-que-el-taliban-defina-a-afganistan-como-un-emirato-islamico-27.jpg 464w\" alt=\"l\u00ednea\" src=\"http:\/\/nuevacordoba.net\/wp-content\/uploads\/2021\/08\/que-significa-que-el-taliban-defina-a-afganistan-como-un-emirato-islamico-4.jpg\" width=\"464\" height=\"2\" class=\"eehpdyc0 bbc-oabvne e1enwo3v0\"><\/noscript><\/div>\n<\/div>\n<\/div>\n<\/figure>\n<\/div>\n<div dir=\"ltr\" class=\"bbc-19j92fr e57qer20\" readability=\"8\">\n<p dir=\"ltr\" class=\"bbc-bm53ic e1cc2ql70\"><i class=\"bbc-h1y5j7 ewc4zcb0\">Ahora puedes recibir notificaciones de BBC News Mundo. Descarga nuestra app y act\u00edvalas para no perderte nuestro mejor contenido.<\/i><\/p>\n<\/div>\n","protected":false},"excerpt":{"rendered":"<p>Guillermo D. Olmo @BBCgolmo BBC News Mundo 4 horas Fuente de la imagen, Getty Images Pie de foto, Los talibanes izaron su propia bandera en los edificios oficiales del pa\u00eds. Afganist\u00e1n cambi\u00f3 radicalmente en solo unos d\u00edas. Aunque a\u00fan son muchas las inc\u00f3gnitas sobre el r\u00e9gimen que quieren implantar los talibanes ahora que han recuperado [&hellip;]<\/p>\n","protected":false},"author":1,"featured_media":8958,"comment_status":"closed","ping_status":"closed","sticky":false,"template":"","format":"standard","meta":[],"categories":[13],"tags":[],"_links":{"self":[{"href":"http:\/\/nuevacordoba.net\/index.php\/wp-json\/wp\/v2\/posts\/8957"}],"collection":[{"href":"http:\/\/nuevacordoba.net\/index.php\/wp-json\/wp\/v2\/posts"}],"about":[{"href":"http:\/\/nuevacordoba.net\/index.php\/wp-json\/wp\/v2\/types\/post"}],"author":[{"embeddable":true,"href":"http:\/\/nuevacordoba.net\/index.php\/wp-json\/wp\/v2\/users\/1"}],"replies":[{"embeddable":true,"href":"http:\/\/nuevacordoba.net\/index.php\/wp-json\/wp\/v2\/comments?post=8957"}],"version-history":[{"count":0,"href":"http:\/\/nuevacordoba.net\/index.php\/wp-json\/wp\/v2\/posts\/8957\/revisions"}],"wp:featuredmedia":[{"embeddable":true,"href":"http:\/\/nuevacordoba.net\/index.php\/wp-json\/wp\/v2\/media\/8958"}],"wp:attachment":[{"href":"http:\/\/nuevacordoba.net\/index.php\/wp-json\/wp\/v2\/media?parent=8957"}],"wp:term":[{"taxonomy":"category","embeddable":true,"href":"http:\/\/nuevacordoba.net\/index.php\/wp-json\/wp\/v2\/categories?post=8957"},{"taxonomy":"post_tag","embeddable":true,"href":"http:\/\/nuevacordoba.net\/index.php\/wp-json\/wp\/v2\/tags?post=8957"}],"curies":[{"name":"wp","href":"https:\/\/api.w.org\/{rel}","templated":true}]}}