{"id":8971,"date":"2021-08-28T23:08:15","date_gmt":"2021-08-28T23:08:15","guid":{"rendered":"http:\/\/nuevacordoba.net\/index.php\/2021\/08\/28\/norman-reedus-y-la-vuelta-de-the-walking-dead-nunca-pense-que-iba-a-durar-tanto-en-el-programa\/"},"modified":"2021-08-28T23:08:15","modified_gmt":"2021-08-28T23:08:15","slug":"norman-reedus-y-la-vuelta-de-the-walking-dead-nunca-pense-que-iba-a-durar-tanto-en-el-programa","status":"publish","type":"post","link":"http:\/\/nuevacordoba.net\/index.php\/2021\/08\/28\/norman-reedus-y-la-vuelta-de-the-walking-dead-nunca-pense-que-iba-a-durar-tanto-en-el-programa\/","title":{"rendered":"Norman Reedus y la vuelta de \u00abThe Walking Dead\u00bb: \u00abNunca pens\u00e9 que iba a durar tanto en el programa\u00bb"},"content":{"rendered":"<div class=\"image\" id=\"image\" readability=\"10\"> <img src=\"http:\/\/nuevacordoba.net\/wp-content\/uploads\/2021\/08\/norman-reedus-y-la-vuelta-de-the-walking-dead-nunca-pense-que-iba-a-durar-tanto-en-el-programa.jpg\" alt=\"&quot;Audicion\u00e9 para otro personaje, y aunque el papel fue para otro actor pero se ve que les gust\u00e9 porque crearon un rol para m\u00ed&quot;, cont\u00f3 Norman Reedus. \" title=\"&quot;Audicion\u00e9 para otro personaje, y aunque el papel fue para otro actor pero se ve que les gust\u00e9 porque crearon un rol para m\u00ed&quot;, cont\u00f3 Norman Reedus. \"><\/p>\n<p>\u00abAudicion\u00e9 para otro personaje, y aunque el papel fue para otro actor pero se ve que les gust\u00e9 porque crearon un rol para m\u00ed\u00bb, cont\u00f3 Norman Reedus. <\/p>\n<\/div>\n<p>El actor estadounidense Norman Reedus hizo un balance de los 11 a\u00f1os que lleva como el hosco Daryl Dixon en \u00abThe Walking Dead\u00bb y, de cara al estreno de la und\u00e9cima y \u00faltima temporada de la serie el pr\u00f3ximo martes en la plataforma Star+, confes\u00f3 que nunca pens\u00f3 \u00abque iba a durar tanto\u00bb cuando consigui\u00f3 el papel all\u00e1 por 2010.<\/p>\n<p>\u00abAudicion\u00e9 para otro personaje, y aunque el papel fue para otro actor se ve que les gust\u00e9 porque crearon un rol para m\u00ed, que como no estaba en los c\u00f3mics pens\u00e9 que iba a estar solo por un par de episodios\u00bb, record\u00f3 Reedus en conversaci\u00f3n con T\u00e9lam.<\/p>\n<p>Y no le falta raz\u00f3n: para aquellos que estaban familiarizados con el popular c\u00f3mic creado por Robert Kirkman sobre un grupo de sobrevivientes en un apocalipsis zombie, Daryl no pod\u00eda ser m\u00e1s que un relleno; uno de esos personajes cuya muerte a manos de los muertos vivientes no duele a nadie.<\/p>\n<div class=\"image\" id=\"image\" readability=\"10\"> <img src=\"http:\/\/nuevacordoba.net\/wp-content\/uploads\/2021\/08\/norman-reedus-y-la-vuelta-de-the-walking-dead-nunca-pense-que-iba-a-durar-tanto-en-el-programa-1.jpg\" alt=\"&quot;Su personalidad, sus virtudes para desenvolverse en el fin del mundo y un pasado traum\u00e1tico hicieron que el p\u00fablico empatizara con \u00e9l&quot;, dijo Reedus.\" title=\"&quot;Su personalidad, sus virtudes para desenvolverse en el fin del mundo y un pasado traum\u00e1tico hicieron que el p\u00fablico empatizara con \u00e9l&quot;, dijo Reedus.\"><\/p>\n<p>\u00abSu personalidad, sus virtudes para desenvolverse en el fin del mundo y un pasado traum\u00e1tico hicieron que el p\u00fablico empatizara con \u00e9l\u00bb, dijo Reedus.<\/p>\n<\/div>\n<p>Sin embargo, los creadores del programa apostaron por \u00e9l y no fallaron. Su personalidad parca, sus virtudes para desenvolverse en el fin del mundo y un pasado traum\u00e1tico hicieron que el p\u00fablico empatizara con \u00e9l y se convirtiera en uno de los favoritos.<\/p>\n<p>Del elenco original, solamente Daryl y Carol, interpretada por Melissa McBride, siguen ah\u00ed todav\u00eda, y ya anunci\u00f3 que su camino continuar\u00e1 m\u00e1s all\u00e1 de los 24 cap\u00edtulos de la temporada 11 con un spin-off, que Reedus adelant\u00f3 \u00abser\u00e1 completamente diferente\u00bb a \u00abThe Walking Dead\u00bb.<\/p>\n<p>Hasta entonces, sus personajes, junto con otros como la recuperada Maggie (Lauren Cohan), el villano en busca de redenci\u00f3n Negan (Jeffrey Dean Morgan) o el padre Gabriel (Seth Gilliam), se preparan para enfrentar a un nuevo grupo de sobrevivientes que amenaza su existencia.<\/p>\n<div class=\"image\" id=\"image\" readability=\"11\"> <img src=\"http:\/\/nuevacordoba.net\/wp-content\/uploads\/2021\/08\/norman-reedus-y-la-vuelta-de-the-walking-dead-nunca-pense-que-iba-a-durar-tanto-en-el-programa-2.jpg\" alt=\"Del elenco original, solamente Daryl y Carol, interpretada por Melissa McBride, siguen ah\u00ed todav\u00eda.\" title=\"Del elenco original, solamente Daryl y Carol, interpretada por Melissa McBride, siguen ah\u00ed todav\u00eda.\"><\/p>\n<p>Del elenco original, solamente Daryl y Carol, interpretada por Melissa McBride, siguen ah\u00ed todav\u00eda.<\/p>\n<\/div>\n<p>Con las comunidades de Alexandria y Hilltop destrozadas como consecuencia de la guerra contra los Susurradores, ahora Daryl y los suyos ir\u00e1n en una nueva misi\u00f3n para asegurar las necesidades m\u00e1s b\u00e1sicas de comida y refugio, y encontrar\u00e1n nuevos peligros en las rutas.<\/p>\n<p>En tanto, Eugene (Josh McDermitt), Yumiko (Eleanor Matsuura), Ezekiel (Khary Payton) y su nueva amiga Princess (Paola L\u00e1zaro), todav\u00eda est\u00e1n cautivos por los miembros de una misteriosa comunidad mucho m\u00e1s grande: la Commonwealth, que se presume ser\u00e1 la punta del ovillo para, poco a poco, comenzar a atar la trama de la serie con sus dos spin-offs, \u00abFear the Walking Dead\u00bb y \u00abThe Walking Dead: World Beyond\u00bb.<\/p>\n<p>El estreno de la serie es uno de los grandes atractivos de Star+, la plataforma de streaming para el p\u00fablico adulto que Disney lanzar\u00e1 el martes, y all\u00ed podr\u00e1n encontrarse todos los domingos los cap\u00edtulos estreno, as\u00ed como las 10 primeras temporadas completas.<\/p>\n<p>Entrevista con Norman Reedus<\/p>\n<p><strong>T\u00e9lam<\/strong>: <strong>\u00bfQu\u00e9 le espera a Daryl y al grupo en este comienzo del final de la serie?<\/strong><\/p>\n<p><strong>Norman Reedus<\/strong>: Esta temporada comienza en una misi\u00f3n para la supervivencia de nuestro grupo y b\u00e1sicamente estamos siendo cazados. Y eso resulta en una separaci\u00f3n, lo que deriva en otra misi\u00f3n, y luego en otra m\u00e1s importante.<\/p>\n<p>Hacia la mitad de la temporada es como Alicia cayendo al agujero del conejo hacia el Pa\u00eds de las Maravillas; como si nos despert\u00e1ramos y estuvi\u00e9ramos en algo totalmente nuevo, mucho m\u00e1s grande y diferente.<\/p>\n<p><strong>T<\/strong>: <strong>\u00abThe Walking Dead\u00bb es una serie de fantas\u00eda, pero muchos de sus temas son reales. \u00bfEso es lo que la ha hecho funcionar durante tanto tiempo?<\/strong><\/p>\n<p><strong>NR<\/strong>: Creo que lo que llev\u00f3 a esta serie a ser algo tan grande es la relaci\u00f3n entre los personajes. Son personajes que en otras circunstancias nunca hubieran pasado el tiempo juntos, pero por el estado de su mundo se ven forzados a trabajar unos con los otros, a escucharse, a colaborar como equipo para resolver problemas. Creo que eso es muy relevante para la realidad de hoy, que estamos en una crisis clim\u00e1tica y todos tienen que trabajar juntos para ayudar a arreglarla. Cada generaci\u00f3n est\u00e1 frente a una situaci\u00f3n as\u00ed y ser\u00eda mucho m\u00e1s f\u00e1cil si todos trabajaran juntos en vez de pelear dentro de una misma comunidad.<\/p>\n<div class=\"image\" id=\"image\" readability=\"7\"> <img src=\"http:\/\/nuevacordoba.net\/wp-content\/uploads\/2021\/08\/norman-reedus-y-la-vuelta-de-the-walking-dead-nunca-pense-que-iba-a-durar-tanto-en-el-programa-3.jpg\" alt=\"El estreno de la serie es uno de los grandes atractivos de Star+.\" title=\"El estreno de la serie es uno de los grandes atractivos de Star+.\"><\/p>\n<p>El estreno de la serie es uno de los grandes atractivos de Star+.<\/p>\n<\/div>\n<p><strong>T: \u00bfC\u00f3mo fue el regreso a los rodajes con protocolos?<\/strong><\/p>\n<p><strong>NR<\/strong>: Nos llev\u00f3 un poco de tiempo recuperar nuestro ritmo. Despu\u00e9s del comienzo de la pandemia volvimos e hicimos esos seis episodios peque\u00f1os extra, en los que b\u00e1sicamente hab\u00eda dos personas hablando entre s\u00ed, o si mat\u00e1bamos a un zombie era desde lejos. Y las tramas estaban m\u00e1s condensadas por todos estos impedimentos. Para m\u00ed, eso no se sent\u00eda como nuestro show.<\/p>\n<p>Cuando volvimos para la nueva temporada est\u00e1bamos un poco m\u00e1s en sincron\u00eda con nosotros mismos otra vez. Los equipos de trabajo se agrandaron de nuevo, los sets fueron gigantes de nuevo. Ahora estamos con los decorados m\u00e1s grandes que hayamos tenido. Me alegra haber vuelto a lo grande; los episodios m\u00e1s contenidos fueron un poco dif\u00edciles para m\u00ed.<\/p>\n<blockquote readability=\"8\">\n<p>\u00abCreo que Norman, tal como Daryl, ha crecido gradualmente durante los \u00faltimos 10 a\u00f1os. Es un honor ser un personaje al que se lo ve crecer y envejecer en tiempo real en la pantalla\u00bb<span class=\"comilla\">\u201d<\/span><\/p>\n<p><span>Norman Reedus<\/span><\/p>\n<\/blockquote>\n<p><strong>T<\/strong>: <strong>Despu\u00e9s de tanto tiempo, \u00bfsigue siendo un desaf\u00edo interpretar a Daryl?<\/strong><\/p>\n<p><strong>NR<\/strong>: Hay desaf\u00edos todo el tiempo. Si esto fuera una pel\u00edcula, algo disparar\u00eda el relato para Daryl, y en el camino se convertir\u00eda en un asesino o un h\u00e9roe. Pero en m\u00e1s de 10 a\u00f1os en la televisi\u00f3n los cambios son m\u00e1s graduales. En una l\u00ednea de tiempo desde la primera temporada son tantas las cosas que le pasaron\u2026 Es una evoluci\u00f3n gradual, pero \u00e9l siempre hace cosas por el bien de otros. Cuando termine este programa, me gustar\u00eda que haga algo por s\u00ed mismo.<\/p>\n<p>Creo que Norman, tal como Daryl, ha crecido gradualmente durante los \u00faltimos 10 a\u00f1os. Es un honor ser un personaje al que se lo ve crecer y envejecer en tiempo real en la pantalla. Toda su gestualidad de a poco va cambiando, su aspecto, su actitud. Ha sido un gran placer, no mucha gente tiene la posibilidad de hacer algo as\u00ed.<\/p>\n<p><strong>T<\/strong>: Este es un programa que ha \u00abmatado\u00bb a muchos de sus personajes estelares. \u00bfSiguen estando ansiosos con la llegada de cada nuevo guion por saber si sobreviven un cap\u00edtulo m\u00e1s?<\/p>\n<p><strong>NR<\/strong>: Sobre todo en las primeras temporadas, que perd\u00edamos personajes todo el tiempo, cada semana mataban a alguno, todos le\u00edamos los guiones a toda velocidad apenas los recib\u00edamos para saber si sobreviv\u00edamos. Para ser honesto, nunca pens\u00e9 que iba a durar tanto en este programa. <\/p>\n","protected":false},"excerpt":{"rendered":"<p>\u00abAudicion\u00e9 para otro personaje, y aunque el papel fue para otro actor pero se ve que les gust\u00e9 porque crearon un rol para m\u00ed\u00bb, cont\u00f3 Norman Reedus. El actor estadounidense Norman Reedus hizo un balance de los 11 a\u00f1os que lleva como el hosco Daryl Dixon en \u00abThe Walking Dead\u00bb y, de cara al estreno [&hellip;]<\/p>\n","protected":false},"author":1,"featured_media":8972,"comment_status":"closed","ping_status":"closed","sticky":false,"template":"","format":"standard","meta":[],"categories":[9],"tags":[],"_links":{"self":[{"href":"http:\/\/nuevacordoba.net\/index.php\/wp-json\/wp\/v2\/posts\/8971"}],"collection":[{"href":"http:\/\/nuevacordoba.net\/index.php\/wp-json\/wp\/v2\/posts"}],"about":[{"href":"http:\/\/nuevacordoba.net\/index.php\/wp-json\/wp\/v2\/types\/post"}],"author":[{"embeddable":true,"href":"http:\/\/nuevacordoba.net\/index.php\/wp-json\/wp\/v2\/users\/1"}],"replies":[{"embeddable":true,"href":"http:\/\/nuevacordoba.net\/index.php\/wp-json\/wp\/v2\/comments?post=8971"}],"version-history":[{"count":0,"href":"http:\/\/nuevacordoba.net\/index.php\/wp-json\/wp\/v2\/posts\/8971\/revisions"}],"wp:featuredmedia":[{"embeddable":true,"href":"http:\/\/nuevacordoba.net\/index.php\/wp-json\/wp\/v2\/media\/8972"}],"wp:attachment":[{"href":"http:\/\/nuevacordoba.net\/index.php\/wp-json\/wp\/v2\/media?parent=8971"}],"wp:term":[{"taxonomy":"category","embeddable":true,"href":"http:\/\/nuevacordoba.net\/index.php\/wp-json\/wp\/v2\/categories?post=8971"},{"taxonomy":"post_tag","embeddable":true,"href":"http:\/\/nuevacordoba.net\/index.php\/wp-json\/wp\/v2\/tags?post=8971"}],"curies":[{"name":"wp","href":"https:\/\/api.w.org\/{rel}","templated":true}]}}