{"id":899,"date":"2021-02-11T19:05:28","date_gmt":"2021-02-11T19:05:28","guid":{"rendered":"https:\/\/puntoapunto.com.ar\/?p=273013"},"modified":"2021-02-11T19:05:28","modified_gmt":"2021-02-11T19:05:28","slug":"hood-celebra-su-primer-aniversario","status":"publish","type":"post","link":"http:\/\/nuevacordoba.net\/index.php\/2021\/02\/11\/hood-celebra-su-primer-aniversario\/","title":{"rendered":"Hood celebra su primer aniversario"},"content":{"rendered":"<p><!-- image --><\/p>\n<div class=\"td-post-featured-image\"><a href=\"http:\/\/nuevacordoba.net\/wp-content\/uploads\/2021\/02\/hood-celebra-su-primer-aniversario-5.jpg\" data-caption><img loading=\"lazy\" width=\"696\" height=\"464\" class=\"entry-thumb td-modal-image\" src=\"http:\/\/nuevacordoba.net\/wp-content\/uploads\/2021\/02\/hood-celebra-su-primer-aniversario.jpg\" srcset=\"http:\/\/nuevacordoba.net\/wp-content\/uploads\/2021\/02\/hood-celebra-su-primer-aniversario.jpg 696w, http:\/\/nuevacordoba.net\/wp-content\/uploads\/2021\/02\/hood-celebra-su-primer-aniversario-1.jpg 300w, http:\/\/nuevacordoba.net\/wp-content\/uploads\/2021\/02\/hood-celebra-su-primer-aniversario-2.jpg 768w, http:\/\/nuevacordoba.net\/wp-content\/uploads\/2021\/02\/hood-celebra-su-primer-aniversario-3.jpg 150w, http:\/\/nuevacordoba.net\/wp-content\/uploads\/2021\/02\/hood-celebra-su-primer-aniversario-4.jpg 630w, http:\/\/nuevacordoba.net\/wp-content\/uploads\/2021\/02\/hood-celebra-su-primer-aniversario-5.jpg 900w\" sizes=\"(max-width: 696px) 100vw, 696px\" alt title=\"MAN_6137\"><\/a><\/div>\n<p> <!-- content --><\/p>\n<div class=\"td-a-rec td-a-rec-id-content_top tdi_63_056 td_block_template_10\">\n<div class=\"g g-34\">\n<div class=\"g-single a-210\"><!-- Error, Ad is not available at this time due to schedule\/geolocation restrictions! --><br \/>\n<br \/><a class=\"gofollow\" data-track=\"MjEwLDM0LDEsNjA=\" href=\"http:\/\/www.grupocanter.com.ar\/landing\/pap\/?utm_source=Punto%20a%20Punto&amp;utm_medium=Banner&amp;utm_campaign=Departamentos&amp;utm_term=Banner%20Pie%20de%20Nota\"><img src=\"http:\/\/nuevacordoba.net\/wp-content\/uploads\/2021\/02\/hood-celebra-su-primer-aniversario.gif\"><\/a>\n<\/div>\n<\/div>\n<\/div>\n<p>En un contexto pand\u00e9mico, el pr\u00f3ximo viernes 19 de febrero Hood Bar cumple su primer<br \/>a\u00f1o. Durante esa semana, festejar\u00e1 con DJs y artistas en vivo, degustaciones de c\u00f3cteles<br \/>exclusivos y una puesta en escena especial.<\/p>\n<p>Hood, derivado de \u201cneighborhood\u201d que significa vecindario en ingl\u00e9s, est\u00e1 en un coraz\u00f3n<br \/>de manzana en la que antes exist\u00eda un bald\u00edo. Se reconstruy\u00f3 y ambient\u00f3 como un barrio<br \/>underground, con grafitis y carteles de ne\u00f3n y se convirti\u00f3 en un lugar llamativo y s\u00faper<br \/>\u201cinstagrameable\u201d para los asistentes. La propuesta gastron\u00f3mica incluye s\u00e1ndwiches,<br \/>hamburguesas, tablas, vegan food, productos sin TACC, variedades de cervezas y<br \/>cocteler\u00eda.<\/p>\n<p>El bar tem\u00e1tico, que est\u00e1 ubicado en Rafael N\u00fa\u00f1ez 4780, abri\u00f3 sus puertas en febrero del<br \/>2020 y al mes tuvo que cerrar al p\u00fablico durante 5 meses y s\u00f3lo dedicarse al delivery y<br \/>\u201ctake away\u201d por las restricciones que se aplicaron para evitar los contagios de COVID.&nbsp; La<br \/>espera fue larga y finalmente en agosto el bar volvi\u00f3 a funcionar y desde ese entonces es<br \/>frecuentado por cientos de personas y fans del \u201cLlamarada Moe\u201d, uno de los tragos m\u00e1s pedido de la casa.<\/p>\n<p>El festejo de su primer aniversario, que se realizar\u00e1 desde el jueves 18 al domingo 21 de<br \/>este mes, contar\u00e1 con la presencia de los DJs Diego Rojas, Matias Comba, Bari Kaen y las<br \/>artistas &amp;quot;Soul Bitches&amp;quot;. Para poder asistir a alguno de los d\u00edas de la semana del aniversario de \u201cLa Vecindad\u201d se deber\u00e1 reservar previamente y respetar los protocolos sanitarios.<\/p>\n<p>No tags for this post. <\/p>\n","protected":false},"excerpt":{"rendered":"<p>En un contexto pand\u00e9mico, el pr\u00f3ximo viernes 19 de febrero Hood Bar cumple su primera\u00f1o. Durante esa semana, festejar\u00e1 con DJs y artistas en vivo, degustaciones de c\u00f3ctelesexclusivos y una puesta en escena especial. Hood, derivado de \u201cneighborhood\u201d que significa vecindario en ingl\u00e9s, est\u00e1 en un coraz\u00f3nde manzana en la que antes exist\u00eda un bald\u00edo. [&hellip;]<\/p>\n","protected":false},"author":1,"featured_media":900,"comment_status":"open","ping_status":"closed","sticky":false,"template":"","format":"standard","meta":[],"categories":[14],"tags":[],"_links":{"self":[{"href":"http:\/\/nuevacordoba.net\/index.php\/wp-json\/wp\/v2\/posts\/899"}],"collection":[{"href":"http:\/\/nuevacordoba.net\/index.php\/wp-json\/wp\/v2\/posts"}],"about":[{"href":"http:\/\/nuevacordoba.net\/index.php\/wp-json\/wp\/v2\/types\/post"}],"author":[{"embeddable":true,"href":"http:\/\/nuevacordoba.net\/index.php\/wp-json\/wp\/v2\/users\/1"}],"replies":[{"embeddable":true,"href":"http:\/\/nuevacordoba.net\/index.php\/wp-json\/wp\/v2\/comments?post=899"}],"version-history":[{"count":0,"href":"http:\/\/nuevacordoba.net\/index.php\/wp-json\/wp\/v2\/posts\/899\/revisions"}],"wp:featuredmedia":[{"embeddable":true,"href":"http:\/\/nuevacordoba.net\/index.php\/wp-json\/wp\/v2\/media\/900"}],"wp:attachment":[{"href":"http:\/\/nuevacordoba.net\/index.php\/wp-json\/wp\/v2\/media?parent=899"}],"wp:term":[{"taxonomy":"category","embeddable":true,"href":"http:\/\/nuevacordoba.net\/index.php\/wp-json\/wp\/v2\/categories?post=899"},{"taxonomy":"post_tag","embeddable":true,"href":"http:\/\/nuevacordoba.net\/index.php\/wp-json\/wp\/v2\/tags?post=899"}],"curies":[{"name":"wp","href":"https:\/\/api.w.org\/{rel}","templated":true}]}}