{"id":9001,"date":"2021-08-28T21:23:51","date_gmt":"2021-08-28T21:23:51","guid":{"rendered":"https:\/\/cordoba.gob.ar\/?p=12758"},"modified":"2021-08-28T21:23:51","modified_gmt":"2021-08-28T21:23:51","slug":"el-jardin-botanico-invita-a-celebrar-el-dia-del-arbol-con-actividades-gratuitas-para-toda-la-familia","status":"publish","type":"post","link":"http:\/\/nuevacordoba.net\/index.php\/2021\/08\/28\/el-jardin-botanico-invita-a-celebrar-el-dia-del-arbol-con-actividades-gratuitas-para-toda-la-familia\/","title":{"rendered":"El Jard\u00edn Bot\u00e1nico invita a celebrar el D\u00eda del \u00c1rbol con actividades gratuitas para toda la familia"},"content":{"rendered":"<div><img src=\"http:\/\/nuevacordoba.net\/wp-content\/uploads\/2021\/08\/el-jardin-botanico-invita-a-celebrar-el-dia-del-arbol-con-actividades-gratuitas-para-toda-la-familia.jpg\" class=\"ff-og-image-inserted\"><\/div>\n<ul>\n<li><strong>Ser\u00e1 este domingo, de 15 a 17 hs.<\/strong><\/li>\n<li><strong>Habr\u00e1 talleres de semillas, m\u00fasica en vivo con materiales reciclados, Eco-Trueque, stands con productos de la econom\u00eda circular y muchas propuestas m\u00e1s.<\/strong><\/li>\n<\/ul>\n<hr>\n<p>En el marco de la conmemoraci\u00f3n del D\u00eda del \u00c1rbol, el Jard\u00edn Bot\u00e1nico de la ciudad (Francisco Yunyent 5491) elabor\u00f3 una grilla de actividades gratuitas que promueven el cuidado del ambiente.<\/p>\n<p>La iniciativa tendr\u00e1 lugar ma\u00f1ana domingo 29, de 15 a 17 hs.<\/p>\n<p>La propuesta incluye talleres de semillas, m\u00fasica en vivo con materiales reciclados, medici\u00f3n de la huella de carbono y stands de ferias de la econom\u00eda circular.<\/p>\n<p>Adem\u00e1s, quienes asistan podr\u00e1n llevar y canjear sus residuos secos por lombrices californianas a trav\u00e9s del Eco-Trueque, una iniciativa que promueve el cuidado ambiental a trav\u00e9s del reciclado y el compostaje en los hogares.<\/p>\n<p>Cada participante de esta celebraci\u00f3n recibir\u00e1 un ejemplar de algarrobo junto con un instructivo de c\u00f3mo plantarlo y cuidarlo.<\/p>\n","protected":false},"excerpt":{"rendered":"<p>Ser\u00e1 este domingo, de 15 a 17 hs. Habr\u00e1 talleres de semillas, m\u00fasica en vivo con materiales reciclados, Eco-Trueque, stands con productos de la econom\u00eda circular y muchas propuestas m\u00e1s. En el marco de la conmemoraci\u00f3n del D\u00eda del \u00c1rbol, el Jard\u00edn Bot\u00e1nico de la ciudad (Francisco Yunyent 5491) elabor\u00f3 una grilla de actividades gratuitas [&hellip;]<\/p>\n","protected":false},"author":1,"featured_media":9002,"comment_status":"closed","ping_status":"closed","sticky":false,"template":"","format":"standard","meta":[],"categories":[14],"tags":[],"_links":{"self":[{"href":"http:\/\/nuevacordoba.net\/index.php\/wp-json\/wp\/v2\/posts\/9001"}],"collection":[{"href":"http:\/\/nuevacordoba.net\/index.php\/wp-json\/wp\/v2\/posts"}],"about":[{"href":"http:\/\/nuevacordoba.net\/index.php\/wp-json\/wp\/v2\/types\/post"}],"author":[{"embeddable":true,"href":"http:\/\/nuevacordoba.net\/index.php\/wp-json\/wp\/v2\/users\/1"}],"replies":[{"embeddable":true,"href":"http:\/\/nuevacordoba.net\/index.php\/wp-json\/wp\/v2\/comments?post=9001"}],"version-history":[{"count":0,"href":"http:\/\/nuevacordoba.net\/index.php\/wp-json\/wp\/v2\/posts\/9001\/revisions"}],"wp:featuredmedia":[{"embeddable":true,"href":"http:\/\/nuevacordoba.net\/index.php\/wp-json\/wp\/v2\/media\/9002"}],"wp:attachment":[{"href":"http:\/\/nuevacordoba.net\/index.php\/wp-json\/wp\/v2\/media?parent=9001"}],"wp:term":[{"taxonomy":"category","embeddable":true,"href":"http:\/\/nuevacordoba.net\/index.php\/wp-json\/wp\/v2\/categories?post=9001"},{"taxonomy":"post_tag","embeddable":true,"href":"http:\/\/nuevacordoba.net\/index.php\/wp-json\/wp\/v2\/tags?post=9001"}],"curies":[{"name":"wp","href":"https:\/\/api.w.org\/{rel}","templated":true}]}}