{"id":901,"date":"2021-02-12T03:31:53","date_gmt":"2021-02-12T03:31:53","guid":{"rendered":"http:\/\/estaciontrip.com.ar\/?p=5096"},"modified":"2021-02-12T03:31:53","modified_gmt":"2021-02-12T03:31:53","slug":"enamorados-del-mercado-para-celebrar-san-valentin","status":"publish","type":"post","link":"http:\/\/nuevacordoba.net\/index.php\/2021\/02\/12\/enamorados-del-mercado-para-celebrar-san-valentin\/","title":{"rendered":"Enamorados del Mercado para celebrar San Valent\u00edn"},"content":{"rendered":"<div><img src=\"http:\/\/nuevacordoba.net\/wp-content\/uploads\/2021\/02\/enamorados-del-mercado-para-celebrar-san-valentin.jpg\" class=\"ff-og-image-inserted\"><\/div>\n<p>El 12 de este mes en la ciudad de C\u00f3rdoba se realizar\u00e1 la jornada \u201cEnamorados del Mercado\u00bb con entrada libre y gratuita, anticipando la celebraci\u00f3n de San Valent\u00edn. Habr\u00e1 espect\u00e1culos en vivo, feria de emprendedoras y una jam de dibujo en la Gran Manzana. Adem\u00e1s los restaurantes ofrecer\u00e1n men\u00fas y promociones especiales.&nbsp;<\/p>\n<p>Se trata de una propuesta impulsada por la Direcci\u00f3n General de Turismo y Promoci\u00f3n<em>,<\/em> dependiente de la Secretar\u00eda de Gobierno, junto con el Mercado Norte, en la que se reeditar\u00e1 el evento realizado en febrero de 2020 con gran concurrencia de p\u00fablico. La invitaci\u00f3n se enmarca en una pol\u00edtica de promoci\u00f3n del patrimonio tangible e intangible de la ciudad, e invita a vecinos y visitantes a disfrutar del <strong>Mercado Norte<\/strong>. El espacio constituye un \u00edcono hist\u00f3rico, cultural y tur\u00edstico de la ciudad; representa un testimonio vivo de los antiguos centros de abastecimiento, y actual eslab\u00f3n clave en la cadena de valor gastron\u00f3mica de C\u00f3rdoba.&nbsp;<\/p>\n<p><strong><em>\u201cEnamorados del Mercado\u201d<\/em> <\/strong>se realizar\u00e1 este viernes, como antesala al d\u00eda de los enamorados. El <strong>Mercado Norte<\/strong> se vestir\u00e1 de fiesta para recibir a sus visitantes con actividades durante todo el d\u00eda, y una gran variedad de atractivos gastron\u00f3micos para todos los gustos. Los restaurantes servir\u00e1n men\u00fas especiales y tambi\u00e9n habr\u00e1 promociones, con el condimento destacado de que estar\u00e1n abiertos en horario nocturno.&nbsp;<\/p>\n<p>Durante el d\u00eda y por la noche habr\u00e1 m\u00fasica, danza y cocina en vivo, feria de emprendedoras, jam de dibujo y un show de improvisaci\u00f3n teatral. La entrada ser\u00e1 libre y gratuita.&nbsp;<\/p>\n<p>Toda la programaci\u00f2n seguir\u00e1 los protocolos indicados por el COE en esta coyuntura de pandemia. Adem\u00e1s, con el fin de alentar la pr\u00e1ctica de cuidados, el municipio entregar\u00e1 premios a las primeras reservas que se realicen.&nbsp;<\/p>\n<p><strong>\u201cC\u00f3rdoba Ciudad Diversa\u201d: capacitaci\u00f3n para el sector tur\u00edstico, gastron\u00f3mico y de recreaci\u00f3n&nbsp;<\/strong><\/p>\n<p>En sinton\u00eda con la agenda del D\u00eda de los Enamorados y la programaci\u00f3n prevista para este viernes, la Direcci\u00f3n General de Turismo y Promoci\u00f3n de la ciudad junto a la Direcci\u00f3n de G\u00e9nero, invitan a una jornada gratuita destinada a responsables y encargados de proyectos del sector gastron\u00f3mico, tur\u00edstico y de recreaci\u00f3n con objetivo de sensibilizar y prevenir sobre los actos de&nbsp; discriminaci\u00f3n a la comunidad LGBTIQ+.<\/p>\n<p>La cita es el viernes 12 de febrero a las 17 horas en el Mercado Norte (sobre calle Rivadavia). Ser\u00e1 gratuita, con capacidad limitada y se emitir\u00e1n certificados de participaci\u00f3n.<\/p>\n<p>La inscripci\u00f3n se realiza previamente a trav\u00e9s del siguiente formulario: <a rel=\"noreferrer noopener\" href=\"http:\/\/bit.ly\/TurismoGenero\" target=\"_blank\">http:\/\/bit.ly\/TurismoGenero<\/a><\/p>\n<p><strong>PROGRAMACI\u00d3N:&nbsp;<\/strong><\/p>\n<p>9 a 16hs. Feria de emprendedoras en el Paseo de los colores<\/p>\n<p>13 hs. <em>\u201cEnamorados de la cocina\u201d<\/em>. Cocina en vivo con Ale Tavarone y Pacorro<\/p>\n<p>11 hs. Y 17hs.<em> \u201cJAM\u2019OR\u201d. <\/em>La jam de dibujo de Lu Martinez (para mayores de 12 a\u00f1os)<\/p>\n<p>17hs. Capacitaci\u00f3n: \u201cC\u00f3rdoba ciudad diversa\u201d<\/p>\n<p>19hs. <em>\u00abLa \u00faltima primera vez\u00bb. <\/em>Improvisaci\u00f3n teatral por Mitocondrias Teatro.&nbsp;<\/p>\n<p>21:30 hs. <em>\u201cVoz al piano\u201d, <\/em>m\u00fasica con<em> <\/em>Silvia Lallana y Sebasti\u00e1n Tello<\/p>\n<p>22hs. M\u00fasica y danza de Armenia y Medio Oriente con Raffi Avakian y Carla Vagliengo.&nbsp;<\/p>\n<p>22:30hs. Misty Soul presenta <em>\u201cSingers Acoustic Version\u201d<\/em><\/p>\n<p><strong>RESTAURANTES ADHERIDOS:<\/strong><\/p>\n<p>La cocina de Fazzio<\/p>\n<p>Dir\u00e1n comida \u00e1rabe y armenia<\/p>\n<p>Resto Bar 1928<\/p>\n<p>Pretto Parrilla<\/p>\n<p>Pretto resto<\/p>\n<p>Estacion Norte<\/p>\n","protected":false},"excerpt":{"rendered":"<p>El 12 de este mes en la ciudad de C\u00f3rdoba se realizar\u00e1 la jornada \u201cEnamorados del Mercado\u00bb con entrada libre y gratuita, anticipando la celebraci\u00f3n de San Valent\u00edn. Habr\u00e1 espect\u00e1culos en vivo, feria de emprendedoras y una jam de dibujo en la Gran Manzana. Adem\u00e1s los restaurantes ofrecer\u00e1n men\u00fas y promociones especiales.&nbsp; Se trata de [&hellip;]<\/p>\n","protected":false},"author":1,"featured_media":902,"comment_status":"closed","ping_status":"closed","sticky":false,"template":"","format":"standard","meta":[],"categories":[11],"tags":[],"_links":{"self":[{"href":"http:\/\/nuevacordoba.net\/index.php\/wp-json\/wp\/v2\/posts\/901"}],"collection":[{"href":"http:\/\/nuevacordoba.net\/index.php\/wp-json\/wp\/v2\/posts"}],"about":[{"href":"http:\/\/nuevacordoba.net\/index.php\/wp-json\/wp\/v2\/types\/post"}],"author":[{"embeddable":true,"href":"http:\/\/nuevacordoba.net\/index.php\/wp-json\/wp\/v2\/users\/1"}],"replies":[{"embeddable":true,"href":"http:\/\/nuevacordoba.net\/index.php\/wp-json\/wp\/v2\/comments?post=901"}],"version-history":[{"count":0,"href":"http:\/\/nuevacordoba.net\/index.php\/wp-json\/wp\/v2\/posts\/901\/revisions"}],"wp:featuredmedia":[{"embeddable":true,"href":"http:\/\/nuevacordoba.net\/index.php\/wp-json\/wp\/v2\/media\/902"}],"wp:attachment":[{"href":"http:\/\/nuevacordoba.net\/index.php\/wp-json\/wp\/v2\/media?parent=901"}],"wp:term":[{"taxonomy":"category","embeddable":true,"href":"http:\/\/nuevacordoba.net\/index.php\/wp-json\/wp\/v2\/categories?post=901"},{"taxonomy":"post_tag","embeddable":true,"href":"http:\/\/nuevacordoba.net\/index.php\/wp-json\/wp\/v2\/tags?post=901"}],"curies":[{"name":"wp","href":"https:\/\/api.w.org\/{rel}","templated":true}]}}